{"id":35545,"date":"2025-05-13T19:09:33","date_gmt":"2025-05-13T22:09:33","guid":{"rendered":"https:\/\/www.paudalho.pe.gov.br\/portal\/?p=35545"},"modified":"2025-05-13T19:09:33","modified_gmt":"2025-05-13T22:09:33","slug":"prefeitura-do-paudalho-realiza-formacao-do-programa-crianca-alfabetizada-para-professores-da-rede-municipal","status":"publish","type":"post","link":"https:\/\/www.paudalho.pe.gov.br\/portal\/prefeitura-do-paudalho-realiza-formacao-do-programa-crianca-alfabetizada-para-professores-da-rede-municipal\/","title":{"rendered":"Prefeitura do Paudalho realiza forma\u00e7\u00e3o do Programa Crian\u00e7a Alfabetizada para professores da Rede Municipal"},"content":{"rendered":"\n<p>Nesta ter\u00e7a-feira (13), a Prefeitura do Paudalho, por meio da Secretaria de Educa\u00e7\u00e3o e Juventude, atrav\u00e9s da Ger\u00eancia de Desenvolvimento da Educa\u00e7\u00e3o (GDE), promoveu mais uma forma\u00e7\u00e3o do Programa Crian\u00e7a Alfabetizada, voltada para os professores de L\u00edngua Portuguesa dos 1\u00ba e 2\u00ba anos da Rede Municipal de Ensino.<\/p>\n\n\n\n<p>A forma\u00e7\u00e3o tem como objetivo fortalecer as pr\u00e1ticas pedag\u00f3gicas em sala de aula e garantir que as crian\u00e7as sejam alfabetizadas na idade certa, conforme preconiza o programa. Durante a forma\u00e7\u00e3o, foram abordadas estrat\u00e9gias de ensino, an\u00e1lise de resultados e troca de experi\u00eancias entre os educadores, promovendo o aprimoramento cont\u00ednuo do trabalho docente.<\/p>\n\n\n\n<p>A iniciativa integra o calend\u00e1rio de a\u00e7\u00f5es da Secretaria de Educa\u00e7\u00e3o e Juventude, que investe na qualifica\u00e7\u00e3o constante dos seus profissionais, reconhecendo que uma educa\u00e7\u00e3o de qualidade come\u00e7a com uma forma\u00e7\u00e3o s\u00f3lida para os professores.<\/p>\n\n\n\n<figure class=\"wp-block-image size-large\"><img loading=\"lazy\" decoding=\"async\" width=\"800\" height=\"450\" data-attachment-id=\"35546\" data-permalink=\"https:\/\/www.paudalho.pe.gov.br\/portal\/prefeitura-do-paudalho-realiza-formacao-do-programa-crianca-alfabetizada-para-professores-da-rede-municipal\/67d2e4ed-471c-4f1b-b955-9b7d01e95fb5\/\" data-orig-file=\"https:\/\/www.paudalho.pe.gov.br\/portal\/wp-content\/uploads\/2025\/05\/67d2e4ed-471c-4f1b-b955-9b7d01e95fb5-scaled.jpeg\" data-orig-size=\"2560,1920\" data-comments-opened=\"1\" data-image-meta=\"{&quot;aperture&quot;:&quot;0&quot;,&quot;credit&quot;:&quot;&quot;,&quot;camera&quot;:&quot;&quot;,&quot;caption&quot;:&quot;&quot;,&quot;created_timestamp&quot;:&quot;1747160827&quot;,&quot;copyright&quot;:&quot;&quot;,&quot;focal_length&quot;:&quot;0&quot;,&quot;iso&quot;:&quot;0&quot;,&quot;shutter_speed&quot;:&quot;0&quot;,&quot;title&quot;:&quot;&quot;,&quot;orientation&quot;:&quot;0&quot;}\" data-image-title=\"67d2e4ed-471c-4f1b-b955-9b7d01e95fb5\" data-image-description=\"\" data-image-caption=\"\" data-medium-file=\"https:\/\/www.paudalho.pe.gov.br\/portal\/wp-content\/uploads\/2025\/05\/67d2e4ed-471c-4f1b-b955-9b7d01e95fb5-350x230.jpeg\" data-large-file=\"https:\/\/www.paudalho.pe.gov.br\/portal\/wp-content\/uploads\/2025\/05\/67d2e4ed-471c-4f1b-b955-9b7d01e95fb5-800x450.jpeg\" src=\"https:\/\/www.paudalho.pe.gov.br\/portal\/wp-content\/uploads\/2025\/05\/67d2e4ed-471c-4f1b-b955-9b7d01e95fb5-800x450.jpeg\" alt=\"\" class=\"wp-image-35546\"\/><\/figure>\n\n\n\n<figure class=\"wp-block-image size-large\"><img loading=\"lazy\" decoding=\"async\" width=\"800\" height=\"450\" data-attachment-id=\"35547\" data-permalink=\"https:\/\/www.paudalho.pe.gov.br\/portal\/prefeitura-do-paudalho-realiza-formacao-do-programa-crianca-alfabetizada-para-professores-da-rede-municipal\/914bc37b-b3be-451e-ae36-120a408578f1\/\" data-orig-file=\"https:\/\/www.paudalho.pe.gov.br\/portal\/wp-content\/uploads\/2025\/05\/914bc37b-b3be-451e-ae36-120a408578f1-scaled.jpeg\" data-orig-size=\"2560,1920\" data-comments-opened=\"1\" data-image-meta=\"{&quot;aperture&quot;:&quot;0&quot;,&quot;credit&quot;:&quot;&quot;,&quot;camera&quot;:&quot;&quot;,&quot;caption&quot;:&quot;&quot;,&quot;created_timestamp&quot;:&quot;1747160827&quot;,&quot;copyright&quot;:&quot;&quot;,&quot;focal_length&quot;:&quot;0&quot;,&quot;iso&quot;:&quot;0&quot;,&quot;shutter_speed&quot;:&quot;0&quot;,&quot;title&quot;:&quot;&quot;,&quot;orientation&quot;:&quot;0&quot;}\" data-image-title=\"914bc37b-b3be-451e-ae36-120a408578f1\" data-image-description=\"\" data-image-caption=\"\" data-medium-file=\"https:\/\/www.paudalho.pe.gov.br\/portal\/wp-content\/uploads\/2025\/05\/914bc37b-b3be-451e-ae36-120a408578f1-350x230.jpeg\" data-large-file=\"https:\/\/www.paudalho.pe.gov.br\/portal\/wp-content\/uploads\/2025\/05\/914bc37b-b3be-451e-ae36-120a408578f1-800x450.jpeg\" src=\"https:\/\/www.paudalho.pe.gov.br\/portal\/wp-content\/uploads\/2025\/05\/914bc37b-b3be-451e-ae36-120a408578f1-800x450.jpeg\" alt=\"\" class=\"wp-image-35547\"\/><\/figure>\n\n\n\n<figure class=\"wp-block-image size-large\"><img loading=\"lazy\" decoding=\"async\" width=\"800\" height=\"450\" data-attachment-id=\"35548\" data-permalink=\"https:\/\/www.paudalho.pe.gov.br\/portal\/prefeitura-do-paudalho-realiza-formacao-do-programa-crianca-alfabetizada-para-professores-da-rede-municipal\/327e2713-37d9-4789-9036-c0723f48c77a\/\" data-orig-file=\"https:\/\/www.paudalho.pe.gov.br\/portal\/wp-content\/uploads\/2025\/05\/327e2713-37d9-4789-9036-c0723f48c77a-scaled.jpeg\" data-orig-size=\"2560,1920\" data-comments-opened=\"1\" data-image-meta=\"{&quot;aperture&quot;:&quot;0&quot;,&quot;credit&quot;:&quot;&quot;,&quot;camera&quot;:&quot;&quot;,&quot;caption&quot;:&quot;&quot;,&quot;created_timestamp&quot;:&quot;1747160830&quot;,&quot;copyright&quot;:&quot;&quot;,&quot;focal_length&quot;:&quot;0&quot;,&quot;iso&quot;:&quot;0&quot;,&quot;shutter_speed&quot;:&quot;0&quot;,&quot;title&quot;:&quot;&quot;,&quot;orientation&quot;:&quot;0&quot;}\" data-image-title=\"327e2713-37d9-4789-9036-c0723f48c77a\" data-image-description=\"\" data-image-caption=\"\" data-medium-file=\"https:\/\/www.paudalho.pe.gov.br\/portal\/wp-content\/uploads\/2025\/05\/327e2713-37d9-4789-9036-c0723f48c77a-350x230.jpeg\" data-large-file=\"https:\/\/www.paudalho.pe.gov.br\/portal\/wp-content\/uploads\/2025\/05\/327e2713-37d9-4789-9036-c0723f48c77a-800x450.jpeg\" src=\"https:\/\/www.paudalho.pe.gov.br\/portal\/wp-content\/uploads\/2025\/05\/327e2713-37d9-4789-9036-c0723f48c77a-800x450.jpeg\" alt=\"\" class=\"wp-image-35548\"\/><\/figure>\n\n\n\n<figure class=\"wp-block-image size-large\"><img loading=\"lazy\" decoding=\"async\" width=\"800\" height=\"450\" data-attachment-id=\"35549\" data-permalink=\"https:\/\/www.paudalho.pe.gov.br\/portal\/prefeitura-do-paudalho-realiza-formacao-do-programa-crianca-alfabetizada-para-professores-da-rede-municipal\/134c508e-7460-4e08-98c0-264ec30cee96\/\" data-orig-file=\"https:\/\/www.paudalho.pe.gov.br\/portal\/wp-content\/uploads\/2025\/05\/134c508e-7460-4e08-98c0-264ec30cee96-scaled.jpeg\" data-orig-size=\"2560,1920\" data-comments-opened=\"1\" data-image-meta=\"{&quot;aperture&quot;:&quot;0&quot;,&quot;credit&quot;:&quot;&quot;,&quot;camera&quot;:&quot;&quot;,&quot;caption&quot;:&quot;&quot;,&quot;created_timestamp&quot;:&quot;1747160828&quot;,&quot;copyright&quot;:&quot;&quot;,&quot;focal_length&quot;:&quot;0&quot;,&quot;iso&quot;:&quot;0&quot;,&quot;shutter_speed&quot;:&quot;0&quot;,&quot;title&quot;:&quot;&quot;,&quot;orientation&quot;:&quot;0&quot;}\" data-image-title=\"134c508e-7460-4e08-98c0-264ec30cee96\" data-image-description=\"\" data-image-caption=\"\" data-medium-file=\"https:\/\/www.paudalho.pe.gov.br\/portal\/wp-content\/uploads\/2025\/05\/134c508e-7460-4e08-98c0-264ec30cee96-350x230.jpeg\" data-large-file=\"https:\/\/www.paudalho.pe.gov.br\/portal\/wp-content\/uploads\/2025\/05\/134c508e-7460-4e08-98c0-264ec30cee96-800x450.jpeg\" src=\"https:\/\/www.paudalho.pe.gov.br\/portal\/wp-content\/uploads\/2025\/05\/134c508e-7460-4e08-98c0-264ec30cee96-800x450.jpeg\" alt=\"\" class=\"wp-image-35549\"\/><\/figure>\n","protected":false},"excerpt":{"rendered":"<p>Nesta ter\u00e7a-feira (13), a Prefeitura do Paudalho, por meio da Secretaria de Educa\u00e7\u00e3o e Juventude, atrav\u00e9s da Ger\u00eancia de Desenvolvimento da Educa\u00e7\u00e3o (GDE), promoveu mais uma forma\u00e7\u00e3o do Programa Crian\u00e7a Alfabetizada, voltada para os professores de L\u00edngua Portuguesa dos 1\u00ba e 2\u00ba anos da Rede Municipal de Ensino. A forma\u00e7\u00e3o tem como objetivo fortalecer as [&hellip;]<\/p>\n","protected":false},"author":17,"featured_media":35550,"comment_status":"open","ping_status":"open","sticky":false,"template":"","format":"standard","meta":{"_jetpack_newsletter_access":"","_jetpack_dont_email_post_to_subs":false,"_jetpack_newsletter_tier_id":0,"_jetpack_memberships_contains_paywalled_content":false,"_jetpack_memberships_contains_paid_content":false,"footnotes":""},"categories":[2,520,1],"tags":[],"class_list":["post-35545","post","type-post","status-publish","format-standard","has-post-thumbnail","hentry","category-destaque","category-educacao-2","category-noticias"],"jetpack_featured_media_url":"https:\/\/www.paudalho.pe.gov.br\/portal\/wp-content\/uploads\/2025\/05\/923b9187-2540-4b81-9777-bf1a18cf3810-scaled.jpeg","jetpack_sharing_enabled":true,"jetpack_shortlink":"https:\/\/wp.me\/p98mS2-9fj","_links":{"self":[{"href":"https:\/\/www.paudalho.pe.gov.br\/portal\/wp-json\/wp\/v2\/posts\/35545","targetHints":{"allow":["GET"]}}],"collection":[{"href":"https:\/\/www.paudalho.pe.gov.br\/portal\/wp-json\/wp\/v2\/posts"}],"about":[{"href":"https:\/\/www.paudalho.pe.gov.br\/portal\/wp-json\/wp\/v2\/types\/post"}],"author":[{"embeddable":true,"href":"https:\/\/www.paudalho.pe.gov.br\/portal\/wp-json\/wp\/v2\/users\/17"}],"replies":[{"embeddable":true,"href":"https:\/\/www.paudalho.pe.gov.br\/portal\/wp-json\/wp\/v2\/comments?post=35545"}],"version-history":[{"count":1,"href":"https:\/\/www.paudalho.pe.gov.br\/portal\/wp-json\/wp\/v2\/posts\/35545\/revisions"}],"predecessor-version":[{"id":35551,"href":"https:\/\/www.paudalho.pe.gov.br\/portal\/wp-json\/wp\/v2\/posts\/35545\/revisions\/35551"}],"wp:featuredmedia":[{"embeddable":true,"href":"https:\/\/www.paudalho.pe.gov.br\/portal\/wp-json\/wp\/v2\/media\/35550"}],"wp:attachment":[{"href":"https:\/\/www.paudalho.pe.gov.br\/portal\/wp-json\/wp\/v2\/media?parent=35545"}],"wp:term":[{"taxonomy":"category","embeddable":true,"href":"https:\/\/www.paudalho.pe.gov.br\/portal\/wp-json\/wp\/v2\/categories?post=35545"},{"taxonomy":"post_tag","embeddable":true,"href":"https:\/\/www.paudalho.pe.gov.br\/portal\/wp-json\/wp\/v2\/tags?post=35545"}],"curies":[{"name":"wp","href":"https:\/\/api.w.org\/{rel}","templated":true}]}}