{"id":35521,"date":"2025-05-09T18:03:05","date_gmt":"2025-05-09T21:03:05","guid":{"rendered":"https:\/\/www.paudalho.pe.gov.br\/portal\/?p=35521"},"modified":"2025-05-15T10:14:56","modified_gmt":"2025-05-15T13:14:56","slug":"prefeitura-de-paudalho-promove-1o-encontro-formativo-do-programa-crianca-alfabetizada-para-profissionais-da-educacao-infantil","status":"publish","type":"post","link":"https:\/\/www.paudalho.pe.gov.br\/portal\/prefeitura-de-paudalho-promove-1o-encontro-formativo-do-programa-crianca-alfabetizada-para-profissionais-da-educacao-infantil\/","title":{"rendered":"Prefeitura de Paudalho promove 1\u00ba Encontro Formativo do Programa Crian\u00e7a Alfabetizada para profissionais da Educa\u00e7\u00e3o Infantil."},"content":{"rendered":"\n<p>A Prefeitura do Paudalho, por meio da Secretaria de Educa\u00e7\u00e3o e Juventude, realizou, na \u00faltima quinta-feira (8), o 1\u00ba Encontro Formativo do Programa Crian\u00e7a Alfabetizada, voltado para professores e coordenadores das creches municipais.<\/p>\n\n\n\n<p>Com o tema \u201cCuidar e educar na creche: Construindo a identidade docente\u201d, o evento foi promovido pela Ger\u00eancia de Desenvolvimento da Educa\u00e7\u00e3o (GDE) e contou com atividades interativas voltadas \u00e0 forma\u00e7\u00e3o continuada dos profissionais da Educa\u00e7\u00e3o Infantil.<\/p>\n\n\n\n<p>A a\u00e7\u00e3o teve como objetivo fortalecer as pr\u00e1ticas pedag\u00f3gicas, promover a troca de experi\u00eancias e contribuir para a constru\u00e7\u00e3o da identidade profissional dos educadores que atuam com crian\u00e7as na primeira inf\u00e2ncia.<\/p>\n\n\n\n<figure class=\"wp-block-image size-large\"><img loading=\"lazy\" decoding=\"async\" width=\"800\" height=\"450\" data-attachment-id=\"35524\" data-permalink=\"https:\/\/www.paudalho.pe.gov.br\/portal\/prefeitura-de-paudalho-promove-1o-encontro-formativo-do-programa-crianca-alfabetizada-para-profissionais-da-educacao-infantil\/e2b07d95-c72a-4cc6-b164-850211ef80b4\/\" data-orig-file=\"https:\/\/www.paudalho.pe.gov.br\/portal\/wp-content\/uploads\/2025\/05\/e2b07d95-c72a-4cc6-b164-850211ef80b4.jpeg\" data-orig-size=\"1280,960\" data-comments-opened=\"1\" data-image-meta=\"{&quot;aperture&quot;:&quot;0&quot;,&quot;credit&quot;:&quot;&quot;,&quot;camera&quot;:&quot;&quot;,&quot;caption&quot;:&quot;&quot;,&quot;created_timestamp&quot;:&quot;1746791687&quot;,&quot;copyright&quot;:&quot;&quot;,&quot;focal_length&quot;:&quot;0&quot;,&quot;iso&quot;:&quot;0&quot;,&quot;shutter_speed&quot;:&quot;0&quot;,&quot;title&quot;:&quot;&quot;,&quot;orientation&quot;:&quot;0&quot;}\" data-image-title=\"e2b07d95-c72a-4cc6-b164-850211ef80b4\" data-image-description=\"\" data-image-caption=\"\" data-medium-file=\"https:\/\/www.paudalho.pe.gov.br\/portal\/wp-content\/uploads\/2025\/05\/e2b07d95-c72a-4cc6-b164-850211ef80b4-350x230.jpeg\" data-large-file=\"https:\/\/www.paudalho.pe.gov.br\/portal\/wp-content\/uploads\/2025\/05\/e2b07d95-c72a-4cc6-b164-850211ef80b4-800x450.jpeg\" src=\"https:\/\/www.paudalho.pe.gov.br\/portal\/wp-content\/uploads\/2025\/05\/e2b07d95-c72a-4cc6-b164-850211ef80b4-800x450.jpeg\" alt=\"\" class=\"wp-image-35524\"\/><\/figure>\n\n\n\n<figure class=\"wp-block-image size-large\"><img loading=\"lazy\" decoding=\"async\" width=\"800\" height=\"450\" data-attachment-id=\"35525\" data-permalink=\"https:\/\/www.paudalho.pe.gov.br\/portal\/prefeitura-de-paudalho-promove-1o-encontro-formativo-do-programa-crianca-alfabetizada-para-profissionais-da-educacao-infantil\/827b29ea-4f89-4522-beba-d01fb19cd4fd\/\" data-orig-file=\"https:\/\/www.paudalho.pe.gov.br\/portal\/wp-content\/uploads\/2025\/05\/827b29ea-4f89-4522-beba-d01fb19cd4fd.jpeg\" data-orig-size=\"1280,720\" data-comments-opened=\"1\" data-image-meta=\"{&quot;aperture&quot;:&quot;0&quot;,&quot;credit&quot;:&quot;&quot;,&quot;camera&quot;:&quot;&quot;,&quot;caption&quot;:&quot;&quot;,&quot;created_timestamp&quot;:&quot;1746791688&quot;,&quot;copyright&quot;:&quot;&quot;,&quot;focal_length&quot;:&quot;0&quot;,&quot;iso&quot;:&quot;0&quot;,&quot;shutter_speed&quot;:&quot;0&quot;,&quot;title&quot;:&quot;&quot;,&quot;orientation&quot;:&quot;0&quot;}\" data-image-title=\"827b29ea-4f89-4522-beba-d01fb19cd4fd\" data-image-description=\"\" data-image-caption=\"\" data-medium-file=\"https:\/\/www.paudalho.pe.gov.br\/portal\/wp-content\/uploads\/2025\/05\/827b29ea-4f89-4522-beba-d01fb19cd4fd-350x230.jpeg\" data-large-file=\"https:\/\/www.paudalho.pe.gov.br\/portal\/wp-content\/uploads\/2025\/05\/827b29ea-4f89-4522-beba-d01fb19cd4fd-800x450.jpeg\" src=\"https:\/\/www.paudalho.pe.gov.br\/portal\/wp-content\/uploads\/2025\/05\/827b29ea-4f89-4522-beba-d01fb19cd4fd-800x450.jpeg\" alt=\"\" class=\"wp-image-35525\" srcset=\"https:\/\/www.paudalho.pe.gov.br\/portal\/wp-content\/uploads\/2025\/05\/827b29ea-4f89-4522-beba-d01fb19cd4fd-800x450.jpeg 800w, https:\/\/www.paudalho.pe.gov.br\/portal\/wp-content\/uploads\/2025\/05\/827b29ea-4f89-4522-beba-d01fb19cd4fd-768x432.jpeg 768w, https:\/\/www.paudalho.pe.gov.br\/portal\/wp-content\/uploads\/2025\/05\/827b29ea-4f89-4522-beba-d01fb19cd4fd.jpeg 1280w\" sizes=\"auto, (max-width: 800px) 100vw, 800px\" \/><\/figure>\n\n\n\n<figure class=\"wp-block-image size-large\"><img loading=\"lazy\" decoding=\"async\" width=\"800\" height=\"450\" data-attachment-id=\"35526\" data-permalink=\"https:\/\/www.paudalho.pe.gov.br\/portal\/prefeitura-de-paudalho-promove-1o-encontro-formativo-do-programa-crianca-alfabetizada-para-profissionais-da-educacao-infantil\/650f85f0-e8a6-481f-b462-2979ba5d407e-2\/\" data-orig-file=\"https:\/\/www.paudalho.pe.gov.br\/portal\/wp-content\/uploads\/2025\/05\/650f85f0-e8a6-481f-b462-2979ba5d407e-1.jpeg\" data-orig-size=\"1280,720\" data-comments-opened=\"1\" data-image-meta=\"{&quot;aperture&quot;:&quot;0&quot;,&quot;credit&quot;:&quot;&quot;,&quot;camera&quot;:&quot;&quot;,&quot;caption&quot;:&quot;&quot;,&quot;created_timestamp&quot;:&quot;1746791688&quot;,&quot;copyright&quot;:&quot;&quot;,&quot;focal_length&quot;:&quot;0&quot;,&quot;iso&quot;:&quot;0&quot;,&quot;shutter_speed&quot;:&quot;0&quot;,&quot;title&quot;:&quot;&quot;,&quot;orientation&quot;:&quot;0&quot;}\" data-image-title=\"650f85f0-e8a6-481f-b462-2979ba5d407e\" data-image-description=\"\" data-image-caption=\"\" data-medium-file=\"https:\/\/www.paudalho.pe.gov.br\/portal\/wp-content\/uploads\/2025\/05\/650f85f0-e8a6-481f-b462-2979ba5d407e-1-350x230.jpeg\" data-large-file=\"https:\/\/www.paudalho.pe.gov.br\/portal\/wp-content\/uploads\/2025\/05\/650f85f0-e8a6-481f-b462-2979ba5d407e-1-800x450.jpeg\" src=\"https:\/\/www.paudalho.pe.gov.br\/portal\/wp-content\/uploads\/2025\/05\/650f85f0-e8a6-481f-b462-2979ba5d407e-1-800x450.jpeg\" alt=\"\" class=\"wp-image-35526\" srcset=\"https:\/\/www.paudalho.pe.gov.br\/portal\/wp-content\/uploads\/2025\/05\/650f85f0-e8a6-481f-b462-2979ba5d407e-1-800x450.jpeg 800w, https:\/\/www.paudalho.pe.gov.br\/portal\/wp-content\/uploads\/2025\/05\/650f85f0-e8a6-481f-b462-2979ba5d407e-1-768x432.jpeg 768w, https:\/\/www.paudalho.pe.gov.br\/portal\/wp-content\/uploads\/2025\/05\/650f85f0-e8a6-481f-b462-2979ba5d407e-1.jpeg 1280w\" sizes=\"auto, (max-width: 800px) 100vw, 800px\" \/><\/figure>\n\n\n\n<figure class=\"wp-block-image size-large\"><img loading=\"lazy\" decoding=\"async\" width=\"800\" height=\"450\" data-attachment-id=\"35527\" data-permalink=\"https:\/\/www.paudalho.pe.gov.br\/portal\/prefeitura-de-paudalho-promove-1o-encontro-formativo-do-programa-crianca-alfabetizada-para-profissionais-da-educacao-infantil\/57d7393a-d88e-4386-921e-b0de10d34aa6\/\" data-orig-file=\"https:\/\/www.paudalho.pe.gov.br\/portal\/wp-content\/uploads\/2025\/05\/57d7393a-d88e-4386-921e-b0de10d34aa6.jpeg\" data-orig-size=\"1280,720\" data-comments-opened=\"1\" data-image-meta=\"{&quot;aperture&quot;:&quot;0&quot;,&quot;credit&quot;:&quot;&quot;,&quot;camera&quot;:&quot;&quot;,&quot;caption&quot;:&quot;&quot;,&quot;created_timestamp&quot;:&quot;1746791688&quot;,&quot;copyright&quot;:&quot;&quot;,&quot;focal_length&quot;:&quot;0&quot;,&quot;iso&quot;:&quot;0&quot;,&quot;shutter_speed&quot;:&quot;0&quot;,&quot;title&quot;:&quot;&quot;,&quot;orientation&quot;:&quot;0&quot;}\" data-image-title=\"57d7393a-d88e-4386-921e-b0de10d34aa6\" data-image-description=\"\" data-image-caption=\"\" data-medium-file=\"https:\/\/www.paudalho.pe.gov.br\/portal\/wp-content\/uploads\/2025\/05\/57d7393a-d88e-4386-921e-b0de10d34aa6-350x230.jpeg\" data-large-file=\"https:\/\/www.paudalho.pe.gov.br\/portal\/wp-content\/uploads\/2025\/05\/57d7393a-d88e-4386-921e-b0de10d34aa6-800x450.jpeg\" src=\"https:\/\/www.paudalho.pe.gov.br\/portal\/wp-content\/uploads\/2025\/05\/57d7393a-d88e-4386-921e-b0de10d34aa6-800x450.jpeg\" alt=\"\" class=\"wp-image-35527\" srcset=\"https:\/\/www.paudalho.pe.gov.br\/portal\/wp-content\/uploads\/2025\/05\/57d7393a-d88e-4386-921e-b0de10d34aa6-800x450.jpeg 800w, https:\/\/www.paudalho.pe.gov.br\/portal\/wp-content\/uploads\/2025\/05\/57d7393a-d88e-4386-921e-b0de10d34aa6-768x432.jpeg 768w, https:\/\/www.paudalho.pe.gov.br\/portal\/wp-content\/uploads\/2025\/05\/57d7393a-d88e-4386-921e-b0de10d34aa6.jpeg 1280w\" sizes=\"auto, (max-width: 800px) 100vw, 800px\" \/><\/figure>\n","protected":false},"excerpt":{"rendered":"<p>A Prefeitura do Paudalho, por meio da Secretaria de Educa\u00e7\u00e3o e Juventude, realizou, na \u00faltima quinta-feira (8), o 1\u00ba Encontro Formativo do Programa Crian\u00e7a Alfabetizada, voltado para professores e coordenadores das creches municipais. Com o tema \u201cCuidar e educar na creche: Construindo a identidade docente\u201d, o evento foi promovido pela Ger\u00eancia de Desenvolvimento da Educa\u00e7\u00e3o [&hellip;]<\/p>\n","protected":false},"author":17,"featured_media":35522,"comment_status":"open","ping_status":"open","sticky":false,"template":"","format":"standard","meta":{"_jetpack_newsletter_access":"","_jetpack_dont_email_post_to_subs":false,"_jetpack_newsletter_tier_id":0,"_jetpack_memberships_contains_paywalled_content":false,"_jetpack_memberships_contains_paid_content":false,"footnotes":""},"categories":[4,520,1],"tags":[],"class_list":["post-35521","post","type-post","status-publish","format-standard","has-post-thumbnail","hentry","category-educacao","category-educacao-2","category-noticias"],"jetpack_featured_media_url":"https:\/\/www.paudalho.pe.gov.br\/portal\/wp-content\/uploads\/2025\/05\/11079065-5dc4-4a19-8a1c-b3e5b259eb31.jpeg","jetpack_sharing_enabled":true,"jetpack_shortlink":"https:\/\/wp.me\/p98mS2-9eV","_links":{"self":[{"href":"https:\/\/www.paudalho.pe.gov.br\/portal\/wp-json\/wp\/v2\/posts\/35521","targetHints":{"allow":["GET"]}}],"collection":[{"href":"https:\/\/www.paudalho.pe.gov.br\/portal\/wp-json\/wp\/v2\/posts"}],"about":[{"href":"https:\/\/www.paudalho.pe.gov.br\/portal\/wp-json\/wp\/v2\/types\/post"}],"author":[{"embeddable":true,"href":"https:\/\/www.paudalho.pe.gov.br\/portal\/wp-json\/wp\/v2\/users\/17"}],"replies":[{"embeddable":true,"href":"https:\/\/www.paudalho.pe.gov.br\/portal\/wp-json\/wp\/v2\/comments?post=35521"}],"version-history":[{"count":1,"href":"https:\/\/www.paudalho.pe.gov.br\/portal\/wp-json\/wp\/v2\/posts\/35521\/revisions"}],"predecessor-version":[{"id":35528,"href":"https:\/\/www.paudalho.pe.gov.br\/portal\/wp-json\/wp\/v2\/posts\/35521\/revisions\/35528"}],"wp:featuredmedia":[{"embeddable":true,"href":"https:\/\/www.paudalho.pe.gov.br\/portal\/wp-json\/wp\/v2\/media\/35522"}],"wp:attachment":[{"href":"https:\/\/www.paudalho.pe.gov.br\/portal\/wp-json\/wp\/v2\/media?parent=35521"}],"wp:term":[{"taxonomy":"category","embeddable":true,"href":"https:\/\/www.paudalho.pe.gov.br\/portal\/wp-json\/wp\/v2\/categories?post=35521"},{"taxonomy":"post_tag","embeddable":true,"href":"https:\/\/www.paudalho.pe.gov.br\/portal\/wp-json\/wp\/v2\/tags?post=35521"}],"curies":[{"name":"wp","href":"https:\/\/api.w.org\/{rel}","templated":true}]}}