{"id":35488,"date":"2025-04-23T10:43:44","date_gmt":"2025-04-23T13:43:44","guid":{"rendered":"https:\/\/www.paudalho.pe.gov.br\/portal\/?p=35488"},"modified":"2025-04-23T10:43:44","modified_gmt":"2025-04-23T13:43:44","slug":"paudalho-recebe-autora-da-colecao-prosinha-em-encontro-com-professores-da-educacao-infantil","status":"publish","type":"post","link":"https:\/\/www.paudalho.pe.gov.br\/portal\/paudalho-recebe-autora-da-colecao-prosinha-em-encontro-com-professores-da-educacao-infantil\/","title":{"rendered":"Paudalho recebe autora da cole\u00e7\u00e3o Prosinha em encontro com professores da Educa\u00e7\u00e3o Infantil"},"content":{"rendered":"\n<p>A Prefeitura do Paudalho, por meio da Secretaria de Educa\u00e7\u00e3o e Juventude, realizou no dia 24 de mar\u00e7o de 2025 um encontro especial dos professores da Educa\u00e7\u00e3o Infantil com a escritora e formadora Anitta Adas, autora da cole\u00e7\u00e3o Prosinha. O evento ocorreu no Cineteatro Marco Camarotti e teve como objetivo aprofundar o entendimento sobre a utiliza\u00e7\u00e3o do material did\u00e1tico em sala de aula.<\/p>\n\n\n\n<p>A cole\u00e7\u00e3o Prosinha j\u00e1 vem sendo implementada com sucesso no munic\u00edpio, com \u00f3timos resultados no est\u00edmulo \u00e0 leitura e no avan\u00e7o do processo de alfabetiza\u00e7\u00e3o das crian\u00e7as desde os primeiros anos escolares. Com a tem\u00e1tica \u201cO livro did\u00e1tico com apoio pedag\u00f3gico na Educa\u00e7\u00e3o Infantil: intencionalidade da proposta pedag\u00f3gica da obra Prosinha\u201d, a a\u00e7\u00e3o destacou a import\u00e2ncia dos materiais did\u00e1ticos para o desenvolvimento integral das crian\u00e7as, proporcionando um momento rico de troca de experi\u00eancias, reflex\u00f5es e alinhamento pedag\u00f3gico com os educadores da cidade.<\/p>\n\n\n\n<p>A forma\u00e7\u00e3o cont\u00ednua dos profissionais e o uso de materiais pedag\u00f3gicos de qualidade s\u00e3o compromissos da gest\u00e3o municipal, que segue investindo no fortalecimento da educa\u00e7\u00e3o desde a base, com foco em resultados concretos e no desenvolvimento das nossas crian\u00e7as.<\/p>\n\n\n\n<figure class=\"wp-block-image size-large\"><img loading=\"lazy\" decoding=\"async\" width=\"800\" height=\"450\" data-attachment-id=\"35490\" data-permalink=\"https:\/\/www.paudalho.pe.gov.br\/portal\/paudalho-recebe-autora-da-colecao-prosinha-em-encontro-com-professores-da-educacao-infantil\/img_7748\/\" data-orig-file=\"https:\/\/www.paudalho.pe.gov.br\/portal\/wp-content\/uploads\/2025\/04\/IMG_7748-scaled.jpeg\" data-orig-size=\"2560,1441\" data-comments-opened=\"1\" data-image-meta=\"{&quot;aperture&quot;:&quot;1.8&quot;,&quot;credit&quot;:&quot;&quot;,&quot;camera&quot;:&quot;Galaxy S23 FE&quot;,&quot;caption&quot;:&quot;&quot;,&quot;created_timestamp&quot;:&quot;1742832979&quot;,&quot;copyright&quot;:&quot;&quot;,&quot;focal_length&quot;:&quot;5.54&quot;,&quot;iso&quot;:&quot;640&quot;,&quot;shutter_speed&quot;:&quot;0.025&quot;,&quot;title&quot;:&quot;&quot;,&quot;orientation&quot;:&quot;1&quot;}\" data-image-title=\"IMG_7748\" data-image-description=\"\" data-image-caption=\"\" data-medium-file=\"https:\/\/www.paudalho.pe.gov.br\/portal\/wp-content\/uploads\/2025\/04\/IMG_7748-350x230.jpeg\" data-large-file=\"https:\/\/www.paudalho.pe.gov.br\/portal\/wp-content\/uploads\/2025\/04\/IMG_7748-800x450.jpeg\" src=\"https:\/\/www.paudalho.pe.gov.br\/portal\/wp-content\/uploads\/2025\/04\/IMG_7748-800x450.jpeg\" alt=\"\" class=\"wp-image-35490\" srcset=\"https:\/\/www.paudalho.pe.gov.br\/portal\/wp-content\/uploads\/2025\/04\/IMG_7748-800x450.jpeg 800w, https:\/\/www.paudalho.pe.gov.br\/portal\/wp-content\/uploads\/2025\/04\/IMG_7748-768x432.jpeg 768w, https:\/\/www.paudalho.pe.gov.br\/portal\/wp-content\/uploads\/2025\/04\/IMG_7748-1536x865.jpeg 1536w, https:\/\/www.paudalho.pe.gov.br\/portal\/wp-content\/uploads\/2025\/04\/IMG_7748-2048x1153.jpeg 2048w\" sizes=\"auto, (max-width: 800px) 100vw, 800px\" \/><\/figure>\n\n\n\n<figure class=\"wp-block-image size-large\"><img loading=\"lazy\" decoding=\"async\" width=\"800\" height=\"450\" data-attachment-id=\"35489\" data-permalink=\"https:\/\/www.paudalho.pe.gov.br\/portal\/paudalho-recebe-autora-da-colecao-prosinha-em-encontro-com-professores-da-educacao-infantil\/img_7750\/\" data-orig-file=\"https:\/\/www.paudalho.pe.gov.br\/portal\/wp-content\/uploads\/2025\/04\/IMG_7750-scaled.jpeg\" data-orig-size=\"2560,1441\" data-comments-opened=\"1\" data-image-meta=\"{&quot;aperture&quot;:&quot;1.8&quot;,&quot;credit&quot;:&quot;&quot;,&quot;camera&quot;:&quot;Galaxy S23 FE&quot;,&quot;caption&quot;:&quot;&quot;,&quot;created_timestamp&quot;:&quot;1742833064&quot;,&quot;copyright&quot;:&quot;&quot;,&quot;focal_length&quot;:&quot;5.54&quot;,&quot;iso&quot;:&quot;500&quot;,&quot;shutter_speed&quot;:&quot;0.041666666666667&quot;,&quot;title&quot;:&quot;&quot;,&quot;orientation&quot;:&quot;1&quot;}\" data-image-title=\"IMG_7750\" data-image-description=\"\" data-image-caption=\"\" data-medium-file=\"https:\/\/www.paudalho.pe.gov.br\/portal\/wp-content\/uploads\/2025\/04\/IMG_7750-350x230.jpeg\" data-large-file=\"https:\/\/www.paudalho.pe.gov.br\/portal\/wp-content\/uploads\/2025\/04\/IMG_7750-800x450.jpeg\" src=\"https:\/\/www.paudalho.pe.gov.br\/portal\/wp-content\/uploads\/2025\/04\/IMG_7750-800x450.jpeg\" alt=\"\" class=\"wp-image-35489\" srcset=\"https:\/\/www.paudalho.pe.gov.br\/portal\/wp-content\/uploads\/2025\/04\/IMG_7750-800x450.jpeg 800w, https:\/\/www.paudalho.pe.gov.br\/portal\/wp-content\/uploads\/2025\/04\/IMG_7750-768x432.jpeg 768w, https:\/\/www.paudalho.pe.gov.br\/portal\/wp-content\/uploads\/2025\/04\/IMG_7750-1536x865.jpeg 1536w, https:\/\/www.paudalho.pe.gov.br\/portal\/wp-content\/uploads\/2025\/04\/IMG_7750-2048x1153.jpeg 2048w\" sizes=\"auto, (max-width: 800px) 100vw, 800px\" \/><\/figure>\n\n\n\n<figure class=\"wp-block-image size-large\"><img loading=\"lazy\" decoding=\"async\" width=\"800\" height=\"450\" data-attachment-id=\"35491\" data-permalink=\"https:\/\/www.paudalho.pe.gov.br\/portal\/paudalho-recebe-autora-da-colecao-prosinha-em-encontro-com-professores-da-educacao-infantil\/img_7749\/\" data-orig-file=\"https:\/\/www.paudalho.pe.gov.br\/portal\/wp-content\/uploads\/2025\/04\/IMG_7749-scaled.jpeg\" data-orig-size=\"2560,1441\" data-comments-opened=\"1\" data-image-meta=\"{&quot;aperture&quot;:&quot;2.2&quot;,&quot;credit&quot;:&quot;&quot;,&quot;camera&quot;:&quot;Galaxy S23 FE&quot;,&quot;caption&quot;:&quot;&quot;,&quot;created_timestamp&quot;:&quot;1742833076&quot;,&quot;copyright&quot;:&quot;&quot;,&quot;focal_length&quot;:&quot;1.74&quot;,&quot;iso&quot;:&quot;800&quot;,&quot;shutter_speed&quot;:&quot;0.041666666666667&quot;,&quot;title&quot;:&quot;&quot;,&quot;orientation&quot;:&quot;1&quot;}\" data-image-title=\"IMG_7749\" data-image-description=\"\" data-image-caption=\"\" data-medium-file=\"https:\/\/www.paudalho.pe.gov.br\/portal\/wp-content\/uploads\/2025\/04\/IMG_7749-350x230.jpeg\" data-large-file=\"https:\/\/www.paudalho.pe.gov.br\/portal\/wp-content\/uploads\/2025\/04\/IMG_7749-800x450.jpeg\" src=\"https:\/\/www.paudalho.pe.gov.br\/portal\/wp-content\/uploads\/2025\/04\/IMG_7749-800x450.jpeg\" alt=\"\" class=\"wp-image-35491\" srcset=\"https:\/\/www.paudalho.pe.gov.br\/portal\/wp-content\/uploads\/2025\/04\/IMG_7749-800x450.jpeg 800w, https:\/\/www.paudalho.pe.gov.br\/portal\/wp-content\/uploads\/2025\/04\/IMG_7749-768x432.jpeg 768w, https:\/\/www.paudalho.pe.gov.br\/portal\/wp-content\/uploads\/2025\/04\/IMG_7749-1536x865.jpeg 1536w, https:\/\/www.paudalho.pe.gov.br\/portal\/wp-content\/uploads\/2025\/04\/IMG_7749-2048x1153.jpeg 2048w\" sizes=\"auto, (max-width: 800px) 100vw, 800px\" \/><\/figure>\n","protected":false},"excerpt":{"rendered":"<p>A Prefeitura do Paudalho, por meio da Secretaria de Educa\u00e7\u00e3o e Juventude, realizou no dia 24 de mar\u00e7o de 2025 um encontro especial dos professores da Educa\u00e7\u00e3o Infantil com a escritora e formadora Anitta Adas, autora da cole\u00e7\u00e3o Prosinha. O evento ocorreu no Cineteatro Marco Camarotti e teve como objetivo aprofundar o entendimento sobre a [&hellip;]<\/p>\n","protected":false},"author":17,"featured_media":35490,"comment_status":"open","ping_status":"open","sticky":false,"template":"","format":"standard","meta":{"_jetpack_newsletter_access":"","_jetpack_dont_email_post_to_subs":false,"_jetpack_newsletter_tier_id":0,"_jetpack_memberships_contains_paywalled_content":false,"_jetpack_memberships_contains_paid_content":false,"footnotes":""},"categories":[2,520],"tags":[],"class_list":["post-35488","post","type-post","status-publish","format-standard","has-post-thumbnail","hentry","category-destaque","category-educacao-2"],"jetpack_featured_media_url":"https:\/\/www.paudalho.pe.gov.br\/portal\/wp-content\/uploads\/2025\/04\/IMG_7748-scaled.jpeg","jetpack_sharing_enabled":true,"jetpack_shortlink":"https:\/\/wp.me\/p98mS2-9eo","_links":{"self":[{"href":"https:\/\/www.paudalho.pe.gov.br\/portal\/wp-json\/wp\/v2\/posts\/35488","targetHints":{"allow":["GET"]}}],"collection":[{"href":"https:\/\/www.paudalho.pe.gov.br\/portal\/wp-json\/wp\/v2\/posts"}],"about":[{"href":"https:\/\/www.paudalho.pe.gov.br\/portal\/wp-json\/wp\/v2\/types\/post"}],"author":[{"embeddable":true,"href":"https:\/\/www.paudalho.pe.gov.br\/portal\/wp-json\/wp\/v2\/users\/17"}],"replies":[{"embeddable":true,"href":"https:\/\/www.paudalho.pe.gov.br\/portal\/wp-json\/wp\/v2\/comments?post=35488"}],"version-history":[{"count":1,"href":"https:\/\/www.paudalho.pe.gov.br\/portal\/wp-json\/wp\/v2\/posts\/35488\/revisions"}],"predecessor-version":[{"id":35492,"href":"https:\/\/www.paudalho.pe.gov.br\/portal\/wp-json\/wp\/v2\/posts\/35488\/revisions\/35492"}],"wp:featuredmedia":[{"embeddable":true,"href":"https:\/\/www.paudalho.pe.gov.br\/portal\/wp-json\/wp\/v2\/media\/35490"}],"wp:attachment":[{"href":"https:\/\/www.paudalho.pe.gov.br\/portal\/wp-json\/wp\/v2\/media?parent=35488"}],"wp:term":[{"taxonomy":"category","embeddable":true,"href":"https:\/\/www.paudalho.pe.gov.br\/portal\/wp-json\/wp\/v2\/categories?post=35488"},{"taxonomy":"post_tag","embeddable":true,"href":"https:\/\/www.paudalho.pe.gov.br\/portal\/wp-json\/wp\/v2\/tags?post=35488"}],"curies":[{"name":"wp","href":"https:\/\/api.w.org\/{rel}","templated":true}]}}