{"id":35440,"date":"2025-04-11T18:37:52","date_gmt":"2025-04-11T21:37:52","guid":{"rendered":"https:\/\/www.paudalho.pe.gov.br\/portal\/?p=35440"},"modified":"2025-04-11T18:37:52","modified_gmt":"2025-04-11T21:37:52","slug":"100-dias-de-governo-100-dias-de-muito-trabalho-e-compromisso-com-paudalho","status":"publish","type":"post","link":"https:\/\/www.paudalho.pe.gov.br\/portal\/100-dias-de-governo-100-dias-de-muito-trabalho-e-compromisso-com-paudalho\/","title":{"rendered":"100 DIAS DE GOVERNO! 100 dias de muito trabalho e compromisso com Paudalho!"},"content":{"rendered":"\n<p>A Prefeitura de Paudalho celebra os 100 primeiros dias de gest\u00e3o com avan\u00e7os expressivos em diversas \u00e1reas, refor\u00e7ando o compromisso com o bem-estar da popula\u00e7\u00e3o e o desenvolvimento do munic\u00edpio. Com a\u00e7\u00f5es concretas em sa\u00fade, educa\u00e7\u00e3o, infraestrutura, assist\u00eancia social e outras frentes, os resultados j\u00e1 s\u00e3o vis\u00edveis no dia a dia dos paudalhenses.<\/p>\n\n\n\n<p>Sa\u00fade que Avan\u00e7a<\/p>\n\n\n\n<p>O cuidado com a sa\u00fade da popula\u00e7\u00e3o tem sido uma das prioridades. Nestes primeiros meses, o munic\u00edpio recebeu:<\/p>\n\n\n\n<p>\u2022 8 novas ambul\u00e2ncias modelo Fiorino para transporte de pacientes;<\/p>\n\n\n\n<p>\u2022 3 novas ambul\u00e2ncias Hilux para refor\u00e7ar o atendimento de urg\u00eancia;<\/p>\n\n\n\n<p>\u2022 Ordem de servi\u00e7o assinada para constru\u00e7\u00e3o da nova UBS do Rosarinho;<\/p>\n\n\n\n<p>\u2022 Mais de 70 cirurgias realizadas no Bloco Cir\u00fargico;<\/p>\n\n\n\n<p>\u2022 Atendimento em endocrinologia, ampliando os servi\u00e7os m\u00e9dicos ofertados;<\/p>\n\n\n\n<p>\u2022 Mais de 32 mil atendimentos nas Unidades B\u00e1sicas de Sa\u00fade;<\/p>\n\n\n\n<p>\u2022 Mais de 6 mil atendimentos no Centro de Especialidades e Diagn\u00f3stico;<\/p>\n\n\n\n<p>\u2022 Cerca de 86 mil exames realizados no Laborat\u00f3rio Municipal;<\/p>\n\n\n\n<p>\u2022 Cerca de 18 mil atendimentos na UPA Paudalho;<\/p>\n\n\n\n<p>\u2022 50 nascimentos no Centro de Parto Normal e 5 no Bloco Cir\u00fargico.<\/p>\n\n\n\n<p>Assist\u00eancia Social que Cuida<\/p>\n\n\n\n<p>Os servi\u00e7os da Assist\u00eancia Social foram fortalecidos e ampliados:<\/p>\n\n\n\n<p>\u2022 Expans\u00e3o do Programa Sopa Fam\u00edlia, alcan\u00e7ando 34 comunidades;<\/p>\n\n\n\n<p>\u2022 Entrega de 60 benef\u00edcios enxoval para gestantes;<\/p>\n\n\n\n<p>\u2022 Fortalecimento das equipes do CRAS e CREAS;<\/p>\n\n\n\n<p>\u2022 Plant\u00f5es sociais durante festividades;<\/p>\n\n\n\n<p>\u2022 Programa Peixe da P\u00e1scoa beneficiando 7 mil fam\u00edlias.<\/p>\n\n\n\n<p>Agricultura com Mais Apoio<\/p>\n\n\n\n<p>No campo, as a\u00e7\u00f5es n\u00e3o param:<\/p>\n\n\n\n<p>\u2022 Aquisi\u00e7\u00e3o de um novo trator para a Zona Rural;<\/p>\n\n\n\n<p>\u2022 Entrega de 1 tonelada de sementes de milho atrav\u00e9s do Projeto Plantando Vida;<\/p>\n\n\n\n<p>\u2022 Mais de 200 hectares arados pelo programa de ara\u00e7\u00e3o de terras;<\/p>\n\n\n\n<p>\u2022 Implanta\u00e7\u00e3o do Projeto Horta nas Escolas;<\/p>\n\n\n\n<p>\u2022 Escrit\u00f3rio da ADAGRO na Secretaria de Agricultura, com emiss\u00e3o de 104 GTA\u2019s;<\/p>\n\n\n\n<p>\u2022 Vacina\u00e7\u00e3o animal com 3.100 doses aplicadas;<\/p>\n\n\n\n<p>\u2022 Conv\u00eanios com INCRA e IFPE para assist\u00eancia t\u00e9cnica e regulariza\u00e7\u00e3o de assentamentos.<\/p>\n\n\n\n<p>Educa\u00e7\u00e3o que Transforma<\/p>\n\n\n\n<p>Na educa\u00e7\u00e3o, a transforma\u00e7\u00e3o j\u00e1 come\u00e7ou:<\/p>\n\n\n\n<p>\u2022 Assinatura da ordem de servi\u00e7o para requalifica\u00e7\u00e3o da Escola Manoel da Rosa e da quadra escolar;<\/p>\n\n\n\n<p>\u2022 Inaugura\u00e7\u00e3o da quadra da Escola Gilda Barbosa;<\/p>\n\n\n\n<p>\u2022 Aquisi\u00e7\u00e3o de novo micro-\u00f4nibus escolar;<\/p>\n\n\n\n<p>\u2022 Implanta\u00e7\u00e3o do Curso T\u00e9cnico em Agropecu\u00e1ria (EJA) em parceria com CODAI;<\/p>\n\n\n\n<p>\u2022 Aquisi\u00e7\u00e3o de bens permanentes para creches e escolas;<\/p>\n\n\n\n<p>\u2022 Requalifica\u00e7\u00e3o estrutural das unidades de ensino;<\/p>\n\n\n\n<p>\u2022 Atendimento a 250 jovens na Casa das Juventudes com cursos e oficinas;<\/p>\n\n\n\n<p>\u2022 Curso Pr\u00e9-Jovem com 125 alunos inscritos.<\/p>\n\n\n\n<p>Mulheres com Mais Voz e A\u00e7\u00e3o<\/p>\n\n\n\n<p>Com a cria\u00e7\u00e3o da primeira Secretaria da Mulher de Paudalho, o munic\u00edpio deu um importante passo nas pol\u00edticas p\u00fablicas para as mulheres:<\/p>\n\n\n\n<p>\u2022 Cursos de capacita\u00e7\u00e3o como eletrodom\u00e9stico e cabeleireiro;<\/p>\n\n\n\n<p>\u2022 Fortalecimento das a\u00e7\u00f5es voltadas \u00e0 mulher.<\/p>\n\n\n\n<p>Esporte, Cultura e Turismo em Alta<\/p>\n\n\n\n<p>As \u00e1reas de esporte, cultura e turismo tamb\u00e9m ganharam for\u00e7a:<\/p>\n\n\n\n<p>\u2022 Corrida de S\u00e3o Sebasti\u00e3o com mais de 400 participantes;<\/p>\n\n\n\n<p>\u2022 Copas nas comunidades e parceria com a Federa\u00e7\u00e3o Pernambucana de Futebol;<\/p>\n\n\n\n<p>\u2022 Cursos de arbitragem e competi\u00e7\u00e3o de Futmesa;<\/p>\n\n\n\n<p>\u2022 Capacita\u00e7\u00e3o de 26 artes\u00e3os com apoio do SEBRAE;<\/p>\n\n\n\n<p>\u2022 Emiss\u00e3o de Carteira do Artes\u00e3o e entrega do Passaporte Pernambuco;<\/p>\n\n\n\n<p>\u2022 Festa de S\u00e3o Sebasti\u00e3o com investimento de R$ 120 mil em artistas locais;<\/p>\n\n\n\n<p>\u2022 Carnaval 2025 com Polo do Frevo e R$ 380 mil em investimento direto na cultura.<\/p>\n\n\n\n<p>Infraestrutura e Desenvolvimento em Movimento<\/p>\n\n\n\n<p>Na infraestrutura, o trabalho segue firme:<\/p>\n\n\n\n<p>\u2022 Atividades cont\u00ednuas no Cine Teatro Marco Camarotti;<\/p>\n\n\n\n<p>\u2022 Aquisi\u00e7\u00e3o de 1 retroescavadeira para refor\u00e7ar obras na cidade e no campo;<\/p>\n\n\n\n<p>\u2022 Mais de 1,5 km de pavimenta\u00e7\u00e3o asf\u00e1ltica e outras em paralelep\u00edpedo;<\/p>\n\n\n\n<p>\u2022 Refor\u00e7o na ilumina\u00e7\u00e3o p\u00fablica;<\/p>\n\n\n\n<p>\u2022 Continuidade de obras em S\u00e3o Severino dos Ramos, Escola Jo\u00e3o Francisco Bezerra e diversas ruas da cidade.<\/p>\n\n\n\n<p>E muito mais vem por a\u00ed!<\/p>\n\n\n\n<p>Paudalho segue avan\u00e7ando com investimentos e melhorias que refletem diretamente na qualidade de vida da popula\u00e7\u00e3o. O trabalho n\u00e3o para e, com a participa\u00e7\u00e3o de todos, vamos continuar construindo um Paudalho cada vez melhor!<\/p>\n\n\n\n<figure class=\"wp-block-image size-large\"><img loading=\"lazy\" decoding=\"async\" width=\"800\" height=\"450\" data-attachment-id=\"35443\" data-permalink=\"https:\/\/www.paudalho.pe.gov.br\/portal\/100-dias-de-governo-100-dias-de-muito-trabalho-e-compromisso-com-paudalho\/_o3a4122\/\" data-orig-file=\"https:\/\/www.paudalho.pe.gov.br\/portal\/wp-content\/uploads\/2025\/04\/O3A4122-scaled.jpeg\" data-orig-size=\"2560,1707\" data-comments-opened=\"1\" data-image-meta=\"{&quot;aperture&quot;:&quot;4&quot;,&quot;credit&quot;:&quot;Marcos Caplan&quot;,&quot;camera&quot;:&quot;Canon EOS R6m2&quot;,&quot;caption&quot;:&quot;&quot;,&quot;created_timestamp&quot;:&quot;1744375263&quot;,&quot;copyright&quot;:&quot;&quot;,&quot;focal_length&quot;:&quot;35&quot;,&quot;iso&quot;:&quot;200&quot;,&quot;shutter_speed&quot;:&quot;0.00125&quot;,&quot;title&quot;:&quot;&quot;,&quot;orientation&quot;:&quot;0&quot;}\" data-image-title=\"_O3A4122\" data-image-description=\"\" data-image-caption=\"\" data-medium-file=\"https:\/\/www.paudalho.pe.gov.br\/portal\/wp-content\/uploads\/2025\/04\/O3A4122-350x230.jpeg\" data-large-file=\"https:\/\/www.paudalho.pe.gov.br\/portal\/wp-content\/uploads\/2025\/04\/O3A4122-800x450.jpeg\" src=\"https:\/\/www.paudalho.pe.gov.br\/portal\/wp-content\/uploads\/2025\/04\/O3A4122-800x450.jpeg\" alt=\"\" class=\"wp-image-35443\"\/><\/figure>\n\n\n\n<figure class=\"wp-block-image size-large\"><img loading=\"lazy\" decoding=\"async\" width=\"800\" height=\"450\" data-attachment-id=\"35444\" data-permalink=\"https:\/\/www.paudalho.pe.gov.br\/portal\/100-dias-de-governo-100-dias-de-muito-trabalho-e-compromisso-com-paudalho\/_o3a4068\/\" data-orig-file=\"https:\/\/www.paudalho.pe.gov.br\/portal\/wp-content\/uploads\/2025\/04\/O3A4068-scaled.jpeg\" data-orig-size=\"2560,1707\" data-comments-opened=\"1\" data-image-meta=\"{&quot;aperture&quot;:&quot;2.8&quot;,&quot;credit&quot;:&quot;Marcos Caplan&quot;,&quot;camera&quot;:&quot;Canon EOS R6m2&quot;,&quot;caption&quot;:&quot;&quot;,&quot;created_timestamp&quot;:&quot;1744373370&quot;,&quot;copyright&quot;:&quot;&quot;,&quot;focal_length&quot;:&quot;35&quot;,&quot;iso&quot;:&quot;400&quot;,&quot;shutter_speed&quot;:&quot;0.008&quot;,&quot;title&quot;:&quot;&quot;,&quot;orientation&quot;:&quot;0&quot;}\" data-image-title=\"_O3A4068\" data-image-description=\"\" data-image-caption=\"\" data-medium-file=\"https:\/\/www.paudalho.pe.gov.br\/portal\/wp-content\/uploads\/2025\/04\/O3A4068-350x230.jpeg\" data-large-file=\"https:\/\/www.paudalho.pe.gov.br\/portal\/wp-content\/uploads\/2025\/04\/O3A4068-800x450.jpeg\" src=\"https:\/\/www.paudalho.pe.gov.br\/portal\/wp-content\/uploads\/2025\/04\/O3A4068-800x450.jpeg\" alt=\"\" class=\"wp-image-35444\"\/><\/figure>\n\n\n\n<figure class=\"wp-block-image size-large\"><img loading=\"lazy\" decoding=\"async\" width=\"800\" height=\"450\" data-attachment-id=\"35445\" data-permalink=\"https:\/\/www.paudalho.pe.gov.br\/portal\/100-dias-de-governo-100-dias-de-muito-trabalho-e-compromisso-com-paudalho\/1388cf4a-4149-4978-b5b1-8fbfba8d72b9\/\" data-orig-file=\"https:\/\/www.paudalho.pe.gov.br\/portal\/wp-content\/uploads\/2025\/04\/1388cf4a-4149-4978-b5b1-8fbfba8d72b9-scaled.jpeg\" data-orig-size=\"2560,1441\" data-comments-opened=\"1\" data-image-meta=\"{&quot;aperture&quot;:&quot;0&quot;,&quot;credit&quot;:&quot;&quot;,&quot;camera&quot;:&quot;&quot;,&quot;caption&quot;:&quot;&quot;,&quot;created_timestamp&quot;:&quot;1744387754&quot;,&quot;copyright&quot;:&quot;&quot;,&quot;focal_length&quot;:&quot;0&quot;,&quot;iso&quot;:&quot;0&quot;,&quot;shutter_speed&quot;:&quot;0&quot;,&quot;title&quot;:&quot;&quot;,&quot;orientation&quot;:&quot;0&quot;}\" data-image-title=\"1388cf4a-4149-4978-b5b1-8fbfba8d72b9\" data-image-description=\"\" data-image-caption=\"\" data-medium-file=\"https:\/\/www.paudalho.pe.gov.br\/portal\/wp-content\/uploads\/2025\/04\/1388cf4a-4149-4978-b5b1-8fbfba8d72b9-350x230.jpeg\" data-large-file=\"https:\/\/www.paudalho.pe.gov.br\/portal\/wp-content\/uploads\/2025\/04\/1388cf4a-4149-4978-b5b1-8fbfba8d72b9-800x450.jpeg\" src=\"https:\/\/www.paudalho.pe.gov.br\/portal\/wp-content\/uploads\/2025\/04\/1388cf4a-4149-4978-b5b1-8fbfba8d72b9-800x450.jpeg\" alt=\"\" class=\"wp-image-35445\" srcset=\"https:\/\/www.paudalho.pe.gov.br\/portal\/wp-content\/uploads\/2025\/04\/1388cf4a-4149-4978-b5b1-8fbfba8d72b9-800x450.jpeg 800w, https:\/\/www.paudalho.pe.gov.br\/portal\/wp-content\/uploads\/2025\/04\/1388cf4a-4149-4978-b5b1-8fbfba8d72b9-768x432.jpeg 768w, https:\/\/www.paudalho.pe.gov.br\/portal\/wp-content\/uploads\/2025\/04\/1388cf4a-4149-4978-b5b1-8fbfba8d72b9-1536x865.jpeg 1536w, https:\/\/www.paudalho.pe.gov.br\/portal\/wp-content\/uploads\/2025\/04\/1388cf4a-4149-4978-b5b1-8fbfba8d72b9-2048x1153.jpeg 2048w\" sizes=\"auto, (max-width: 800px) 100vw, 800px\" \/><\/figure>\n\n\n\n<figure class=\"wp-block-gallery has-nested-images columns-default is-cropped wp-block-gallery-1 is-layout-flex wp-block-gallery-is-layout-flex\">\n<figure class=\"wp-block-image size-large\"><img loading=\"lazy\" decoding=\"async\" width=\"800\" height=\"450\" data-attachment-id=\"35446\" data-permalink=\"https:\/\/www.paudalho.pe.gov.br\/portal\/100-dias-de-governo-100-dias-de-muito-trabalho-e-compromisso-com-paudalho\/_o3a4207\/\" data-orig-file=\"https:\/\/www.paudalho.pe.gov.br\/portal\/wp-content\/uploads\/2025\/04\/O3A4207-scaled.jpeg\" data-orig-size=\"2560,1707\" data-comments-opened=\"1\" data-image-meta=\"{&quot;aperture&quot;:&quot;3.2&quot;,&quot;credit&quot;:&quot;Marcos Caplan&quot;,&quot;camera&quot;:&quot;Canon EOS R6m2&quot;,&quot;caption&quot;:&quot;&quot;,&quot;created_timestamp&quot;:&quot;1744378652&quot;,&quot;copyright&quot;:&quot;&quot;,&quot;focal_length&quot;:&quot;35&quot;,&quot;iso&quot;:&quot;3200&quot;,&quot;shutter_speed&quot;:&quot;0.008&quot;,&quot;title&quot;:&quot;&quot;,&quot;orientation&quot;:&quot;0&quot;}\" data-image-title=\"_O3A4207\" data-image-description=\"\" data-image-caption=\"\" data-medium-file=\"https:\/\/www.paudalho.pe.gov.br\/portal\/wp-content\/uploads\/2025\/04\/O3A4207-350x230.jpeg\" data-large-file=\"https:\/\/www.paudalho.pe.gov.br\/portal\/wp-content\/uploads\/2025\/04\/O3A4207-800x450.jpeg\" data-id=\"35446\" src=\"https:\/\/www.paudalho.pe.gov.br\/portal\/wp-content\/uploads\/2025\/04\/O3A4207-800x450.jpeg\" alt=\"\" class=\"wp-image-35446\"\/><\/figure>\n<\/figure>\n\n\n\n<figure class=\"wp-block-image size-large\"><img loading=\"lazy\" decoding=\"async\" width=\"800\" height=\"450\" data-attachment-id=\"35447\" data-permalink=\"https:\/\/www.paudalho.pe.gov.br\/portal\/100-dias-de-governo-100-dias-de-muito-trabalho-e-compromisso-com-paudalho\/cfb45c3a-1556-4698-bb51-646d814f01a6\/\" data-orig-file=\"https:\/\/www.paudalho.pe.gov.br\/portal\/wp-content\/uploads\/2025\/04\/cfb45c3a-1556-4698-bb51-646d814f01a6-scaled.jpeg\" data-orig-size=\"2560,1441\" data-comments-opened=\"1\" data-image-meta=\"{&quot;aperture&quot;:&quot;0&quot;,&quot;credit&quot;:&quot;&quot;,&quot;camera&quot;:&quot;&quot;,&quot;caption&quot;:&quot;&quot;,&quot;created_timestamp&quot;:&quot;1744387752&quot;,&quot;copyright&quot;:&quot;&quot;,&quot;focal_length&quot;:&quot;0&quot;,&quot;iso&quot;:&quot;0&quot;,&quot;shutter_speed&quot;:&quot;0&quot;,&quot;title&quot;:&quot;&quot;,&quot;orientation&quot;:&quot;0&quot;}\" data-image-title=\"cfb45c3a-1556-4698-bb51-646d814f01a6\" data-image-description=\"\" data-image-caption=\"\" data-medium-file=\"https:\/\/www.paudalho.pe.gov.br\/portal\/wp-content\/uploads\/2025\/04\/cfb45c3a-1556-4698-bb51-646d814f01a6-350x230.jpeg\" data-large-file=\"https:\/\/www.paudalho.pe.gov.br\/portal\/wp-content\/uploads\/2025\/04\/cfb45c3a-1556-4698-bb51-646d814f01a6-800x450.jpeg\" src=\"https:\/\/www.paudalho.pe.gov.br\/portal\/wp-content\/uploads\/2025\/04\/cfb45c3a-1556-4698-bb51-646d814f01a6-800x450.jpeg\" alt=\"\" class=\"wp-image-35447\" srcset=\"https:\/\/www.paudalho.pe.gov.br\/portal\/wp-content\/uploads\/2025\/04\/cfb45c3a-1556-4698-bb51-646d814f01a6-800x450.jpeg 800w, https:\/\/www.paudalho.pe.gov.br\/portal\/wp-content\/uploads\/2025\/04\/cfb45c3a-1556-4698-bb51-646d814f01a6-768x432.jpeg 768w, https:\/\/www.paudalho.pe.gov.br\/portal\/wp-content\/uploads\/2025\/04\/cfb45c3a-1556-4698-bb51-646d814f01a6-1536x865.jpeg 1536w, https:\/\/www.paudalho.pe.gov.br\/portal\/wp-content\/uploads\/2025\/04\/cfb45c3a-1556-4698-bb51-646d814f01a6-2048x1153.jpeg 2048w\" sizes=\"auto, (max-width: 800px) 100vw, 800px\" \/><\/figure>\n","protected":false},"excerpt":{"rendered":"<p>A Prefeitura de Paudalho celebra os 100 primeiros dias de gest\u00e3o com avan\u00e7os expressivos em diversas \u00e1reas, refor\u00e7ando o compromisso com o bem-estar da popula\u00e7\u00e3o e o desenvolvimento do munic\u00edpio. Com a\u00e7\u00f5es concretas em sa\u00fade, educa\u00e7\u00e3o, infraestrutura, assist\u00eancia social e outras frentes, os resultados j\u00e1 s\u00e3o vis\u00edveis no dia a dia dos paudalhenses. Sa\u00fade que [&hellip;]<\/p>\n","protected":false},"author":17,"featured_media":35442,"comment_status":"open","ping_status":"open","sticky":false,"template":"","format":"standard","meta":{"_jetpack_newsletter_access":"","_jetpack_dont_email_post_to_subs":false,"_jetpack_newsletter_tier_id":0,"_jetpack_memberships_contains_paywalled_content":false,"_jetpack_memberships_contains_paid_content":false,"footnotes":""},"categories":[2,1],"tags":[],"class_list":["post-35440","post","type-post","status-publish","format-standard","has-post-thumbnail","hentry","category-destaque","category-noticias"],"jetpack_featured_media_url":"https:\/\/www.paudalho.pe.gov.br\/portal\/wp-content\/uploads\/2025\/04\/O3A4140-scaled.jpeg","jetpack_sharing_enabled":true,"jetpack_shortlink":"https:\/\/wp.me\/p98mS2-9dC","_links":{"self":[{"href":"https:\/\/www.paudalho.pe.gov.br\/portal\/wp-json\/wp\/v2\/posts\/35440","targetHints":{"allow":["GET"]}}],"collection":[{"href":"https:\/\/www.paudalho.pe.gov.br\/portal\/wp-json\/wp\/v2\/posts"}],"about":[{"href":"https:\/\/www.paudalho.pe.gov.br\/portal\/wp-json\/wp\/v2\/types\/post"}],"author":[{"embeddable":true,"href":"https:\/\/www.paudalho.pe.gov.br\/portal\/wp-json\/wp\/v2\/users\/17"}],"replies":[{"embeddable":true,"href":"https:\/\/www.paudalho.pe.gov.br\/portal\/wp-json\/wp\/v2\/comments?post=35440"}],"version-history":[{"count":2,"href":"https:\/\/www.paudalho.pe.gov.br\/portal\/wp-json\/wp\/v2\/posts\/35440\/revisions"}],"predecessor-version":[{"id":35448,"href":"https:\/\/www.paudalho.pe.gov.br\/portal\/wp-json\/wp\/v2\/posts\/35440\/revisions\/35448"}],"wp:featuredmedia":[{"embeddable":true,"href":"https:\/\/www.paudalho.pe.gov.br\/portal\/wp-json\/wp\/v2\/media\/35442"}],"wp:attachment":[{"href":"https:\/\/www.paudalho.pe.gov.br\/portal\/wp-json\/wp\/v2\/media?parent=35440"}],"wp:term":[{"taxonomy":"category","embeddable":true,"href":"https:\/\/www.paudalho.pe.gov.br\/portal\/wp-json\/wp\/v2\/categories?post=35440"},{"taxonomy":"post_tag","embeddable":true,"href":"https:\/\/www.paudalho.pe.gov.br\/portal\/wp-json\/wp\/v2\/tags?post=35440"}],"curies":[{"name":"wp","href":"https:\/\/api.w.org\/{rel}","templated":true}]}}