{"id":35378,"date":"2025-03-17T16:25:19","date_gmt":"2025-03-17T19:25:19","guid":{"rendered":"https:\/\/www.paudalho.pe.gov.br\/portal\/?p=35378"},"modified":"2025-03-17T16:25:19","modified_gmt":"2025-03-17T19:25:19","slug":"educacao-de-paudalho-reconhece-profissionais-com-o-premio-profissional-alfabetizador","status":"publish","type":"post","link":"https:\/\/www.paudalho.pe.gov.br\/portal\/educacao-de-paudalho-reconhece-profissionais-com-o-premio-profissional-alfabetizador\/","title":{"rendered":"Educa\u00e7\u00e3o de Paudalho reconhece profissionais com o Pr\u00eamio Profissional Alfabetizador"},"content":{"rendered":"\n<p>No dia 3 de fevereiro, a Prefeitura de Paudalho, por meio da Secretaria Municipal de Educa\u00e7\u00e3o e Juventude, realizou a entrega do Pr\u00eamio Profissional Alfabetizador (PPA), uma iniciativa que valoriza o trabalho de gestores, coordenadores e professores que se destacaram no processo de alfabetiza\u00e7\u00e3o dos estudantes da rede municipal de ensino.<\/p>\n\n\n\n<p>A premia\u00e7\u00e3o, alinhada ao Compromisso Crian\u00e7a Alfabetizada, reconhece pr\u00e1ticas pedag\u00f3gicas inovadoras e modelos de gest\u00e3o eficientes que contribuem para o avan\u00e7o da educa\u00e7\u00e3o no munic\u00edpio.<\/p>\n\n\n\n<p>Profissionais premiados<\/p>\n\n\n\n<p>Foram homenageados pelo desempenho e dedica\u00e7\u00e3o \u00e0 alfabetiza\u00e7\u00e3o dos estudantes:<\/p>\n\n\n\n<p>Professoras:<br>\u2022 Educa\u00e7\u00e3o Infantil (Pr\u00e9 II): \u00c9rica Tatiane \u2013 Escola Municipal Tancredo Neves<br>\u2022 Anos Iniciais (2\u00ba ano): Vanda Maria \u2013 Escola Municipal Sinh\u00f4 Bandeira<\/p>\n\n\n\n<p>Coordenadores:<br>\u2022 Educa\u00e7\u00e3o Infantil: Madalena Maria \u2013 Col\u00e9gio Municipal Maria de F\u00e1tima<br>\u2022 Anos Iniciais: Lenilda Tavares<\/p>\n\n\n\n<p>Gestoras:<br>\u2022 Educa\u00e7\u00e3o Infantil: Ana Karina Carneiro \u2013 Escola Municipal Francisco Bezerra<br>\u2022 Anos Iniciais: M\u00e1rcia C\u00e2ndido \u2013 Escola Municipal Manoel da Rosa<\/p>\n\n\n\n<p>A entrega do Pr\u00eamio Profissional Alfabetizador refor\u00e7a o compromisso da gest\u00e3o municipal com a valoriza\u00e7\u00e3o dos educadores e com a melhoria cont\u00ednua do ensino. O reconhecimento \u00e9 um incentivo para que as boas pr\u00e1ticas educacionais continuem sendo aplicadas, garantindo mais qualidade na forma\u00e7\u00e3o dos estudantes.<\/p>\n\n\n\n<figure class=\"wp-block-image size-large\"><img loading=\"lazy\" decoding=\"async\" width=\"800\" height=\"450\" data-attachment-id=\"35379\" data-permalink=\"https:\/\/www.paudalho.pe.gov.br\/portal\/educacao-de-paudalho-reconhece-profissionais-com-o-premio-profissional-alfabetizador\/whatsapp_image_2025_02_18_at_12_17_54\/\" data-orig-file=\"https:\/\/www.paudalho.pe.gov.br\/portal\/wp-content\/uploads\/2025\/03\/WhatsApp_Image_2025_02_18_at_12_17_54.jpeg\" data-orig-size=\"1280,960\" data-comments-opened=\"1\" data-image-meta=\"{&quot;aperture&quot;:&quot;0&quot;,&quot;credit&quot;:&quot;&quot;,&quot;camera&quot;:&quot;&quot;,&quot;caption&quot;:&quot;&quot;,&quot;created_timestamp&quot;:&quot;0&quot;,&quot;copyright&quot;:&quot;&quot;,&quot;focal_length&quot;:&quot;0&quot;,&quot;iso&quot;:&quot;0&quot;,&quot;shutter_speed&quot;:&quot;0&quot;,&quot;title&quot;:&quot;&quot;,&quot;orientation&quot;:&quot;0&quot;}\" data-image-title=\"WhatsApp_Image_2025_02_18_at_12_17_54\" data-image-description=\"\" data-image-caption=\"\" data-medium-file=\"https:\/\/www.paudalho.pe.gov.br\/portal\/wp-content\/uploads\/2025\/03\/WhatsApp_Image_2025_02_18_at_12_17_54-350x230.jpeg\" data-large-file=\"https:\/\/www.paudalho.pe.gov.br\/portal\/wp-content\/uploads\/2025\/03\/WhatsApp_Image_2025_02_18_at_12_17_54-800x450.jpeg\" src=\"https:\/\/www.paudalho.pe.gov.br\/portal\/wp-content\/uploads\/2025\/03\/WhatsApp_Image_2025_02_18_at_12_17_54-800x450.jpeg\" alt=\"\" class=\"wp-image-35379\"\/><\/figure>\n\n\n\n<figure class=\"wp-block-image size-large\"><img loading=\"lazy\" decoding=\"async\" width=\"800\" height=\"450\" data-attachment-id=\"35380\" data-permalink=\"https:\/\/www.paudalho.pe.gov.br\/portal\/educacao-de-paudalho-reconhece-profissionais-com-o-premio-profissional-alfabetizador\/whatsapp_image_2025_02_18_at_12_15_55\/\" data-orig-file=\"https:\/\/www.paudalho.pe.gov.br\/portal\/wp-content\/uploads\/2025\/03\/WhatsApp_Image_2025_02_18_at_12_15_55.jpeg\" data-orig-size=\"1280,960\" data-comments-opened=\"1\" data-image-meta=\"{&quot;aperture&quot;:&quot;0&quot;,&quot;credit&quot;:&quot;&quot;,&quot;camera&quot;:&quot;&quot;,&quot;caption&quot;:&quot;&quot;,&quot;created_timestamp&quot;:&quot;0&quot;,&quot;copyright&quot;:&quot;&quot;,&quot;focal_length&quot;:&quot;0&quot;,&quot;iso&quot;:&quot;0&quot;,&quot;shutter_speed&quot;:&quot;0&quot;,&quot;title&quot;:&quot;&quot;,&quot;orientation&quot;:&quot;0&quot;}\" data-image-title=\"WhatsApp_Image_2025_02_18_at_12_15_55\" data-image-description=\"\" data-image-caption=\"\" data-medium-file=\"https:\/\/www.paudalho.pe.gov.br\/portal\/wp-content\/uploads\/2025\/03\/WhatsApp_Image_2025_02_18_at_12_15_55-350x230.jpeg\" data-large-file=\"https:\/\/www.paudalho.pe.gov.br\/portal\/wp-content\/uploads\/2025\/03\/WhatsApp_Image_2025_02_18_at_12_15_55-800x450.jpeg\" src=\"https:\/\/www.paudalho.pe.gov.br\/portal\/wp-content\/uploads\/2025\/03\/WhatsApp_Image_2025_02_18_at_12_15_55-800x450.jpeg\" alt=\"\" class=\"wp-image-35380\"\/><\/figure>\n\n\n\n<figure class=\"wp-block-gallery has-nested-images columns-default is-cropped wp-block-gallery-1 is-layout-flex wp-block-gallery-is-layout-flex\">\n<figure class=\"wp-block-image size-large\"><img loading=\"lazy\" decoding=\"async\" width=\"800\" height=\"450\" data-attachment-id=\"35381\" data-permalink=\"https:\/\/www.paudalho.pe.gov.br\/portal\/educacao-de-paudalho-reconhece-profissionais-com-o-premio-profissional-alfabetizador\/whatsapp_image_2025_02_18_at_12_15_38\/\" data-orig-file=\"https:\/\/www.paudalho.pe.gov.br\/portal\/wp-content\/uploads\/2025\/03\/WhatsApp_Image_2025_02_18_at_12_15_38.jpeg\" data-orig-size=\"1280,960\" data-comments-opened=\"1\" data-image-meta=\"{&quot;aperture&quot;:&quot;0&quot;,&quot;credit&quot;:&quot;&quot;,&quot;camera&quot;:&quot;&quot;,&quot;caption&quot;:&quot;&quot;,&quot;created_timestamp&quot;:&quot;0&quot;,&quot;copyright&quot;:&quot;&quot;,&quot;focal_length&quot;:&quot;0&quot;,&quot;iso&quot;:&quot;0&quot;,&quot;shutter_speed&quot;:&quot;0&quot;,&quot;title&quot;:&quot;&quot;,&quot;orientation&quot;:&quot;0&quot;}\" data-image-title=\"WhatsApp_Image_2025_02_18_at_12_15_38\" data-image-description=\"\" data-image-caption=\"\" data-medium-file=\"https:\/\/www.paudalho.pe.gov.br\/portal\/wp-content\/uploads\/2025\/03\/WhatsApp_Image_2025_02_18_at_12_15_38-350x230.jpeg\" data-large-file=\"https:\/\/www.paudalho.pe.gov.br\/portal\/wp-content\/uploads\/2025\/03\/WhatsApp_Image_2025_02_18_at_12_15_38-800x450.jpeg\" data-id=\"35381\" src=\"https:\/\/www.paudalho.pe.gov.br\/portal\/wp-content\/uploads\/2025\/03\/WhatsApp_Image_2025_02_18_at_12_15_38-800x450.jpeg\" alt=\"\" class=\"wp-image-35381\"\/><\/figure>\n<\/figure>\n","protected":false},"excerpt":{"rendered":"<p>No dia 3 de fevereiro, a Prefeitura de Paudalho, por meio da Secretaria Municipal de Educa\u00e7\u00e3o e Juventude, realizou a entrega do Pr\u00eamio Profissional Alfabetizador (PPA), uma iniciativa que valoriza o trabalho de gestores, coordenadores e professores que se destacaram no processo de alfabetiza\u00e7\u00e3o dos estudantes da rede municipal de ensino. A premia\u00e7\u00e3o, alinhada ao [&hellip;]<\/p>\n","protected":false},"author":17,"featured_media":35379,"comment_status":"open","ping_status":"open","sticky":false,"template":"","format":"standard","meta":{"_jetpack_newsletter_access":"","_jetpack_dont_email_post_to_subs":false,"_jetpack_newsletter_tier_id":0,"_jetpack_memberships_contains_paywalled_content":false,"_jetpack_memberships_contains_paid_content":false,"footnotes":""},"categories":[2,520],"tags":[],"class_list":["post-35378","post","type-post","status-publish","format-standard","has-post-thumbnail","hentry","category-destaque","category-educacao-2"],"jetpack_featured_media_url":"https:\/\/www.paudalho.pe.gov.br\/portal\/wp-content\/uploads\/2025\/03\/WhatsApp_Image_2025_02_18_at_12_17_54.jpeg","jetpack_sharing_enabled":true,"jetpack_shortlink":"https:\/\/wp.me\/p98mS2-9cC","_links":{"self":[{"href":"https:\/\/www.paudalho.pe.gov.br\/portal\/wp-json\/wp\/v2\/posts\/35378","targetHints":{"allow":["GET"]}}],"collection":[{"href":"https:\/\/www.paudalho.pe.gov.br\/portal\/wp-json\/wp\/v2\/posts"}],"about":[{"href":"https:\/\/www.paudalho.pe.gov.br\/portal\/wp-json\/wp\/v2\/types\/post"}],"author":[{"embeddable":true,"href":"https:\/\/www.paudalho.pe.gov.br\/portal\/wp-json\/wp\/v2\/users\/17"}],"replies":[{"embeddable":true,"href":"https:\/\/www.paudalho.pe.gov.br\/portal\/wp-json\/wp\/v2\/comments?post=35378"}],"version-history":[{"count":1,"href":"https:\/\/www.paudalho.pe.gov.br\/portal\/wp-json\/wp\/v2\/posts\/35378\/revisions"}],"predecessor-version":[{"id":35382,"href":"https:\/\/www.paudalho.pe.gov.br\/portal\/wp-json\/wp\/v2\/posts\/35378\/revisions\/35382"}],"wp:featuredmedia":[{"embeddable":true,"href":"https:\/\/www.paudalho.pe.gov.br\/portal\/wp-json\/wp\/v2\/media\/35379"}],"wp:attachment":[{"href":"https:\/\/www.paudalho.pe.gov.br\/portal\/wp-json\/wp\/v2\/media?parent=35378"}],"wp:term":[{"taxonomy":"category","embeddable":true,"href":"https:\/\/www.paudalho.pe.gov.br\/portal\/wp-json\/wp\/v2\/categories?post=35378"},{"taxonomy":"post_tag","embeddable":true,"href":"https:\/\/www.paudalho.pe.gov.br\/portal\/wp-json\/wp\/v2\/tags?post=35378"}],"curies":[{"name":"wp","href":"https:\/\/api.w.org\/{rel}","templated":true}]}}