{"id":35370,"date":"2025-03-10T12:23:05","date_gmt":"2025-03-10T15:23:05","guid":{"rendered":"https:\/\/www.paudalho.pe.gov.br\/portal\/?p=35370"},"modified":"2025-03-10T12:23:05","modified_gmt":"2025-03-10T15:23:05","slug":"prefeitura-de-paudalho-divulga-cronograma-de-cadastramento-para-o-programa-do-peixe-da-pascoa","status":"publish","type":"post","link":"https:\/\/www.paudalho.pe.gov.br\/portal\/prefeitura-de-paudalho-divulga-cronograma-de-cadastramento-para-o-programa-do-peixe-da-pascoa\/","title":{"rendered":"Prefeitura de Paudalho divulga cronograma de cadastramento para o Programa do Peixe da P\u00e1scoa"},"content":{"rendered":"\n<p><\/p>\n\n\n\n<p>A Prefeitura de Paudalho, por meio da Secretaria Municipal de Desenvolvimento e Assist\u00eancia Social, divulgou o cronograma de cadastramento para o Programa do Peixe da P\u00e1scoa. A iniciativa visa beneficiar fam\u00edlias cadastradas no Cad\u00danico e moradores do munic\u00edpio com renda familiar de at\u00e9 \u00bc do sal\u00e1rio m\u00ednimo por pessoa.<\/p>\n\n\n\n<p>Quem pode receber o benef\u00edcio?<\/p>\n\n\n\n<p>\u2022 Fam\u00edlias cadastradas na Secretaria de Desenvolvimento e Assist\u00eancia Social e no Cad\u00danico.<\/p>\n\n\n\n<p>\u2022 Moradores de Paudalho.<\/p>\n\n\n\n<p>\u2022 Pessoas com renda familiar de at\u00e9 \u00bc do sal\u00e1rio m\u00ednimo por pessoa.<\/p>\n\n\n\n<p>Documentos necess\u00e1rios<\/p>\n\n\n\n<p>\u2022 RG<\/p>\n\n\n\n<p>\u2022 CPF<\/p>\n\n\n\n<p>\u2022 Comprovante de resid\u00eancia<\/p>\n\n\n\n<p>Cronograma de cadastramento<\/p>\n\n\n\n<p>O cadastramento ser\u00e1 realizado em diversos polos espalhados pelo munic\u00edpio, conforme o seguinte calend\u00e1rio:<\/p>\n\n\n\n<p>11 de mar\u00e7o<\/p>\n\n\n\n<p>\u2022 Polo Guadalajara \u2013 Escola Ver. Ananias da Costa Macedo (8h \u00e0s 15h)<\/p>\n\n\n\n<p>\u2022 Polo Tabaruna \u2013 SESC (13h30 \u00e0s 15h)<\/p>\n\n\n\n<p>\u2022 Polo Barragem do Goit\u00e1 \u2013 Anexo da Escola M. Gilda Barbosa (13h30 \u00e0s 15h)<\/p>\n\n\n\n<p>12 de mar\u00e7o<\/p>\n\n\n\n<p>\u2022 Polo Primavera \u2013 Escola M. Prefeito Herculano Bandeira (8h \u00e0s 15h)<\/p>\n\n\n\n<p>13 de mar\u00e7o<\/p>\n\n\n\n<p>\u2022 Polo Centro \u2013 Quadra Coberta do Centro (8h \u00e0s 15h)<\/p>\n\n\n\n<p>14 de mar\u00e7o<\/p>\n\n\n\n<p>\u2022 Polo Asa Branca \u2013 Escola M. Eufr\u00e1sio Campos Gouveia (8h \u00e0s 15h)<\/p>\n\n\n\n<p>17 de mar\u00e7o<\/p>\n\n\n\n<p>\u2022 Polo Alto Dois Irm\u00e3os \u2013 Escola M. Manoel da Rosa (8h \u00e0s 15h)<\/p>\n\n\n\n<p>18 de mar\u00e7o<\/p>\n\n\n\n<p>\u2022 Polo Bel\u00e9m \u2013 Escola M. Marta Lira (8h \u00e0s 12h)<\/p>\n\n\n\n<p>\u2022 Polo Rosarinho \u2013 Escola M. Eliza Fidelis (13h30 \u00e0s 15h)<\/p>\n\n\n\n<p>19 de mar\u00e7o<\/p>\n\n\n\n<p>\u2022 Polo Ch\u00e3 do Ouro \u2013 Escola M. Severino Valentim (8h \u00e0s 12h)<\/p>\n\n\n\n<p>\u2022 Polo Ch\u00e3 de On\u00e7a \u2013 Bar da Tripa (8h \u00e0s 12h)<\/p>\n\n\n\n<p>\u2022 Polo Ch\u00e3 de Barrinho \u2013 Escola M. Ant\u00f4nio Montenegro (13h30 \u00e0s 15h)<\/p>\n\n\n\n<p>\u2022 Polo Muriongo \u2013 Escola M. Bartolomeu do Rego (13h30 \u00e0s 15h)<\/p>\n\n\n\n<p>20 de mar\u00e7o<\/p>\n\n\n\n<p>\u2022 Polo Ch\u00e3 de Cruz \u2013 Col\u00e9gio M. Maria de F\u00e1tima (8h \u00e0s 12h)<\/p>\n\n\n\n<p>\u2022 Polo Rodr\u00edzio \u2013 Escola de Rodr\u00edzio (9h \u00e0s 12h)<\/p>\n\n\n\n<p>\u2022 Polo Ch\u00e3 de Conselho \u2013 Escola M. Jos\u00e9 Bonif\u00e1cio (13h30 \u00e0s 16h)<\/p>\n\n\n\n<p>\u2022 Polo Fonte de Aldeia \u2013 Escola M. de Fonte de Aldeia (13h30 \u00e0s 16h)<\/p>\n\n\n\n<p>21 de mar\u00e7o<\/p>\n\n\n\n<p>\u2022 Polo Ch\u00e3 Alegre \u2013 Escola M. Menino Jesus (8h \u00e0s 12h)<\/p>\n\n\n\n<p>\u2022 Polo Cajueiro Claro \u2013 Igreja Amarela (9h \u00e0s 12h)<\/p>\n\n\n\n<p>24 de mar\u00e7o<\/p>\n\n\n\n<p>\u2022 Polo Junco \u2013 Escola M. do Junco (8h \u00e0s 12h)<\/p>\n\n\n\n<p>\u2022 Polo Itabora\u00ed \u2013 Escola M. de Itabora\u00ed (8h \u00e0s 12h)<\/p>\n\n\n\n<p>\u2022 Polo Usina Mussurepe \u2013 Escola M. Sinh\u00f4 Bandeira (13h30 \u00e0s 16h)<\/p>\n\n\n\n<p>\u2022 Polo Pirassirica \u2013 Escola M. de Pirassirica (13h30 \u00e0s 16h)<\/p>\n\n\n\n<p>25 de mar\u00e7o<\/p>\n\n\n\n<p>\u2022 Polo Boboc\u00e3o e Ch\u00e3 do Pinheiro \u2013 Quadra do Col\u00e9gio M. Tancredo Neves (8h \u00e0s 12h)<\/p>\n\n\n\n<p>\u2022 Polo MCMV \u2013 G2 (8h \u00e0s 15h)<\/p>\n\n\n\n<p>\u2022 Polo Vila Esperan\u00e7a \u2013 Escola M. Paulo VI (13h \u00e0s 15h)<\/p>\n\n\n\n<p>Mais informa\u00e7\u00f5es<\/p>\n\n\n\n<p>Os interessados devem comparecer ao polo correspondente \u00e0 sua localidade, portando os documentos necess\u00e1rios. Para mais detalhes, os moradores podem entrar em contato com a Secretaria Municipal de Desenvolvimento e Assist\u00eancia Social de Paudalho pelo telefone (81) 9.9817-0060.<\/p>\n\n\n\n<p>Prefeitura de Paudalho<\/p>\n\n\n\n<p>Construindo o futuro com solidariedade e inclus\u00e3o!<\/p>\n","protected":false},"excerpt":{"rendered":"<p>A Prefeitura de Paudalho, por meio da Secretaria Municipal de Desenvolvimento e Assist\u00eancia Social, divulgou o cronograma de cadastramento para o Programa do Peixe da P\u00e1scoa. A iniciativa visa beneficiar fam\u00edlias cadastradas no Cad\u00danico e moradores do munic\u00edpio com renda familiar de at\u00e9 \u00bc do sal\u00e1rio m\u00ednimo por pessoa. Quem pode receber o benef\u00edcio? \u2022 [&hellip;]<\/p>\n","protected":false},"author":15,"featured_media":35371,"comment_status":"open","ping_status":"open","sticky":false,"template":"","format":"standard","meta":{"_jetpack_newsletter_access":"","_jetpack_dont_email_post_to_subs":false,"_jetpack_newsletter_tier_id":0,"_jetpack_memberships_contains_paywalled_content":false,"_jetpack_memberships_contains_paid_content":false,"footnotes":""},"categories":[850,2],"tags":[],"class_list":["post-35370","post","type-post","status-publish","format-standard","has-post-thumbnail","hentry","category-assistencia-social","category-destaque"],"jetpack_featured_media_url":"https:\/\/www.paudalho.pe.gov.br\/portal\/wp-content\/uploads\/2025\/03\/IMG_1664.jpeg","jetpack_sharing_enabled":true,"jetpack_shortlink":"https:\/\/wp.me\/p98mS2-9cu","_links":{"self":[{"href":"https:\/\/www.paudalho.pe.gov.br\/portal\/wp-json\/wp\/v2\/posts\/35370","targetHints":{"allow":["GET"]}}],"collection":[{"href":"https:\/\/www.paudalho.pe.gov.br\/portal\/wp-json\/wp\/v2\/posts"}],"about":[{"href":"https:\/\/www.paudalho.pe.gov.br\/portal\/wp-json\/wp\/v2\/types\/post"}],"author":[{"embeddable":true,"href":"https:\/\/www.paudalho.pe.gov.br\/portal\/wp-json\/wp\/v2\/users\/15"}],"replies":[{"embeddable":true,"href":"https:\/\/www.paudalho.pe.gov.br\/portal\/wp-json\/wp\/v2\/comments?post=35370"}],"version-history":[{"count":1,"href":"https:\/\/www.paudalho.pe.gov.br\/portal\/wp-json\/wp\/v2\/posts\/35370\/revisions"}],"predecessor-version":[{"id":35372,"href":"https:\/\/www.paudalho.pe.gov.br\/portal\/wp-json\/wp\/v2\/posts\/35370\/revisions\/35372"}],"wp:featuredmedia":[{"embeddable":true,"href":"https:\/\/www.paudalho.pe.gov.br\/portal\/wp-json\/wp\/v2\/media\/35371"}],"wp:attachment":[{"href":"https:\/\/www.paudalho.pe.gov.br\/portal\/wp-json\/wp\/v2\/media?parent=35370"}],"wp:term":[{"taxonomy":"category","embeddable":true,"href":"https:\/\/www.paudalho.pe.gov.br\/portal\/wp-json\/wp\/v2\/categories?post=35370"},{"taxonomy":"post_tag","embeddable":true,"href":"https:\/\/www.paudalho.pe.gov.br\/portal\/wp-json\/wp\/v2\/tags?post=35370"}],"curies":[{"name":"wp","href":"https:\/\/api.w.org\/{rel}","templated":true}]}}