{"id":35312,"date":"2025-01-24T15:18:23","date_gmt":"2025-01-24T18:18:23","guid":{"rendered":"https:\/\/www.paudalho.pe.gov.br\/portal\/?p=35312"},"modified":"2025-01-28T15:44:32","modified_gmt":"2025-01-28T18:44:32","slug":"prefeitura-de-paudalho-convoca-entidades-para-eleicao-do-comdica-2025-2029","status":"publish","type":"post","link":"https:\/\/www.paudalho.pe.gov.br\/portal\/prefeitura-de-paudalho-convoca-entidades-para-eleicao-do-comdica-2025-2029\/","title":{"rendered":"Prefeitura de Paudalho convoca entidades para elei\u00e7\u00e3o do COMDICA 2025-2029"},"content":{"rendered":"\n<p><\/p>\n\n\n\n<p>O Conselho Municipal da Defesa dos Direitos da Crian\u00e7a e do Adolescente (COMDICA) de Paudalho\/PE, por meio de sua presidente, Ana Paula Ferreira Battistella, comunica a abertura do processo eleitoral para escolha das entidades n\u00e3o governamentais que ir\u00e3o compor o conselho no quadri\u00eanio 2025-2029. A elei\u00e7\u00e3o ocorrer\u00e1 em turno \u00fanico no dia&nbsp;<strong>4 de fevereiro de 2025<\/strong>, das 10h \u00e0s 12h, na Sala do COMDICA, localizada na Casa dos Conselhos, na Pra\u00e7a Santa Tereza, n\u00ba 91A, ao lado da Igreja de Santa Tereza, no centro de Paudalho.<\/p>\n\n\n\n<p>O per\u00edodo de&nbsp;<strong>4 a 11 de fevereiro de 2025<\/strong>&nbsp;ser\u00e1 destinado para que as entidades j\u00e1 inscritas possam complementar a documenta\u00e7\u00e3o de seus representantes, conforme estabelecido no Art. 4\u00ba, I e II do Edital de Convoca\u00e7\u00e3o e Regimento Eleitoral, publicado em 1\u00ba de novembro de 2024. Al\u00e9m disso, novas institui\u00e7\u00f5es da sociedade civil que atuem na promo\u00e7\u00e3o e defesa dos direitos das crian\u00e7as e adolescentes poder\u00e3o se inscrever durante esse per\u00edodo.<\/p>\n\n\n\n<p>O COMDICA \u00e9 um \u00f3rg\u00e3o fundamental para a elabora\u00e7\u00e3o e fiscaliza\u00e7\u00e3o de pol\u00edticas p\u00fablicas voltadas \u00e0 garantia dos direitos das crian\u00e7as e adolescentes no munic\u00edpio. A participa\u00e7\u00e3o das entidades da sociedade civil \u00e9 essencial para assegurar a representatividade e a efetividade das a\u00e7\u00f5es desenvolvidas nessa \u00e1rea.<\/p>\n\n\n\n<p>A presidente do COMDICA, Ana Paula Ferreira Battistella, refor\u00e7a a import\u00e2ncia da participa\u00e7\u00e3o das institui\u00e7\u00f5es no processo eleitoral: \u201cConvidamos todas as entidades que atuam na defesa dos direitos das crian\u00e7as e adolescentes a participarem deste momento decisivo para a constru\u00e7\u00e3o de pol\u00edticas p\u00fablicas mais inclusivas e eficazes em nosso munic\u00edpio.\u201d<\/p>\n\n\n\n<p>Para mais informa\u00e7\u00f5es sobre o processo eleitoral, as entidades interessadas podem entrar em contato pelo e-mail&nbsp;<strong><a href=\"mailto:comdicapaudalho@gmail.com\" target=\"_blank\" rel=\"noreferrer noopener\">comdicapaudalho@gmail.com<\/a><\/strong>&nbsp;ou comparecer \u00e0 sede do COMDICA, localizada na Pra\u00e7a Santa Tereza, n\u00ba 91A, em Paudalho.<\/p>\n\n\n\n<p><strong>Prefeitura de Paudalho<\/strong><br><strong>Trabalhando juntos por um futuro melhor para nossas crian\u00e7as e adolescentes.<\/strong><\/p>\n","protected":false},"excerpt":{"rendered":"<p>O Conselho Municipal da Defesa dos Direitos da Crian\u00e7a e do Adolescente (COMDICA) de Paudalho\/PE, por meio de sua presidente, Ana Paula Ferreira Battistella, comunica a abertura do processo eleitoral para escolha das entidades n\u00e3o governamentais que ir\u00e3o compor o conselho no quadri\u00eanio 2025-2029. A elei\u00e7\u00e3o ocorrer\u00e1 em turno \u00fanico no dia&nbsp;4 de fevereiro de [&hellip;]<\/p>\n","protected":false},"author":15,"featured_media":35317,"comment_status":"open","ping_status":"open","sticky":false,"template":"","format":"standard","meta":{"_jetpack_newsletter_access":"","_jetpack_dont_email_post_to_subs":false,"_jetpack_newsletter_tier_id":0,"_jetpack_memberships_contains_paywalled_content":false,"_jetpack_memberships_contains_paid_content":false,"footnotes":""},"categories":[2],"tags":[],"class_list":["post-35312","post","type-post","status-publish","format-standard","has-post-thumbnail","hentry","category-destaque"],"jetpack_featured_media_url":"https:\/\/www.paudalho.pe.gov.br\/portal\/wp-content\/uploads\/2025\/01\/Protegendo-o-presente-construindo-o-futuro.-COMDICA-Paudalho-2025-2029-1920-x-1080-px-1.png","jetpack_sharing_enabled":true,"jetpack_shortlink":"https:\/\/wp.me\/p98mS2-9by","_links":{"self":[{"href":"https:\/\/www.paudalho.pe.gov.br\/portal\/wp-json\/wp\/v2\/posts\/35312","targetHints":{"allow":["GET"]}}],"collection":[{"href":"https:\/\/www.paudalho.pe.gov.br\/portal\/wp-json\/wp\/v2\/posts"}],"about":[{"href":"https:\/\/www.paudalho.pe.gov.br\/portal\/wp-json\/wp\/v2\/types\/post"}],"author":[{"embeddable":true,"href":"https:\/\/www.paudalho.pe.gov.br\/portal\/wp-json\/wp\/v2\/users\/15"}],"replies":[{"embeddable":true,"href":"https:\/\/www.paudalho.pe.gov.br\/portal\/wp-json\/wp\/v2\/comments?post=35312"}],"version-history":[{"count":1,"href":"https:\/\/www.paudalho.pe.gov.br\/portal\/wp-json\/wp\/v2\/posts\/35312\/revisions"}],"predecessor-version":[{"id":35315,"href":"https:\/\/www.paudalho.pe.gov.br\/portal\/wp-json\/wp\/v2\/posts\/35312\/revisions\/35315"}],"wp:featuredmedia":[{"embeddable":true,"href":"https:\/\/www.paudalho.pe.gov.br\/portal\/wp-json\/wp\/v2\/media\/35317"}],"wp:attachment":[{"href":"https:\/\/www.paudalho.pe.gov.br\/portal\/wp-json\/wp\/v2\/media?parent=35312"}],"wp:term":[{"taxonomy":"category","embeddable":true,"href":"https:\/\/www.paudalho.pe.gov.br\/portal\/wp-json\/wp\/v2\/categories?post=35312"},{"taxonomy":"post_tag","embeddable":true,"href":"https:\/\/www.paudalho.pe.gov.br\/portal\/wp-json\/wp\/v2\/tags?post=35312"}],"curies":[{"name":"wp","href":"https:\/\/api.w.org\/{rel}","templated":true}]}}