{"id":35299,"date":"2025-01-17T14:36:40","date_gmt":"2025-01-17T17:36:40","guid":{"rendered":"https:\/\/www.paudalho.pe.gov.br\/portal\/?p=35299"},"modified":"2025-01-17T14:37:27","modified_gmt":"2025-01-17T17:37:27","slug":"inscreva-se-agora-na-24a-corrida-de-sao-sebastiao-em-paudalho","status":"publish","type":"post","link":"https:\/\/www.paudalho.pe.gov.br\/portal\/inscreva-se-agora-na-24a-corrida-de-sao-sebastiao-em-paudalho\/","title":{"rendered":"Inscreva-se agora na 24\u00aa Corrida de S\u00e3o Sebasti\u00e3o em Paudalho!"},"content":{"rendered":"\n<p>A nossa querida <strong>Corrida de S\u00e3o Sebasti\u00e3o<\/strong> est\u00e1 de volta! Em 2025, Paudalho recebe mais uma edi\u00e7\u00e3o desse evento que j\u00e1 \u00e9 tradi\u00e7\u00e3o, reunindo pessoas apaixonadas por esporte e dispostas a superar desafios. Marque na agenda: a corrida acontece no dia <strong>2 de fevereiro<\/strong>, com um percurso de <strong>7,5 km<\/strong> que promete muita emo\u00e7\u00e3o.<\/p>\n\n\n\n<h3 class=\"wp-block-heading\"><strong>O que voc\u00ea precisa saber<\/strong><\/h3>\n\n\n\n<ul class=\"wp-block-list\">\n<li><strong>Data:<\/strong> 02\/02\/2025<\/li>\n\n\n\n<li><strong>Percurso:<\/strong> 7,5 km<\/li>\n\n\n\n<li><strong>Sa\u00edda e chegada:<\/strong> Alto Dois Irm\u00e3os, Paudalho &#8211; PE<\/li>\n\n\n\n<li><strong>Concentra\u00e7\u00e3o:<\/strong> 13h<\/li>\n\n\n\n<li><strong>Largada:<\/strong> 16h<\/li>\n<\/ul>\n\n\n\n<h3 class=\"wp-block-heading\"><strong>Categorias para todos<\/strong><\/h3>\n\n\n\n<ul class=\"wp-block-list\">\n<li>Geral Masculino<\/li>\n\n\n\n<li>Geral Feminino<\/li>\n\n\n\n<li>Local Masculino<\/li>\n\n\n\n<li>Local Feminino<\/li>\n<\/ul>\n\n\n\n<h3 class=\"wp-block-heading\"><strong>Reconhecimento e premia\u00e7\u00e3o<\/strong><\/h3>\n\n\n\n<p>Queremos valorizar o esfor\u00e7o de cada participante. Confira as premia\u00e7\u00f5es para os cinco primeiros colocados:<\/p>\n\n\n\n<ul class=\"wp-block-list\">\n<li><strong>1\u00ba lugar:<\/strong> R$ 500,00<\/li>\n\n\n\n<li><strong>2\u00ba lugar:<\/strong> R$ 300,00<\/li>\n\n\n\n<li><strong>3\u00ba lugar:<\/strong> R$ 200,00<\/li>\n\n\n\n<li><strong>4\u00ba lugar:<\/strong> R$ 100,00<\/li>\n\n\n\n<li><strong>5\u00ba lugar:<\/strong> R$ 50,00<\/li>\n<\/ul>\n\n\n\n<p>E tem mais! Os <strong>150 primeiros inscritos<\/strong> garantem uma medalha de participa\u00e7\u00e3o como lembran\u00e7a de um dia especial.<\/p>\n\n\n\n<h3 class=\"wp-block-heading\"><strong>Como participar<\/strong><\/h3>\n\n\n\n<p>As inscri\u00e7\u00f5es v\u00e3o at\u00e9 o dia <strong>30 de janeiro de 2025<\/strong> e podem ser feitas de duas formas:<\/p>\n\n\n\n<ul class=\"wp-block-list\">\n<li><strong>Presencialmente:<\/strong> Na Secretaria Municipal de Esportes (2\u00ba andar, acima do Bradesco).<\/li>\n\n\n\n<li><strong>Online:<\/strong> <a href=\"https:\/\/forms.gle\/frKzD5s7nBYCVKhw6\">Acesse o formul\u00e1rio de inscri\u00e7\u00e3o aqui<\/a>.<\/li>\n<\/ul>\n\n\n\n<p>Para quem vai competir na <strong>Categoria Local<\/strong>, \u00e9 s\u00f3 levar <strong>2 kg de alimentos n\u00e3o perec\u00edveis<\/strong> no ato da inscri\u00e7\u00e3o. Ah, e n\u00e3o se esque\u00e7a dos documentos: RG, comprovante de resid\u00eancia e t\u00edtulo de eleitor.<\/p>\n\n\n\n<h3 class=\"wp-block-heading\"><strong>D\u00favidas? Estamos aqui para ajudar!<\/strong><\/h3>\n\n\n\n<p>Se precisar de mais informa\u00e7\u00f5es, \u00e9 s\u00f3 entrar em contato pelo telefone <strong>(81) 99749-5276<\/strong>.<\/p>\n\n\n\n<p><strong>Venha fazer parte desse momento \u00fanico!<\/strong><br>A 24\u00aa Corrida de S\u00e3o Sebasti\u00e3o \u00e9 muito mais que uma competi\u00e7\u00e3o: \u00e9 um encontro de gente que ama correr, celebrar e ajudar o pr\u00f3ximo. Vamos juntos transformar essa corrida em uma grande festa de esporte e solidariedade! \ud83d\udeb4\u200d\u2642\ufe0f\ud83c\udf89<\/p>\n\n\n\n<p><\/p>\n","protected":false},"excerpt":{"rendered":"<p>A nossa querida Corrida de S\u00e3o Sebasti\u00e3o est\u00e1 de volta! Em 2025, Paudalho recebe mais uma edi\u00e7\u00e3o desse evento que j\u00e1 \u00e9 tradi\u00e7\u00e3o, reunindo pessoas apaixonadas por esporte e dispostas a superar desafios. Marque na agenda: a corrida acontece no dia 2 de fevereiro, com um percurso de 7,5 km que promete muita emo\u00e7\u00e3o. O [&hellip;]<\/p>\n","protected":false},"author":15,"featured_media":35300,"comment_status":"open","ping_status":"open","sticky":false,"template":"","format":"standard","meta":{"_jetpack_newsletter_access":"","_jetpack_dont_email_post_to_subs":false,"_jetpack_newsletter_tier_id":0,"_jetpack_memberships_contains_paywalled_content":false,"_jetpack_memberships_contains_paid_content":false,"footnotes":""},"categories":[32,2,7,1],"tags":[],"class_list":["post-35299","post","type-post","status-publish","format-standard","has-post-thumbnail","hentry","category-comunicado","category-destaque","category-esportes","category-noticias"],"jetpack_featured_media_url":"https:\/\/www.paudalho.pe.gov.br\/portal\/wp-content\/uploads\/2025\/01\/CSS-1200X400.png","jetpack_sharing_enabled":true,"jetpack_shortlink":"https:\/\/wp.me\/p98mS2-9bl","_links":{"self":[{"href":"https:\/\/www.paudalho.pe.gov.br\/portal\/wp-json\/wp\/v2\/posts\/35299","targetHints":{"allow":["GET"]}}],"collection":[{"href":"https:\/\/www.paudalho.pe.gov.br\/portal\/wp-json\/wp\/v2\/posts"}],"about":[{"href":"https:\/\/www.paudalho.pe.gov.br\/portal\/wp-json\/wp\/v2\/types\/post"}],"author":[{"embeddable":true,"href":"https:\/\/www.paudalho.pe.gov.br\/portal\/wp-json\/wp\/v2\/users\/15"}],"replies":[{"embeddable":true,"href":"https:\/\/www.paudalho.pe.gov.br\/portal\/wp-json\/wp\/v2\/comments?post=35299"}],"version-history":[{"count":1,"href":"https:\/\/www.paudalho.pe.gov.br\/portal\/wp-json\/wp\/v2\/posts\/35299\/revisions"}],"predecessor-version":[{"id":35301,"href":"https:\/\/www.paudalho.pe.gov.br\/portal\/wp-json\/wp\/v2\/posts\/35299\/revisions\/35301"}],"wp:featuredmedia":[{"embeddable":true,"href":"https:\/\/www.paudalho.pe.gov.br\/portal\/wp-json\/wp\/v2\/media\/35300"}],"wp:attachment":[{"href":"https:\/\/www.paudalho.pe.gov.br\/portal\/wp-json\/wp\/v2\/media?parent=35299"}],"wp:term":[{"taxonomy":"category","embeddable":true,"href":"https:\/\/www.paudalho.pe.gov.br\/portal\/wp-json\/wp\/v2\/categories?post=35299"},{"taxonomy":"post_tag","embeddable":true,"href":"https:\/\/www.paudalho.pe.gov.br\/portal\/wp-json\/wp\/v2\/tags?post=35299"}],"curies":[{"name":"wp","href":"https:\/\/api.w.org\/{rel}","templated":true}]}}