{"id":3522,"date":"2018-07-29T00:33:55","date_gmt":"2018-07-29T03:33:55","guid":{"rendered":"http:\/\/www.paudalho.pe.gov.br\/portal\/?p=3522"},"modified":"2018-07-29T00:39:43","modified_gmt":"2018-07-29T03:39:43","slug":"assinatura-de-ordem-de-servico-novos-avancos-e-shows-marcam-festa-pelos-207-anos-de-paudalho","status":"publish","type":"post","link":"https:\/\/www.paudalho.pe.gov.br\/portal\/assinatura-de-ordem-de-servico-novos-avancos-e-shows-marcam-festa-pelos-207-anos-de-paudalho\/","title":{"rendered":"Assinatura de ordem de servi\u00e7o, novos avan\u00e7os e shows marcam festa pelos 207 anos de Paudalho"},"content":{"rendered":"<p>\u201c\u00c9 uma homenagem feita a Paudalho que nenhuma outra pessoa fez. As obras, a gest\u00e3o, a Sa\u00fade est\u00e1 \u00f3tima. Estou feliz\u201d, disse Joseana da Silva, uma das milhares de paudalhenses que participaram dos festejos pelos 207 anos no Munic\u00edpio, nesta sexta-feira (27).<\/p>\n<p>O dia foi recheado de avan\u00e7os, celebra\u00e7\u00f5es e shows no Parque de Eventos Beira-Rio. A Programa\u00e7\u00e3o come\u00e7ou logo cedo com queimas de fogos, hasteamento da bandeira, missa na Matriz do Divino Esp\u00edrito Santo. \u00c0 tarde a popula\u00e7\u00e3o participou do 2\u00ba Encontro de Bandas e Fanfarras que reuniu grupos de diversas unidades de ensino.<\/p>\n<p><img loading=\"lazy\" decoding=\"async\" data-attachment-id=\"3524\" data-permalink=\"https:\/\/www.paudalho.pe.gov.br\/portal\/assinatura-de-ordem-de-servico-novos-avancos-e-shows-marcam-festa-pelos-207-anos-de-paudalho\/0f8b41f2-7713-41de-9058-c902f0433095\/\" data-orig-file=\"https:\/\/www.paudalho.pe.gov.br\/portal\/wp-content\/uploads\/2018\/07\/0f8b41f2-7713-41de-9058-c902f0433095.jpg\" data-orig-size=\"1280,853\" data-comments-opened=\"1\" data-image-meta=\"{&quot;aperture&quot;:&quot;0&quot;,&quot;credit&quot;:&quot;&quot;,&quot;camera&quot;:&quot;&quot;,&quot;caption&quot;:&quot;&quot;,&quot;created_timestamp&quot;:&quot;0&quot;,&quot;copyright&quot;:&quot;&quot;,&quot;focal_length&quot;:&quot;0&quot;,&quot;iso&quot;:&quot;0&quot;,&quot;shutter_speed&quot;:&quot;0&quot;,&quot;title&quot;:&quot;&quot;,&quot;orientation&quot;:&quot;0&quot;}\" data-image-title=\"0f8b41f2-7713-41de-9058-c902f0433095\" data-image-description=\"\" data-image-caption=\"\" data-medium-file=\"https:\/\/www.paudalho.pe.gov.br\/portal\/wp-content\/uploads\/2018\/07\/0f8b41f2-7713-41de-9058-c902f0433095-350x230.jpg\" data-large-file=\"https:\/\/www.paudalho.pe.gov.br\/portal\/wp-content\/uploads\/2018\/07\/0f8b41f2-7713-41de-9058-c902f0433095-800x450.jpg\" class=\"wp-image-3524\" src=\"http:\/\/www.paudalho.pe.gov.br\/portal\/wp-content\/uploads\/2018\/07\/0f8b41f2-7713-41de-9058-c902f0433095-350x230.jpg\" alt=\"\" width=\"531\" height=\"349\" \/><\/p>\n<p><img loading=\"lazy\" decoding=\"async\" data-attachment-id=\"3525\" data-permalink=\"https:\/\/www.paudalho.pe.gov.br\/portal\/assinatura-de-ordem-de-servico-novos-avancos-e-shows-marcam-festa-pelos-207-anos-de-paudalho\/6bf5873d-c358-40ae-a85b-49fb1e03ad65\/\" data-orig-file=\"https:\/\/www.paudalho.pe.gov.br\/portal\/wp-content\/uploads\/2018\/07\/6bf5873d-c358-40ae-a85b-49fb1e03ad65.jpg\" data-orig-size=\"1280,853\" data-comments-opened=\"1\" data-image-meta=\"{&quot;aperture&quot;:&quot;0&quot;,&quot;credit&quot;:&quot;&quot;,&quot;camera&quot;:&quot;&quot;,&quot;caption&quot;:&quot;&quot;,&quot;created_timestamp&quot;:&quot;0&quot;,&quot;copyright&quot;:&quot;&quot;,&quot;focal_length&quot;:&quot;0&quot;,&quot;iso&quot;:&quot;0&quot;,&quot;shutter_speed&quot;:&quot;0&quot;,&quot;title&quot;:&quot;&quot;,&quot;orientation&quot;:&quot;0&quot;}\" data-image-title=\"6bf5873d-c358-40ae-a85b-49fb1e03ad65\" data-image-description=\"\" data-image-caption=\"\" data-medium-file=\"https:\/\/www.paudalho.pe.gov.br\/portal\/wp-content\/uploads\/2018\/07\/6bf5873d-c358-40ae-a85b-49fb1e03ad65-350x230.jpg\" data-large-file=\"https:\/\/www.paudalho.pe.gov.br\/portal\/wp-content\/uploads\/2018\/07\/6bf5873d-c358-40ae-a85b-49fb1e03ad65-800x450.jpg\" class=\"alignnone wp-image-3525\" src=\"http:\/\/www.paudalho.pe.gov.br\/portal\/wp-content\/uploads\/2018\/07\/6bf5873d-c358-40ae-a85b-49fb1e03ad65-350x230.jpg\" alt=\"\" width=\"531\" height=\"349\" \/><\/p>\n<p><img loading=\"lazy\" decoding=\"async\" data-attachment-id=\"3526\" data-permalink=\"https:\/\/www.paudalho.pe.gov.br\/portal\/assinatura-de-ordem-de-servico-novos-avancos-e-shows-marcam-festa-pelos-207-anos-de-paudalho\/8a0ac39b-300f-4f79-9269-be99a23e2093\/\" data-orig-file=\"https:\/\/www.paudalho.pe.gov.br\/portal\/wp-content\/uploads\/2018\/07\/8a0ac39b-300f-4f79-9269-be99a23e2093.jpg\" data-orig-size=\"1280,853\" data-comments-opened=\"1\" data-image-meta=\"{&quot;aperture&quot;:&quot;0&quot;,&quot;credit&quot;:&quot;&quot;,&quot;camera&quot;:&quot;&quot;,&quot;caption&quot;:&quot;&quot;,&quot;created_timestamp&quot;:&quot;0&quot;,&quot;copyright&quot;:&quot;&quot;,&quot;focal_length&quot;:&quot;0&quot;,&quot;iso&quot;:&quot;0&quot;,&quot;shutter_speed&quot;:&quot;0&quot;,&quot;title&quot;:&quot;&quot;,&quot;orientation&quot;:&quot;0&quot;}\" data-image-title=\"8a0ac39b-300f-4f79-9269-be99a23e2093\" data-image-description=\"\" data-image-caption=\"\" data-medium-file=\"https:\/\/www.paudalho.pe.gov.br\/portal\/wp-content\/uploads\/2018\/07\/8a0ac39b-300f-4f79-9269-be99a23e2093-350x230.jpg\" data-large-file=\"https:\/\/www.paudalho.pe.gov.br\/portal\/wp-content\/uploads\/2018\/07\/8a0ac39b-300f-4f79-9269-be99a23e2093-800x450.jpg\" class=\"alignnone wp-image-3526\" src=\"http:\/\/www.paudalho.pe.gov.br\/portal\/wp-content\/uploads\/2018\/07\/8a0ac39b-300f-4f79-9269-be99a23e2093-350x230.jpg\" alt=\"\" width=\"531\" height=\"349\" \/><\/p>\n<h2><strong>Assinatura de Ordem de Servi\u00e7o<\/strong><\/h2>\n<p>E abrilhantando as festividades, mostrando que a gest\u00e3o avan\u00e7a nos trabalhos, o prefeito Marcelo Gouveia, juntamente com o secret\u00e1rio de Esportes, Juventude, Lazer e Desenvolvimento Econ\u00f4mico, Leonardo Coutinho assinou a Ordem de Servi\u00e7o do Est\u00e1dio Municipal. A obra, no bairro da Primavera, ser\u00e1 dividida em duas partes: primeiro ser\u00e1 realizado a drenagem, a constru\u00e7\u00e3o do alambrado e gramado. Na segunda, ser\u00e1 colocada ilumina\u00e7\u00e3o, arquibancadas e cabine. \u201cNossa ideia \u00e9 primeiro, abrir para jogo para que os paudalhenses tenha um lugar onde possam usufruir de um local adequado para o esporte\u201d, disse. As obras tem previs\u00e3o para come\u00e7ar na pr\u00f3xima semana. A primeira etapa deve ser conclu\u00edda em no m\u00e1ximo tr\u00eas meses.<\/p>\n<p><img loading=\"lazy\" decoding=\"async\" data-attachment-id=\"3527\" data-permalink=\"https:\/\/www.paudalho.pe.gov.br\/portal\/assinatura-de-ordem-de-servico-novos-avancos-e-shows-marcam-festa-pelos-207-anos-de-paudalho\/f573cde0-8bbe-4efa-aae2-ba595ca700e5\/\" data-orig-file=\"https:\/\/www.paudalho.pe.gov.br\/portal\/wp-content\/uploads\/2018\/07\/f573cde0-8bbe-4efa-aae2-ba595ca700e5.jpg\" data-orig-size=\"1280,853\" data-comments-opened=\"1\" data-image-meta=\"{&quot;aperture&quot;:&quot;0&quot;,&quot;credit&quot;:&quot;&quot;,&quot;camera&quot;:&quot;&quot;,&quot;caption&quot;:&quot;&quot;,&quot;created_timestamp&quot;:&quot;0&quot;,&quot;copyright&quot;:&quot;&quot;,&quot;focal_length&quot;:&quot;0&quot;,&quot;iso&quot;:&quot;0&quot;,&quot;shutter_speed&quot;:&quot;0&quot;,&quot;title&quot;:&quot;&quot;,&quot;orientation&quot;:&quot;0&quot;}\" data-image-title=\"f573cde0-8bbe-4efa-aae2-ba595ca700e5\" data-image-description=\"\" data-image-caption=\"\" data-medium-file=\"https:\/\/www.paudalho.pe.gov.br\/portal\/wp-content\/uploads\/2018\/07\/f573cde0-8bbe-4efa-aae2-ba595ca700e5-350x230.jpg\" data-large-file=\"https:\/\/www.paudalho.pe.gov.br\/portal\/wp-content\/uploads\/2018\/07\/f573cde0-8bbe-4efa-aae2-ba595ca700e5-800x450.jpg\" class=\"alignnone wp-image-3527\" src=\"http:\/\/www.paudalho.pe.gov.br\/portal\/wp-content\/uploads\/2018\/07\/f573cde0-8bbe-4efa-aae2-ba595ca700e5-350x230.jpg\" alt=\"\" width=\"550\" height=\"361\" \/><\/p>\n<h2><strong>Mais obras e avan\u00e7os<\/strong><\/h2>\n<p>Ainda segundo o gestor, outra obra que ser\u00e1 entrega a popula\u00e7\u00e3o \u00e9 a do Teatro Municipal que h\u00e1 v\u00e1rios anos n\u00e3o recebia incentivo do Prefeitura. \u201cOutra importante obra que est\u00e1 no nosso planejamento e vir\u00e1 em seguida do Est\u00e1dio Municipal Laura Bandeira de Melo, \u00e9 o Teatro Municipal. \u00c9 uma obra muito importante para a cultura dos paudalhenses\u201d, disse. Mas, os investimentos n\u00e3o param! \u201cHoje estamos escrevendo hist\u00f3ria. Estamos com mais de cem ruas no Munic\u00edpio sendo pavimentada, duas creches\u00a0 e escolas sendo constru\u00eddas, estamos dando ordem de servi\u00e7o na semana que vem de mais uma amplia\u00e7\u00e3o de uma escola e de mais um posto de sa\u00fade e ainda vamos entregar mais sete ambul\u00e2ncias. \u00c9 uma tempestade de investimentos\u201d, comemorou o prefeito.<\/p>\n<p><img loading=\"lazy\" decoding=\"async\" data-attachment-id=\"3528\" data-permalink=\"https:\/\/www.paudalho.pe.gov.br\/portal\/assinatura-de-ordem-de-servico-novos-avancos-e-shows-marcam-festa-pelos-207-anos-de-paudalho\/3035ca12-a4c5-4cc9-b3c4-64aecff785fe\/\" data-orig-file=\"https:\/\/www.paudalho.pe.gov.br\/portal\/wp-content\/uploads\/2018\/07\/3035ca12-a4c5-4cc9-b3c4-64aecff785fe.jpg\" data-orig-size=\"1280,853\" data-comments-opened=\"1\" data-image-meta=\"{&quot;aperture&quot;:&quot;0&quot;,&quot;credit&quot;:&quot;&quot;,&quot;camera&quot;:&quot;&quot;,&quot;caption&quot;:&quot;&quot;,&quot;created_timestamp&quot;:&quot;0&quot;,&quot;copyright&quot;:&quot;&quot;,&quot;focal_length&quot;:&quot;0&quot;,&quot;iso&quot;:&quot;0&quot;,&quot;shutter_speed&quot;:&quot;0&quot;,&quot;title&quot;:&quot;&quot;,&quot;orientation&quot;:&quot;0&quot;}\" data-image-title=\"3035ca12-a4c5-4cc9-b3c4-64aecff785fe\" data-image-description=\"\" data-image-caption=\"\" data-medium-file=\"https:\/\/www.paudalho.pe.gov.br\/portal\/wp-content\/uploads\/2018\/07\/3035ca12-a4c5-4cc9-b3c4-64aecff785fe-350x230.jpg\" data-large-file=\"https:\/\/www.paudalho.pe.gov.br\/portal\/wp-content\/uploads\/2018\/07\/3035ca12-a4c5-4cc9-b3c4-64aecff785fe-800x450.jpg\" class=\"alignnone wp-image-3528\" src=\"http:\/\/www.paudalho.pe.gov.br\/portal\/wp-content\/uploads\/2018\/07\/3035ca12-a4c5-4cc9-b3c4-64aecff785fe-350x230.jpg\" alt=\"\" width=\"563\" height=\"370\" \/><\/p>\n<p>A festa era da fam\u00edlia. Crian\u00e7as, jovens, homens e mulheres participaram da celebra\u00e7\u00e3o que seguiu durante a noite. Uma multid\u00e3o lotou o Parque de Eventos Beira-Rio. Subiram ao palco os MCs Juninho, VN, Elvis, o cantor Dod\u00f4 Press\u00e3o, Banda Sedutora e Andr\u00e9 Viana. Rosembegna Batista foi com a fam\u00edlia e elogiou a seguran\u00e7a no evento. \u201cEst\u00e1 \u00f3timo, est\u00e1 tudo em paz. Eu vim com meus filhos e est\u00e1 muito seguro\u201d, destacou.<\/p>\n<p><img loading=\"lazy\" decoding=\"async\" data-attachment-id=\"3529\" data-permalink=\"https:\/\/www.paudalho.pe.gov.br\/portal\/assinatura-de-ordem-de-servico-novos-avancos-e-shows-marcam-festa-pelos-207-anos-de-paudalho\/da26b6eb-41f6-44e6-bf73-8e90eb48c73c\/\" data-orig-file=\"https:\/\/www.paudalho.pe.gov.br\/portal\/wp-content\/uploads\/2018\/07\/da26b6eb-41f6-44e6-bf73-8e90eb48c73c.jpg\" data-orig-size=\"1280,853\" data-comments-opened=\"1\" data-image-meta=\"{&quot;aperture&quot;:&quot;0&quot;,&quot;credit&quot;:&quot;&quot;,&quot;camera&quot;:&quot;&quot;,&quot;caption&quot;:&quot;&quot;,&quot;created_timestamp&quot;:&quot;0&quot;,&quot;copyright&quot;:&quot;&quot;,&quot;focal_length&quot;:&quot;0&quot;,&quot;iso&quot;:&quot;0&quot;,&quot;shutter_speed&quot;:&quot;0&quot;,&quot;title&quot;:&quot;&quot;,&quot;orientation&quot;:&quot;0&quot;}\" data-image-title=\"da26b6eb-41f6-44e6-bf73-8e90eb48c73c\" data-image-description=\"\" data-image-caption=\"\" data-medium-file=\"https:\/\/www.paudalho.pe.gov.br\/portal\/wp-content\/uploads\/2018\/07\/da26b6eb-41f6-44e6-bf73-8e90eb48c73c-350x230.jpg\" data-large-file=\"https:\/\/www.paudalho.pe.gov.br\/portal\/wp-content\/uploads\/2018\/07\/da26b6eb-41f6-44e6-bf73-8e90eb48c73c-800x450.jpg\" class=\"alignnone wp-image-3529\" src=\"http:\/\/www.paudalho.pe.gov.br\/portal\/wp-content\/uploads\/2018\/07\/da26b6eb-41f6-44e6-bf73-8e90eb48c73c-350x230.jpg\" alt=\"\" width=\"550\" height=\"361\" \/><\/p>\n<p><img loading=\"lazy\" decoding=\"async\" data-attachment-id=\"3530\" data-permalink=\"https:\/\/www.paudalho.pe.gov.br\/portal\/assinatura-de-ordem-de-servico-novos-avancos-e-shows-marcam-festa-pelos-207-anos-de-paudalho\/d469e2c2-cb07-4315-a02e-ad94d7319268\/\" data-orig-file=\"https:\/\/www.paudalho.pe.gov.br\/portal\/wp-content\/uploads\/2018\/07\/d469e2c2-cb07-4315-a02e-ad94d7319268.jpg\" data-orig-size=\"1280,853\" data-comments-opened=\"1\" data-image-meta=\"{&quot;aperture&quot;:&quot;0&quot;,&quot;credit&quot;:&quot;&quot;,&quot;camera&quot;:&quot;&quot;,&quot;caption&quot;:&quot;&quot;,&quot;created_timestamp&quot;:&quot;0&quot;,&quot;copyright&quot;:&quot;&quot;,&quot;focal_length&quot;:&quot;0&quot;,&quot;iso&quot;:&quot;0&quot;,&quot;shutter_speed&quot;:&quot;0&quot;,&quot;title&quot;:&quot;&quot;,&quot;orientation&quot;:&quot;0&quot;}\" data-image-title=\"d469e2c2-cb07-4315-a02e-ad94d7319268\" data-image-description=\"\" data-image-caption=\"\" data-medium-file=\"https:\/\/www.paudalho.pe.gov.br\/portal\/wp-content\/uploads\/2018\/07\/d469e2c2-cb07-4315-a02e-ad94d7319268-350x230.jpg\" data-large-file=\"https:\/\/www.paudalho.pe.gov.br\/portal\/wp-content\/uploads\/2018\/07\/d469e2c2-cb07-4315-a02e-ad94d7319268-800x450.jpg\" class=\"alignnone wp-image-3530\" src=\"http:\/\/www.paudalho.pe.gov.br\/portal\/wp-content\/uploads\/2018\/07\/d469e2c2-cb07-4315-a02e-ad94d7319268-350x230.jpg\" alt=\"\" width=\"551\" height=\"362\" \/><\/p>\n<p>Vale lembrar que a gest\u00e3o segue comprometida e todas essas conquistas s\u00e3o apenas o come\u00e7o dessa nova hist\u00f3ria.<\/p>\n<p>&nbsp;<\/p>\n","protected":false},"excerpt":{"rendered":"<p>\u201c\u00c9 uma homenagem feita a Paudalho que nenhuma outra pessoa fez. As obras, a gest\u00e3o, a Sa\u00fade est\u00e1 \u00f3tima. Estou feliz\u201d, disse Joseana da Silva, uma das milhares de paudalhenses que participaram dos festejos pelos 207 anos no Munic\u00edpio, nesta sexta-feira (27). O dia foi recheado de avan\u00e7os, celebra\u00e7\u00f5es e shows no Parque de Eventos [&hellip;]<\/p>\n","protected":false},"author":4,"featured_media":3523,"comment_status":"open","ping_status":"open","sticky":false,"template":"","format":"standard","meta":{"_jetpack_newsletter_access":"","_jetpack_dont_email_post_to_subs":false,"_jetpack_newsletter_tier_id":0,"_jetpack_memberships_contains_paywalled_content":false,"_jetpack_memberships_contains_paid_content":false,"footnotes":""},"categories":[2,1],"tags":[352,353,351,14],"class_list":["post-3522","post","type-post","status-publish","format-standard","has-post-thumbnail","hentry","category-destaque","category-noticias","tag-207-anos","tag-aniversario","tag-festa","tag-paudalho"],"jetpack_featured_media_url":"https:\/\/www.paudalho.pe.gov.br\/portal\/wp-content\/uploads\/2018\/07\/b6b024bf-65fc-4b58-b76d-41e035095adb.jpg","jetpack_sharing_enabled":true,"jetpack_shortlink":"https:\/\/wp.me\/p98mS2-UO","_links":{"self":[{"href":"https:\/\/www.paudalho.pe.gov.br\/portal\/wp-json\/wp\/v2\/posts\/3522","targetHints":{"allow":["GET"]}}],"collection":[{"href":"https:\/\/www.paudalho.pe.gov.br\/portal\/wp-json\/wp\/v2\/posts"}],"about":[{"href":"https:\/\/www.paudalho.pe.gov.br\/portal\/wp-json\/wp\/v2\/types\/post"}],"author":[{"embeddable":true,"href":"https:\/\/www.paudalho.pe.gov.br\/portal\/wp-json\/wp\/v2\/users\/4"}],"replies":[{"embeddable":true,"href":"https:\/\/www.paudalho.pe.gov.br\/portal\/wp-json\/wp\/v2\/comments?post=3522"}],"version-history":[{"count":11,"href":"https:\/\/www.paudalho.pe.gov.br\/portal\/wp-json\/wp\/v2\/posts\/3522\/revisions"}],"predecessor-version":[{"id":3541,"href":"https:\/\/www.paudalho.pe.gov.br\/portal\/wp-json\/wp\/v2\/posts\/3522\/revisions\/3541"}],"wp:featuredmedia":[{"embeddable":true,"href":"https:\/\/www.paudalho.pe.gov.br\/portal\/wp-json\/wp\/v2\/media\/3523"}],"wp:attachment":[{"href":"https:\/\/www.paudalho.pe.gov.br\/portal\/wp-json\/wp\/v2\/media?parent=3522"}],"wp:term":[{"taxonomy":"category","embeddable":true,"href":"https:\/\/www.paudalho.pe.gov.br\/portal\/wp-json\/wp\/v2\/categories?post=3522"},{"taxonomy":"post_tag","embeddable":true,"href":"https:\/\/www.paudalho.pe.gov.br\/portal\/wp-json\/wp\/v2\/tags?post=3522"}],"curies":[{"name":"wp","href":"https:\/\/api.w.org\/{rel}","templated":true}]}}