{"id":35110,"date":"2024-11-26T18:42:06","date_gmt":"2024-11-26T21:42:06","guid":{"rendered":"https:\/\/www.paudalho.pe.gov.br\/portal\/?p=35110"},"modified":"2024-11-29T12:13:41","modified_gmt":"2024-11-29T15:13:41","slug":"reuniao-formaliza-transicao-de-governo-entre-marcello-gouveia-e-paula-frassinette","status":"publish","type":"post","link":"https:\/\/www.paudalho.pe.gov.br\/portal\/reuniao-formaliza-transicao-de-governo-entre-marcello-gouveia-e-paula-frassinette\/","title":{"rendered":"Reuni\u00e3o formaliza transi\u00e7\u00e3o de governo entre Marcello Gouveia e Paula Frassinette"},"content":{"rendered":"\n<p><strong><br><\/strong>Reuni\u00e3o formaliza transi\u00e7\u00e3o de governo entre Marcello Gouveia e Paula Frassinette<br>Na tarde desta ter\u00e7a-feira, \u00e0s 14h, as equipes de transi\u00e7\u00e3o do atual prefeito Marcello Gouveia e da prefeita eleita Paula Frassinette se reuniram no gabinete do prefeito, na sede da Prefeitura de Paudalho, para formalizar a transi\u00e7\u00e3o de governo.<\/p>\n\n\n<div class=\"wp-block-image\">\n<figure class=\"alignright size-large is-resized\"><img loading=\"lazy\" decoding=\"async\" width=\"800\" height=\"450\" data-attachment-id=\"35107\" data-permalink=\"https:\/\/www.paudalho.pe.gov.br\/portal\/img_1179-2\/\" data-orig-file=\"https:\/\/www.paudalho.pe.gov.br\/portal\/wp-content\/uploads\/2024\/11\/IMG_1179-scaled.jpg\" data-orig-size=\"2560,1920\" data-comments-opened=\"1\" data-image-meta=\"{&quot;aperture&quot;:&quot;0&quot;,&quot;credit&quot;:&quot;&quot;,&quot;camera&quot;:&quot;&quot;,&quot;caption&quot;:&quot;&quot;,&quot;created_timestamp&quot;:&quot;0&quot;,&quot;copyright&quot;:&quot;&quot;,&quot;focal_length&quot;:&quot;0&quot;,&quot;iso&quot;:&quot;0&quot;,&quot;shutter_speed&quot;:&quot;0&quot;,&quot;title&quot;:&quot;&quot;,&quot;orientation&quot;:&quot;0&quot;}\" data-image-title=\"IMG_1179\" data-image-description=\"\" data-image-caption=\"\" data-medium-file=\"https:\/\/www.paudalho.pe.gov.br\/portal\/wp-content\/uploads\/2024\/11\/IMG_1179-350x230.jpg\" data-large-file=\"https:\/\/www.paudalho.pe.gov.br\/portal\/wp-content\/uploads\/2024\/11\/IMG_1179-800x450.jpg\" src=\"https:\/\/www.paudalho.pe.gov.br\/portal\/wp-content\/uploads\/2024\/11\/IMG_1179-800x450.jpg\" alt=\"\" class=\"wp-image-35107\" style=\"width:467px;height:auto\"\/><\/figure><\/div>\n\n\n<p>Conforme orienta\u00e7\u00f5es do Tribunal de Contas do Estado, todo candidato eleito passa por um processo de transi\u00e7\u00e3o. Nesse momento, s\u00e3o formadas duas equipes: a do governo atual e a do novo governo que assumir\u00e1 o mandato. Durante esse per\u00edodo, a equipe da prefeita eleita solicita documentos essenciais para o planejamento da pr\u00f3xima gest\u00e3o.<\/p>\n\n\n\n<p>Durante o encontro, foi feita a entrega formal da documenta\u00e7\u00e3o solicitada pela equipe de Paula Frassinette. Esse gesto oficializa o compromisso de ambas as gest\u00f5es em garantir uma transi\u00e7\u00e3o transparente e eficiente, fundamental para a continuidade das pol\u00edticas p\u00fablicas e do trabalho em benef\u00edcio da popula\u00e7\u00e3o de Paudalho.<\/p>\n\n\n\n<p>A prefeita eleita Paula Frassinette destacou: \u201cAgrade\u00e7o \u00e0 equipe do prefeito Marcello por atender aos pedidos da nossa equipe de forma colaborativa. Esse momento \u00e9 essencial para garantir uma gest\u00e3o respons\u00e1vel e alinhada com as expectativas da nossa popula\u00e7\u00e3o.\u201d<\/p>\n\n\n\n<p>O encontro marcou mais um passo importante na troca de gest\u00f5es, refor\u00e7ando o profissionalismo e a seriedade que envolvem o processo de transi\u00e7\u00e3o.<\/p>\n","protected":false},"excerpt":{"rendered":"<p>Reuni\u00e3o formaliza transi\u00e7\u00e3o de governo entre Marcello Gouveia e Paula FrassinetteNa tarde desta ter\u00e7a-feira, \u00e0s 14h, as equipes de transi\u00e7\u00e3o do atual prefeito Marcello Gouveia e da prefeita eleita Paula Frassinette se reuniram no gabinete do prefeito, na sede da Prefeitura de Paudalho, para formalizar a transi\u00e7\u00e3o de governo. Conforme orienta\u00e7\u00f5es do Tribunal de Contas [&hellip;]<\/p>\n","protected":false},"author":15,"featured_media":35106,"comment_status":"open","ping_status":"open","sticky":false,"template":"","format":"standard","meta":{"_jetpack_newsletter_access":"","_jetpack_dont_email_post_to_subs":false,"_jetpack_newsletter_tier_id":0,"_jetpack_memberships_contains_paywalled_content":false,"_jetpack_memberships_contains_paid_content":false,"footnotes":""},"categories":[1],"tags":[],"class_list":["post-35110","post","type-post","status-publish","format-standard","has-post-thumbnail","hentry","category-noticias"],"jetpack_featured_media_url":"https:\/\/www.paudalho.pe.gov.br\/portal\/wp-content\/uploads\/2024\/11\/IMG_1214-scaled.jpg","jetpack_sharing_enabled":true,"jetpack_shortlink":"https:\/\/wp.me\/p98mS2-98i","_links":{"self":[{"href":"https:\/\/www.paudalho.pe.gov.br\/portal\/wp-json\/wp\/v2\/posts\/35110","targetHints":{"allow":["GET"]}}],"collection":[{"href":"https:\/\/www.paudalho.pe.gov.br\/portal\/wp-json\/wp\/v2\/posts"}],"about":[{"href":"https:\/\/www.paudalho.pe.gov.br\/portal\/wp-json\/wp\/v2\/types\/post"}],"author":[{"embeddable":true,"href":"https:\/\/www.paudalho.pe.gov.br\/portal\/wp-json\/wp\/v2\/users\/15"}],"replies":[{"embeddable":true,"href":"https:\/\/www.paudalho.pe.gov.br\/portal\/wp-json\/wp\/v2\/comments?post=35110"}],"version-history":[{"count":2,"href":"https:\/\/www.paudalho.pe.gov.br\/portal\/wp-json\/wp\/v2\/posts\/35110\/revisions"}],"predecessor-version":[{"id":35112,"href":"https:\/\/www.paudalho.pe.gov.br\/portal\/wp-json\/wp\/v2\/posts\/35110\/revisions\/35112"}],"wp:featuredmedia":[{"embeddable":true,"href":"https:\/\/www.paudalho.pe.gov.br\/portal\/wp-json\/wp\/v2\/media\/35106"}],"wp:attachment":[{"href":"https:\/\/www.paudalho.pe.gov.br\/portal\/wp-json\/wp\/v2\/media?parent=35110"}],"wp:term":[{"taxonomy":"category","embeddable":true,"href":"https:\/\/www.paudalho.pe.gov.br\/portal\/wp-json\/wp\/v2\/categories?post=35110"},{"taxonomy":"post_tag","embeddable":true,"href":"https:\/\/www.paudalho.pe.gov.br\/portal\/wp-json\/wp\/v2\/tags?post=35110"}],"curies":[{"name":"wp","href":"https:\/\/api.w.org\/{rel}","templated":true}]}}