{"id":34958,"date":"2024-11-13T17:27:14","date_gmt":"2024-11-13T20:27:14","guid":{"rendered":"https:\/\/www.paudalho.pe.gov.br\/portal\/?p=34958"},"modified":"2024-11-13T17:27:14","modified_gmt":"2024-11-13T20:27:14","slug":"prefeitura-de-paudalho-abre-quatro-editais-culturais-da-politica-nacional-aldir-blanc","status":"publish","type":"post","link":"https:\/\/www.paudalho.pe.gov.br\/portal\/prefeitura-de-paudalho-abre-quatro-editais-culturais-da-politica-nacional-aldir-blanc\/","title":{"rendered":"Prefeitura de Paudalho abre quatro editais culturais da Pol\u00edtica Nacional Aldir Blanc"},"content":{"rendered":"\n<p><\/p>\n\n\n\n<p>A Prefeitura de Paudalho, por meio da Secretaria de Cultura, lan\u00e7a quatro editais com recursos da Pol\u00edtica Nacional Aldir Blanc de Fomento \u00e0 Cultura, visando apoiar e valorizar a produ\u00e7\u00e3o cultural local. Esses editais contemplam diversas \u00e1reas, desde a preserva\u00e7\u00e3o de culturas tradicionais at\u00e9 a cria\u00e7\u00e3o e difus\u00e3o de projetos art\u00edsticos.<\/p>\n\n\n\n<p>1. Edital Multilinguagens Severino Rodrigues da Silva (Biu Sanfoneiro)<\/p>\n\n\n\n<p>Este edital \u00e9 voltado para a sele\u00e7\u00e3o de 21 propostas de diversas \u00e1reas culturais, incluindo artesanato, dan\u00e7a, literatura, m\u00fasica e teatro. As categorias incluem mostras culturais, circula\u00e7\u00e3o e difus\u00e3o, forma\u00e7\u00e3o e pesquisa. O valor total do edital \u00e9 de R$ 170.000,00, distribu\u00eddo conforme as categorias.<\/p>\n\n\n\n<div class=\"wp-block-file\"><a id=\"wp-block-file--media-bcf30938-416f-4007-85d6-f23aaedd2962\" href=\"https:\/\/www.paudalho.pe.gov.br\/portal\/wp-content\/uploads\/2024\/11\/EDITAL-MULTILINGUAGENS-SEVERINO-RODRIGUES-DA-SILVA-BIU-SANFONEIRO-pdf.io_.pdf\">EDITAL MULTILINGUAGENS SEVERINO RODRIGUES DA SILVA (BIU SANFONEIRO) (pdf.io)<\/a><a href=\"https:\/\/www.paudalho.pe.gov.br\/portal\/wp-content\/uploads\/2024\/11\/EDITAL-MULTILINGUAGENS-SEVERINO-RODRIGUES-DA-SILVA-BIU-SANFONEIRO-pdf.io_.pdf\" class=\"wp-block-file__button wp-element-button\" download aria-describedby=\"wp-block-file--media-bcf30938-416f-4007-85d6-f23aaedd2962\">Baixar<\/a><\/div>\n\n\n\n<div class=\"wp-block-file\"><a id=\"wp-block-file--media-8fdc857e-e45d-41d3-8669-e12c8b464c01\" href=\"https:\/\/www.paudalho.pe.gov.br\/portal\/wp-content\/uploads\/2024\/11\/ANEXO-I-CATEGORIAS-E-COTAS.pdf\">ANEXO I &#8211; CATEGORIAS E COTAS<\/a><a href=\"https:\/\/www.paudalho.pe.gov.br\/portal\/wp-content\/uploads\/2024\/11\/ANEXO-I-CATEGORIAS-E-COTAS.pdf\" class=\"wp-block-file__button wp-element-button\" download aria-describedby=\"wp-block-file--media-8fdc857e-e45d-41d3-8669-e12c8b464c01\">Baixar<\/a><\/div>\n\n\n\n<div class=\"wp-block-file\"><a id=\"wp-block-file--media-d0e8f953-2e4c-42b2-8e86-97e3710c0500\" href=\"https:\/\/www.paudalho.pe.gov.br\/portal\/wp-content\/uploads\/2024\/11\/ANEXO-II-FORMULARIO-DE-INSCRICAO-E-PLANO-DE-TRABALHO.pdf\">ANEXO II &#8211; FORMUL\u00c1RIO DE INSCRI\u00c7\u00c3O E PLANO DE TRABALHO<\/a><a href=\"https:\/\/www.paudalho.pe.gov.br\/portal\/wp-content\/uploads\/2024\/11\/ANEXO-II-FORMULARIO-DE-INSCRICAO-E-PLANO-DE-TRABALHO.pdf\" class=\"wp-block-file__button wp-element-button\" download aria-describedby=\"wp-block-file--media-d0e8f953-2e4c-42b2-8e86-97e3710c0500\">Baixar<\/a><\/div>\n\n\n\n<div class=\"wp-block-file\"><a id=\"wp-block-file--media-0809c0a6-be6c-4243-8ba8-c89adda028d8\" href=\"https:\/\/www.paudalho.pe.gov.br\/portal\/wp-content\/uploads\/2024\/11\/ANEXO-III-CRITERIOS-DE-AVALIACAO.pdf\">ANEXO III &#8211; CRIT\u00c9RIOS DE AVALIA\u00c7\u00c3O<\/a><a href=\"https:\/\/www.paudalho.pe.gov.br\/portal\/wp-content\/uploads\/2024\/11\/ANEXO-III-CRITERIOS-DE-AVALIACAO.pdf\" class=\"wp-block-file__button wp-element-button\" download aria-describedby=\"wp-block-file--media-0809c0a6-be6c-4243-8ba8-c89adda028d8\">Baixar<\/a><\/div>\n\n\n\n<div class=\"wp-block-file\"><a id=\"wp-block-file--media-101b6e60-e730-4cae-910e-caff2ef0a527\" href=\"https:\/\/www.paudalho.pe.gov.br\/portal\/wp-content\/uploads\/2024\/11\/ANEXO-IV-AUTODECLARACAO-PARA-CERTIFICACAO-DO-BONUS-EXTRA.pdf\">ANEXO IV &#8211; AUTODECLARA\u00c7\u00c3O PARA CERTIFICA\u00c7\u00c3O DO B\u00d4NUS EXTRA<\/a><a href=\"https:\/\/www.paudalho.pe.gov.br\/portal\/wp-content\/uploads\/2024\/11\/ANEXO-IV-AUTODECLARACAO-PARA-CERTIFICACAO-DO-BONUS-EXTRA.pdf\" class=\"wp-block-file__button wp-element-button\" download aria-describedby=\"wp-block-file--media-101b6e60-e730-4cae-910e-caff2ef0a527\">Baixar<\/a><\/div>\n\n\n\n<div class=\"wp-block-file\"><a id=\"wp-block-file--media-44250296-1728-4dae-8cf0-5fe923322a94\" href=\"https:\/\/www.paudalho.pe.gov.br\/portal\/wp-content\/uploads\/2024\/11\/ANEXO-V-DECLARACAO-PARA-COTAS-PESSOAS-NEGRAS-E-INDIGENAS.pdf\">ANEXO V &#8211; DECLARA\u00c7\u00c3O PARA COTAS PESSOAS NEGRAS E IND\u00cdGENAS<\/a><a href=\"https:\/\/www.paudalho.pe.gov.br\/portal\/wp-content\/uploads\/2024\/11\/ANEXO-V-DECLARACAO-PARA-COTAS-PESSOAS-NEGRAS-E-INDIGENAS.pdf\" class=\"wp-block-file__button wp-element-button\" download aria-describedby=\"wp-block-file--media-44250296-1728-4dae-8cf0-5fe923322a94\">Baixar<\/a><\/div>\n\n\n\n<div class=\"wp-block-file\"><a id=\"wp-block-file--media-3d7870a8-ce4d-45c0-b7e8-362814f2c57e\" href=\"https:\/\/www.paudalho.pe.gov.br\/portal\/wp-content\/uploads\/2024\/11\/ANEXO-VI-DECLARACAO-PARA-COLETIVOS-SEM-CNPJ.pdf\">ANEXO VI &#8211; DECLARA\u00c7\u00c3O PARA COLETIVOS SEM CNPJ<\/a><a href=\"https:\/\/www.paudalho.pe.gov.br\/portal\/wp-content\/uploads\/2024\/11\/ANEXO-VI-DECLARACAO-PARA-COLETIVOS-SEM-CNPJ.pdf\" class=\"wp-block-file__button wp-element-button\" download aria-describedby=\"wp-block-file--media-3d7870a8-ce4d-45c0-b7e8-362814f2c57e\">Baixar<\/a><\/div>\n\n\n\n<div class=\"wp-block-file\"><a id=\"wp-block-file--media-82493331-4376-4a02-97c4-c9778b248feb\" href=\"https:\/\/www.paudalho.pe.gov.br\/portal\/wp-content\/uploads\/2024\/11\/ANEXO-VII-DECLARACAO-PARA-COTAS-PCD.pdf\">ANEXO VII &#8211; DECLARA\u00c7\u00c3O PARA COTAS PCD<\/a><a href=\"https:\/\/www.paudalho.pe.gov.br\/portal\/wp-content\/uploads\/2024\/11\/ANEXO-VII-DECLARACAO-PARA-COTAS-PCD.pdf\" class=\"wp-block-file__button wp-element-button\" download aria-describedby=\"wp-block-file--media-82493331-4376-4a02-97c4-c9778b248feb\">Baixar<\/a><\/div>\n\n\n\n<div class=\"wp-block-file\"><a id=\"wp-block-file--media-08f2bba0-d675-4941-93a1-d2bbc7245276\" href=\"https:\/\/www.paudalho.pe.gov.br\/portal\/wp-content\/uploads\/2024\/11\/ANEXO-VIII-FORMULARIOS-DE-RECURSO.pdf\">ANEXO VIII &#8211; FORMUL\u00c1RIOS DE RECURSO<\/a><a href=\"https:\/\/www.paudalho.pe.gov.br\/portal\/wp-content\/uploads\/2024\/11\/ANEXO-VIII-FORMULARIOS-DE-RECURSO.pdf\" class=\"wp-block-file__button wp-element-button\" download aria-describedby=\"wp-block-file--media-08f2bba0-d675-4941-93a1-d2bbc7245276\">Baixar<\/a><\/div>\n\n\n\n<div class=\"wp-block-file\"><a id=\"wp-block-file--media-8de80cf6-b163-4ddd-b04a-99cd21119809\" href=\"https:\/\/www.paudalho.pe.gov.br\/portal\/wp-content\/uploads\/2024\/11\/ANEXO-IX-TERMO-DE-EXECUCAO-CULTURAL.pdf\">ANEXO IX &#8211; TERMO DE EXECU\u00c7\u00c3O CULTURAL<\/a><a href=\"https:\/\/www.paudalho.pe.gov.br\/portal\/wp-content\/uploads\/2024\/11\/ANEXO-IX-TERMO-DE-EXECUCAO-CULTURAL.pdf\" class=\"wp-block-file__button wp-element-button\" download aria-describedby=\"wp-block-file--media-8de80cf6-b163-4ddd-b04a-99cd21119809\">Baixar<\/a><\/div>\n\n\n\n<div class=\"wp-block-file\"><a id=\"wp-block-file--media-c9ddad9e-2b14-4c56-bac3-03b5bacaecd7\" href=\"https:\/\/www.paudalho.pe.gov.br\/portal\/wp-content\/uploads\/2024\/11\/ANEXO-X-RELATORIO-DE-OBJETO-DA-EXECUCAO-CULTURAL.pdf\">ANEXO X &#8211; RELAT\u00d3RIO DE OBJETO DA EXECU\u00c7\u00c3O CULTURAL<\/a><a href=\"https:\/\/www.paudalho.pe.gov.br\/portal\/wp-content\/uploads\/2024\/11\/ANEXO-X-RELATORIO-DE-OBJETO-DA-EXECUCAO-CULTURAL.pdf\" class=\"wp-block-file__button wp-element-button\" download aria-describedby=\"wp-block-file--media-c9ddad9e-2b14-4c56-bac3-03b5bacaecd7\">Baixar<\/a><\/div>\n\n\n\n<div class=\"wp-block-file\"><a id=\"wp-block-file--media-08c61761-3c77-4cd6-9cd1-b969abc30669\" href=\"https:\/\/www.paudalho.pe.gov.br\/portal\/wp-content\/uploads\/2024\/11\/ANEXO-XI-AUTODECLARACAO-DE-RESIDENCIA.pdf\">ANEXO XI &#8211; AUTODECLARA\u00c7\u00c3O DE RESID\u00caNCIA<\/a><a href=\"https:\/\/www.paudalho.pe.gov.br\/portal\/wp-content\/uploads\/2024\/11\/ANEXO-XI-AUTODECLARACAO-DE-RESIDENCIA.pdf\" class=\"wp-block-file__button wp-element-button\" download aria-describedby=\"wp-block-file--media-08c61761-3c77-4cd6-9cd1-b969abc30669\">Baixar<\/a><\/div>\n\n\n\n<div class=\"wp-block-file\"><a id=\"wp-block-file--media-6ac08b31-586d-4b4a-b3d9-51af5500c1ee\" href=\"https:\/\/www.paudalho.pe.gov.br\/portal\/wp-content\/uploads\/2024\/11\/ANEXO-XII-CRONOGRAMA.pdf\">ANEXO XII &#8211; CRONOGRAMA<\/a><a href=\"https:\/\/www.paudalho.pe.gov.br\/portal\/wp-content\/uploads\/2024\/11\/ANEXO-XII-CRONOGRAMA.pdf\" class=\"wp-block-file__button wp-element-button\" download aria-describedby=\"wp-block-file--media-6ac08b31-586d-4b4a-b3d9-51af5500c1ee\">Baixar<\/a><\/div>\n\n\n\n<p>2. Edital Pr\u00eamio Cultura Viva Carlos Alberto da Silva (Carlos do Cruzeiro do Sul)<\/p>\n\n\n\n<p>Destinado a pontos e pont\u00f5es de cultura, este edital premiar\u00e1 iniciativas culturais que atuem no fortalecimento das redes culturais locais. O edital oferece pr\u00eamios de R$ 10.800,00 para at\u00e9 10 coletivos ou entidades. As inscri\u00e7\u00f5es estar\u00e3o abertas para coletivos culturais que buscam certifica\u00e7\u00e3o como Pontos de Cultura.<\/p>\n\n\n\n<div class=\"wp-block-file\"><a id=\"wp-block-file--media-6a91a238-ee0c-4516-ad31-6d9a9b0f2e35\" href=\"https:\/\/www.paudalho.pe.gov.br\/portal\/wp-content\/uploads\/2024\/11\/EDITAL-PREMIO-CULTURA-VIVA-CARLOS-ALBERTO-DA-SILVA-CARLOS-DO-CRUZEIRO-DO-SUL-pdf.io_.pdf\">EDITAL PR\u00caMIO CULTURA VIVA CARLOS ALBERTO DA SILVA (CARLOS DO CRUZEIRO DO SUL) (pdf.io)<\/a><a href=\"https:\/\/www.paudalho.pe.gov.br\/portal\/wp-content\/uploads\/2024\/11\/EDITAL-PREMIO-CULTURA-VIVA-CARLOS-ALBERTO-DA-SILVA-CARLOS-DO-CRUZEIRO-DO-SUL-pdf.io_.pdf\" class=\"wp-block-file__button wp-element-button\" download aria-describedby=\"wp-block-file--media-6a91a238-ee0c-4516-ad31-6d9a9b0f2e35\">Baixar<\/a><\/div>\n\n\n\n<div class=\"wp-block-file\"><a id=\"wp-block-file--media-358e6379-1f38-4720-9f3e-57f6accb5172\" href=\"https:\/\/www.paudalho.pe.gov.br\/portal\/wp-content\/uploads\/2024\/11\/ANEXO-I-CATEGORIAS-E-COTAS-1.pdf\">ANEXO I &#8211; CATEGORIAS E COTAS<\/a><a href=\"https:\/\/www.paudalho.pe.gov.br\/portal\/wp-content\/uploads\/2024\/11\/ANEXO-I-CATEGORIAS-E-COTAS-1.pdf\" class=\"wp-block-file__button wp-element-button\" download aria-describedby=\"wp-block-file--media-358e6379-1f38-4720-9f3e-57f6accb5172\">Baixar<\/a><\/div>\n\n\n\n<div class=\"wp-block-file\"><a id=\"wp-block-file--media-17bc5c21-7da6-4965-b331-6967148da248\" href=\"https:\/\/www.paudalho.pe.gov.br\/portal\/wp-content\/uploads\/2024\/11\/ANEXO-II-CRITERIOS-DE-AVALIACAO.pdf\">ANEXO II &#8211; CRIT\u00c9RIOS DE AVALIA\u00c7\u00c3O<\/a><a href=\"https:\/\/www.paudalho.pe.gov.br\/portal\/wp-content\/uploads\/2024\/11\/ANEXO-II-CRITERIOS-DE-AVALIACAO.pdf\" class=\"wp-block-file__button wp-element-button\" download aria-describedby=\"wp-block-file--media-17bc5c21-7da6-4965-b331-6967148da248\">Baixar<\/a><\/div>\n\n\n\n<div class=\"wp-block-file\"><a id=\"wp-block-file--media-bb172eb5-2ff8-41cd-91b6-496e8cc47504\" href=\"https:\/\/www.paudalho.pe.gov.br\/portal\/wp-content\/uploads\/2024\/11\/ANEXO-III-FORMULARIO-DE-INSCRICAO.pdf\">ANEXO III &#8211; FORMUL\u00c1RIO DE INSCRI\u00c7\u00c3O<\/a><a href=\"https:\/\/www.paudalho.pe.gov.br\/portal\/wp-content\/uploads\/2024\/11\/ANEXO-III-FORMULARIO-DE-INSCRICAO.pdf\" class=\"wp-block-file__button wp-element-button\" download aria-describedby=\"wp-block-file--media-bb172eb5-2ff8-41cd-91b6-496e8cc47504\">Baixar<\/a><\/div>\n\n\n\n<div class=\"wp-block-file\"><a id=\"wp-block-file--media-95328316-6a00-4376-83f1-e95e5d7bc365\" href=\"https:\/\/www.paudalho.pe.gov.br\/portal\/wp-content\/uploads\/2024\/11\/ANEXO-IV-DECLARACAO-DE-REPRESENTACAO-DE-GRUPOS.pdf\">ANEXO IV &#8211; DECLARA\u00c7\u00c3O DE REPRESENTA\u00c7\u00c3O DE GRUPOS<\/a><a href=\"https:\/\/www.paudalho.pe.gov.br\/portal\/wp-content\/uploads\/2024\/11\/ANEXO-IV-DECLARACAO-DE-REPRESENTACAO-DE-GRUPOS.pdf\" class=\"wp-block-file__button wp-element-button\" download aria-describedby=\"wp-block-file--media-95328316-6a00-4376-83f1-e95e5d7bc365\">Baixar<\/a><\/div>\n\n\n\n<div class=\"wp-block-file\"><a id=\"wp-block-file--media-b0d53cd2-fad5-4c6d-841f-e17abadae8b8\" href=\"https:\/\/www.paudalho.pe.gov.br\/portal\/wp-content\/uploads\/2024\/11\/ANEXO-V-AUTODECLARACAO-ETNICO-RACIAL.pdf\">ANEXO V &#8211; AUTODECLARA\u00c7\u00c3O ETNICO RACIAL<\/a><a href=\"https:\/\/www.paudalho.pe.gov.br\/portal\/wp-content\/uploads\/2024\/11\/ANEXO-V-AUTODECLARACAO-ETNICO-RACIAL.pdf\" class=\"wp-block-file__button wp-element-button\" download aria-describedby=\"wp-block-file--media-b0d53cd2-fad5-4c6d-841f-e17abadae8b8\">Baixar<\/a><\/div>\n\n\n\n<div class=\"wp-block-file\"><a id=\"wp-block-file--media-84f65459-39dc-428e-98c4-f79f86182137\" href=\"https:\/\/www.paudalho.pe.gov.br\/portal\/wp-content\/uploads\/2024\/11\/ANEXO-VI-AUTODECLARACAO-DE-PESSOA-COM-DEFICIENCIA-1.pdf\">ANEXO VI &#8211; AUTODECLARA\u00c7\u00c3O DE PESSOA COM DEFICI\u00caNCIA (1)<\/a><a href=\"https:\/\/www.paudalho.pe.gov.br\/portal\/wp-content\/uploads\/2024\/11\/ANEXO-VI-AUTODECLARACAO-DE-PESSOA-COM-DEFICIENCIA-1.pdf\" class=\"wp-block-file__button wp-element-button\" download aria-describedby=\"wp-block-file--media-84f65459-39dc-428e-98c4-f79f86182137\">Baixar<\/a><\/div>\n\n\n\n<div class=\"wp-block-file\"><a id=\"wp-block-file--media-0786a1cb-6a5c-483f-98e8-0cf88681e142\" href=\"https:\/\/www.paudalho.pe.gov.br\/portal\/wp-content\/uploads\/2024\/11\/ANEXO-VII-FORMULARIO-PEDIDO-DE-RECURSO.pdf\">ANEXO VII &#8211; FORMUL\u00c1RIO PEDIDO DE RECURSO<\/a><a href=\"https:\/\/www.paudalho.pe.gov.br\/portal\/wp-content\/uploads\/2024\/11\/ANEXO-VII-FORMULARIO-PEDIDO-DE-RECURSO.pdf\" class=\"wp-block-file__button wp-element-button\" download aria-describedby=\"wp-block-file--media-0786a1cb-6a5c-483f-98e8-0cf88681e142\">Baixar<\/a><\/div>\n\n\n\n<div class=\"wp-block-file\"><a id=\"wp-block-file--media-2ba7ac45-e67b-403d-87ea-4331a7ae981a\" href=\"https:\/\/www.paudalho.pe.gov.br\/portal\/wp-content\/uploads\/2024\/11\/ANEXO-VIII-AUTODECLARACAO-DE-RESIDENCIA.pdf\">ANEXO VIII &#8211; AUTODECLARA\u00c7\u00c3O DE RESID\u00caNCIA<\/a><a href=\"https:\/\/www.paudalho.pe.gov.br\/portal\/wp-content\/uploads\/2024\/11\/ANEXO-VIII-AUTODECLARACAO-DE-RESIDENCIA.pdf\" class=\"wp-block-file__button wp-element-button\" download aria-describedby=\"wp-block-file--media-2ba7ac45-e67b-403d-87ea-4331a7ae981a\">Baixar<\/a><\/div>\n\n\n\n<div class=\"wp-block-file\"><a id=\"wp-block-file--media-9018d561-3eb0-44c4-a33c-c9f3451df65f\" href=\"https:\/\/www.paudalho.pe.gov.br\/portal\/wp-content\/uploads\/2024\/11\/ANEXO-IX-CRONOGRAMA.pdf\">ANEXO IX &#8211; CRONOGRAMA<\/a><a href=\"https:\/\/www.paudalho.pe.gov.br\/portal\/wp-content\/uploads\/2024\/11\/ANEXO-IX-CRONOGRAMA.pdf\" class=\"wp-block-file__button wp-element-button\" download aria-describedby=\"wp-block-file--media-9018d561-3eb0-44c4-a33c-c9f3451df65f\">Baixar<\/a><\/div>\n\n\n\n\n\n<p>3. Edital Pr\u00eamio Maria Alvin\u00e9ia da Silva (M\u00e3e Nete)<\/p>\n\n\n\n<p>Com foco em comunidades tradicionais, como povos de terreiro, quilombolas e ind\u00edgenas, este edital premiar\u00e1 pr\u00e1ticas culturais que preservem o patrim\u00f4nio imaterial e promovam a diversidade cultural. Ser\u00e3o 10 pr\u00eamios de R$ 3.000,00 cada, totalizando R$ 30.000,00.<\/p>\n\n\n\n<div class=\"wp-block-file\"><a id=\"wp-block-file--media-f7edff97-c12d-4e38-bacd-3ea005419f8a\" href=\"https:\/\/www.paudalho.pe.gov.br\/portal\/wp-content\/uploads\/2024\/11\/EDITAL-PREMIO-MARIA-ALVINEIA-DA-SILVA-MAE-NETE-1-pdf.io_.pdf\">EDITAL PR\u00caMIO MARIA ALVIN\u00c9IA DA SILVA (M\u00c3E NETE) (1) (pdf.io)<\/a><a href=\"https:\/\/www.paudalho.pe.gov.br\/portal\/wp-content\/uploads\/2024\/11\/EDITAL-PREMIO-MARIA-ALVINEIA-DA-SILVA-MAE-NETE-1-pdf.io_.pdf\" class=\"wp-block-file__button wp-element-button\" download aria-describedby=\"wp-block-file--media-f7edff97-c12d-4e38-bacd-3ea005419f8a\">Baixar<\/a><\/div>\n\n\n\n<div class=\"wp-block-file\"><a id=\"wp-block-file--media-bb8be72f-1667-4cf6-b94f-2cf998209b64\" href=\"https:\/\/www.paudalho.pe.gov.br\/portal\/wp-content\/uploads\/2024\/11\/ANEXO-I-CATEGORIAS-E-COTAS-2.pdf\">ANEXO I &#8211; CATEGORIAS E COTAS<\/a><a href=\"https:\/\/www.paudalho.pe.gov.br\/portal\/wp-content\/uploads\/2024\/11\/ANEXO-I-CATEGORIAS-E-COTAS-2.pdf\" class=\"wp-block-file__button wp-element-button\" download aria-describedby=\"wp-block-file--media-bb8be72f-1667-4cf6-b94f-2cf998209b64\">Baixar<\/a><\/div>\n\n\n\n<div class=\"wp-block-file\"><a id=\"wp-block-file--media-1806901c-c1cd-4518-9024-a30a26a22817\" href=\"https:\/\/www.paudalho.pe.gov.br\/portal\/wp-content\/uploads\/2024\/11\/ANEXO-II-FORMULARIO-DE-INSCRICAO.pdf\">ANEXO II &#8211; FORMUL\u00c1RIO DE INSCRI\u00c7\u00c3O<\/a><a href=\"https:\/\/www.paudalho.pe.gov.br\/portal\/wp-content\/uploads\/2024\/11\/ANEXO-II-FORMULARIO-DE-INSCRICAO.pdf\" class=\"wp-block-file__button wp-element-button\" download aria-describedby=\"wp-block-file--media-1806901c-c1cd-4518-9024-a30a26a22817\">Baixar<\/a><\/div>\n\n\n\n<div class=\"wp-block-file\"><a id=\"wp-block-file--media-164f3964-e86a-4745-8e91-cad6ced81c4a\" href=\"https:\/\/www.paudalho.pe.gov.br\/portal\/wp-content\/uploads\/2024\/11\/ANEXO-III-CRITERIOS-DE-SELECAO-E-BONUS-DE-PONTUACAO.pdf\">ANEXO III &#8211; CRIT\u00c9RIOS DE SELE\u00c7\u00c3O E BONUS DE PONTUA\u00c7\u00c3O<\/a><a href=\"https:\/\/www.paudalho.pe.gov.br\/portal\/wp-content\/uploads\/2024\/11\/ANEXO-III-CRITERIOS-DE-SELECAO-E-BONUS-DE-PONTUACAO.pdf\" class=\"wp-block-file__button wp-element-button\" download aria-describedby=\"wp-block-file--media-164f3964-e86a-4745-8e91-cad6ced81c4a\">Baixar<\/a><\/div>\n\n\n\n<div class=\"wp-block-file\"><a id=\"wp-block-file--media-9b64677b-c9fc-4265-bb90-68bb24a020bf\" href=\"https:\/\/www.paudalho.pe.gov.br\/portal\/wp-content\/uploads\/2024\/11\/ANEXO-IV-DECLARACAO-DE-REPRESENTACAO-DE-GRUPO-OU-COLETIVO-SEM-CNPJ.pdf\">ANEXO IV &#8211; DECLARA\u00c7\u00c3O DE REPRESENTA\u00c7\u00c3O DE GRUPO OU COLETIVO SEM CNPJ<\/a><a href=\"https:\/\/www.paudalho.pe.gov.br\/portal\/wp-content\/uploads\/2024\/11\/ANEXO-IV-DECLARACAO-DE-REPRESENTACAO-DE-GRUPO-OU-COLETIVO-SEM-CNPJ.pdf\" class=\"wp-block-file__button wp-element-button\" download aria-describedby=\"wp-block-file--media-9b64677b-c9fc-4265-bb90-68bb24a020bf\">Baixar<\/a><\/div>\n\n\n\n<div class=\"wp-block-file\"><a id=\"wp-block-file--media-801f1a35-48fd-49a3-83d8-cadbd3c2936c\" href=\"https:\/\/www.paudalho.pe.gov.br\/portal\/wp-content\/uploads\/2024\/11\/ANEXO-V-DECLARACAO-ETNICO-RACIAL.pdf\">ANEXO V &#8211; DECLARA\u00c7\u00c3O ETNICO RACIAL<\/a><a href=\"https:\/\/www.paudalho.pe.gov.br\/portal\/wp-content\/uploads\/2024\/11\/ANEXO-V-DECLARACAO-ETNICO-RACIAL.pdf\" class=\"wp-block-file__button wp-element-button\" download aria-describedby=\"wp-block-file--media-801f1a35-48fd-49a3-83d8-cadbd3c2936c\">Baixar<\/a><\/div>\n\n\n\n<div class=\"wp-block-file\"><a id=\"wp-block-file--media-f5a98685-862e-4eed-9c75-c91fddd27b8d\" href=\"https:\/\/www.paudalho.pe.gov.br\/portal\/wp-content\/uploads\/2024\/11\/ANEXO-VI-DECLARACAO-PCD.pdf\">ANEXO VI &#8211; DECLARA\u00c7\u00c3O PCD<\/a><a href=\"https:\/\/www.paudalho.pe.gov.br\/portal\/wp-content\/uploads\/2024\/11\/ANEXO-VI-DECLARACAO-PCD.pdf\" class=\"wp-block-file__button wp-element-button\" download aria-describedby=\"wp-block-file--media-f5a98685-862e-4eed-9c75-c91fddd27b8d\">Baixar<\/a><\/div>\n\n\n\n<div class=\"wp-block-file\"><a id=\"wp-block-file--media-4384fdda-5b11-42d8-9915-ee9a5e613e36\" href=\"https:\/\/www.paudalho.pe.gov.br\/portal\/wp-content\/uploads\/2024\/11\/ANEXO-VII-AUTODECLARACAO-PARA-CERTIFICACAO-DO-BONUS-EXTRA.pdf\">ANEXO VII &#8211; AUTODECLARA\u00c7\u00c3O PARA CERTIFICA\u00c7\u00c3O DO B\u00d4NUS EXTRA<\/a><a href=\"https:\/\/www.paudalho.pe.gov.br\/portal\/wp-content\/uploads\/2024\/11\/ANEXO-VII-AUTODECLARACAO-PARA-CERTIFICACAO-DO-BONUS-EXTRA.pdf\" class=\"wp-block-file__button wp-element-button\" download aria-describedby=\"wp-block-file--media-4384fdda-5b11-42d8-9915-ee9a5e613e36\">Baixar<\/a><\/div>\n\n\n\n<div class=\"wp-block-file\"><a id=\"wp-block-file--media-a7314890-148c-4e0d-bda2-9fc13b717d43\" href=\"https:\/\/www.paudalho.pe.gov.br\/portal\/wp-content\/uploads\/2024\/11\/ANEXO-VIII-FORMULARIO-DE-RECURSO.pdf\">ANEXO VIII &#8211; FORMUL\u00c1RIO DE RECURSO<\/a><a href=\"https:\/\/www.paudalho.pe.gov.br\/portal\/wp-content\/uploads\/2024\/11\/ANEXO-VIII-FORMULARIO-DE-RECURSO.pdf\" class=\"wp-block-file__button wp-element-button\" download aria-describedby=\"wp-block-file--media-a7314890-148c-4e0d-bda2-9fc13b717d43\">Baixar<\/a><\/div>\n\n\n\n<div class=\"wp-block-file\"><a id=\"wp-block-file--media-0e61497b-eedb-4d93-b2c9-7264fa8845e4\" href=\"https:\/\/www.paudalho.pe.gov.br\/portal\/wp-content\/uploads\/2024\/11\/ANEXO-IX-TERMO-DE-PREMIACAO-CULTURAL.pdf\">ANEXO IX &#8211; TERMO DE PREMIA\u00c7\u00c3O CULTURAL<\/a><a href=\"https:\/\/www.paudalho.pe.gov.br\/portal\/wp-content\/uploads\/2024\/11\/ANEXO-IX-TERMO-DE-PREMIACAO-CULTURAL.pdf\" class=\"wp-block-file__button wp-element-button\" download aria-describedby=\"wp-block-file--media-0e61497b-eedb-4d93-b2c9-7264fa8845e4\">Baixar<\/a><\/div>\n\n\n\n<div class=\"wp-block-file\"><a id=\"wp-block-file--media-ccf67d1c-a316-4d68-a58f-2b0b4d733e2f\" href=\"https:\/\/www.paudalho.pe.gov.br\/portal\/wp-content\/uploads\/2024\/11\/ANEXO-X-AUTODECLARACAO-DE-RESIDENCIA.pdf\">ANEXO X &#8211; AUTODECLARA\u00c7\u00c3O DE RESID\u00caNCIA<\/a><a href=\"https:\/\/www.paudalho.pe.gov.br\/portal\/wp-content\/uploads\/2024\/11\/ANEXO-X-AUTODECLARACAO-DE-RESIDENCIA.pdf\" class=\"wp-block-file__button wp-element-button\" download aria-describedby=\"wp-block-file--media-ccf67d1c-a316-4d68-a58f-2b0b4d733e2f\">Baixar<\/a><\/div>\n\n\n\n<div class=\"wp-block-file\"><a id=\"wp-block-file--media-1d12a555-6204-4f3b-a1a1-05353e863e2d\" href=\"https:\/\/www.paudalho.pe.gov.br\/portal\/wp-content\/uploads\/2024\/11\/ANEXO-XI-CRONOGRAMA.pdf\">ANEXO XI &#8211; CRONOGRAMA<\/a><a href=\"https:\/\/www.paudalho.pe.gov.br\/portal\/wp-content\/uploads\/2024\/11\/ANEXO-XI-CRONOGRAMA.pdf\" class=\"wp-block-file__button wp-element-button\" download aria-describedby=\"wp-block-file--media-1d12a555-6204-4f3b-a1a1-05353e863e2d\">Baixar<\/a><\/div>\n\n\n\n<p>4. Edital Pr\u00eamio Tereza Cristina Ara\u00fajo Alves (Terezarte)<\/p>\n\n\n\n<p>Destinado a agentes culturais individuais, este edital premiar\u00e1 72 propostas que contribuam com o desenvolvimento art\u00edstico do munic\u00edpio, com pr\u00eamios de R$ 1.000,00 cada. As premia\u00e7\u00f5es reconhecem pr\u00e1ticas e saberes que fortalecem a cultura local.<\/p>\n\n\n\n<div class=\"wp-block-file\"><a id=\"wp-block-file--media-73cd1eec-7386-4495-ade9-298dd97697a5\" href=\"https:\/\/www.paudalho.pe.gov.br\/portal\/wp-content\/uploads\/2024\/11\/EDITAL-PREMIO-TEREZA-CRISTINA-ARAUJO-ALVES-TEREZARTE-pdf.io_.pdf\">EDITAL PR\u00caMIO TEREZA CRISTINA ARA\u00daJO ALVES (TEREZARTE) (pdf.io)<\/a><a href=\"https:\/\/www.paudalho.pe.gov.br\/portal\/wp-content\/uploads\/2024\/11\/EDITAL-PREMIO-TEREZA-CRISTINA-ARAUJO-ALVES-TEREZARTE-pdf.io_.pdf\" class=\"wp-block-file__button wp-element-button\" download aria-describedby=\"wp-block-file--media-73cd1eec-7386-4495-ade9-298dd97697a5\">Baixar<\/a><\/div>\n\n\n\n<div class=\"wp-block-file\"><a id=\"wp-block-file--media-5e5f0fc8-11a1-48ba-8c4a-c2b9b3c474e3\" href=\"https:\/\/www.paudalho.pe.gov.br\/portal\/wp-content\/uploads\/2024\/11\/ANEXO-I-CATEGORIAS-E-COTAS-3.pdf\">ANEXO I &#8211; CATEGORIAS E COTAS<\/a><a href=\"https:\/\/www.paudalho.pe.gov.br\/portal\/wp-content\/uploads\/2024\/11\/ANEXO-I-CATEGORIAS-E-COTAS-3.pdf\" class=\"wp-block-file__button wp-element-button\" download aria-describedby=\"wp-block-file--media-5e5f0fc8-11a1-48ba-8c4a-c2b9b3c474e3\">Baixar<\/a><\/div>\n\n\n\n<div class=\"wp-block-file\"><a id=\"wp-block-file--media-7c7d382f-6c72-4b1a-86f8-145b8b65868c\" href=\"https:\/\/www.paudalho.pe.gov.br\/portal\/wp-content\/uploads\/2024\/11\/ANEXO-II-FORMULARIO-DE-INSCRICAO-1.pdf\">ANEXO II &#8211; FORMUL\u00c1RIO DE INSCRI\u00c7\u00c3O<\/a><a href=\"https:\/\/www.paudalho.pe.gov.br\/portal\/wp-content\/uploads\/2024\/11\/ANEXO-II-FORMULARIO-DE-INSCRICAO-1.pdf\" class=\"wp-block-file__button wp-element-button\" download aria-describedby=\"wp-block-file--media-7c7d382f-6c72-4b1a-86f8-145b8b65868c\">Baixar<\/a><\/div>\n\n\n\n<div class=\"wp-block-file\"><a id=\"wp-block-file--media-921fe9de-9fd3-4874-b828-f89aa9df0087\" href=\"https:\/\/www.paudalho.pe.gov.br\/portal\/wp-content\/uploads\/2024\/11\/ANEXO-III-CRITERIOS-DE-AVALIACAO-1.pdf\">ANEXO III &#8211; CRIT\u00c9RIOS DE AVALIA\u00c7\u00c3O<\/a><a href=\"https:\/\/www.paudalho.pe.gov.br\/portal\/wp-content\/uploads\/2024\/11\/ANEXO-III-CRITERIOS-DE-AVALIACAO-1.pdf\" class=\"wp-block-file__button wp-element-button\" download aria-describedby=\"wp-block-file--media-921fe9de-9fd3-4874-b828-f89aa9df0087\">Baixar<\/a><\/div>\n\n\n\n<div class=\"wp-block-file\"><a id=\"wp-block-file--media-e8479d1d-d4e2-4c7a-b4fa-c23283a286d2\" href=\"https:\/\/www.paudalho.pe.gov.br\/portal\/wp-content\/uploads\/2024\/11\/ANEXO-IV-AUTODECLARACAO-PARA-CERTIFICACAO-DO-BONUS-EXTRA-1.pdf\">ANEXO IV &#8211; AUTODECLARA\u00c7\u00c3O PARA CERTIFICA\u00c7\u00c3O DO B\u00d4NUS EXTRA<\/a><a href=\"https:\/\/www.paudalho.pe.gov.br\/portal\/wp-content\/uploads\/2024\/11\/ANEXO-IV-AUTODECLARACAO-PARA-CERTIFICACAO-DO-BONUS-EXTRA-1.pdf\" class=\"wp-block-file__button wp-element-button\" download aria-describedby=\"wp-block-file--media-e8479d1d-d4e2-4c7a-b4fa-c23283a286d2\">Baixar<\/a><\/div>\n\n\n\n<div class=\"wp-block-file\"><a id=\"wp-block-file--media-0cc5aa16-5661-4189-8579-ccde5f1ffc37\" href=\"https:\/\/www.paudalho.pe.gov.br\/portal\/wp-content\/uploads\/2024\/11\/ANEXO-V-DECLARACAO-ETNICO-RACIAL-1.pdf\">ANEXO V &#8211; DECLARA\u00c7\u00c3O ETNICO RACIAL<\/a><a href=\"https:\/\/www.paudalho.pe.gov.br\/portal\/wp-content\/uploads\/2024\/11\/ANEXO-V-DECLARACAO-ETNICO-RACIAL-1.pdf\" class=\"wp-block-file__button wp-element-button\" download aria-describedby=\"wp-block-file--media-0cc5aa16-5661-4189-8579-ccde5f1ffc37\">Baixar<\/a><\/div>\n\n\n\n<div class=\"wp-block-file\"><a id=\"wp-block-file--media-b56876c8-703a-4eef-a93a-6639ab7a5565\" href=\"https:\/\/www.paudalho.pe.gov.br\/portal\/wp-content\/uploads\/2024\/11\/ANEXO-VI-DECLARACAO-PCD-1.pdf\">ANEXO VI &#8211; DECLARA\u00c7\u00c3O PCD<\/a><a href=\"https:\/\/www.paudalho.pe.gov.br\/portal\/wp-content\/uploads\/2024\/11\/ANEXO-VI-DECLARACAO-PCD-1.pdf\" class=\"wp-block-file__button wp-element-button\" download aria-describedby=\"wp-block-file--media-b56876c8-703a-4eef-a93a-6639ab7a5565\">Baixar<\/a><\/div>\n\n\n\n<div class=\"wp-block-file\"><a id=\"wp-block-file--media-55ea9293-38af-482d-a567-cb335272093a\" href=\"https:\/\/www.paudalho.pe.gov.br\/portal\/wp-content\/uploads\/2024\/11\/ANEXO-VII-FORMULARIOS-DE-RECURSO.pdf\">ANEXO VII &#8211; FORMUL\u00c1RIOS DE RECURSO<\/a><a href=\"https:\/\/www.paudalho.pe.gov.br\/portal\/wp-content\/uploads\/2024\/11\/ANEXO-VII-FORMULARIOS-DE-RECURSO.pdf\" class=\"wp-block-file__button wp-element-button\" download aria-describedby=\"wp-block-file--media-55ea9293-38af-482d-a567-cb335272093a\">Baixar<\/a><\/div>\n\n\n\n<div class=\"wp-block-file\"><a id=\"wp-block-file--media-937260e7-2efd-43ef-87e0-091756d02475\" href=\"https:\/\/www.paudalho.pe.gov.br\/portal\/wp-content\/uploads\/2024\/11\/ANEXO-VIII-TERMO-DE-PREMIACAO-CULTURAL.pdf\">ANEXO VIII &#8211; TERMO DE PREMIA\u00c7\u00c3O CULTURAL<\/a><a href=\"https:\/\/www.paudalho.pe.gov.br\/portal\/wp-content\/uploads\/2024\/11\/ANEXO-VIII-TERMO-DE-PREMIACAO-CULTURAL.pdf\" class=\"wp-block-file__button wp-element-button\" download aria-describedby=\"wp-block-file--media-937260e7-2efd-43ef-87e0-091756d02475\">Baixar<\/a><\/div>\n\n\n\n<div class=\"wp-block-file\"><a id=\"wp-block-file--media-e831f003-0254-490f-b286-71c1fe1ab63e\" href=\"https:\/\/www.paudalho.pe.gov.br\/portal\/wp-content\/uploads\/2024\/11\/ANEXO-IX-AUTODECLARACAO-DE-RESIDENCIA.pdf\">ANEXO IX &#8211; AUTODECLARA\u00c7\u00c3O DE RESID\u00caNCIA<\/a><a href=\"https:\/\/www.paudalho.pe.gov.br\/portal\/wp-content\/uploads\/2024\/11\/ANEXO-IX-AUTODECLARACAO-DE-RESIDENCIA.pdf\" class=\"wp-block-file__button wp-element-button\" download aria-describedby=\"wp-block-file--media-e831f003-0254-490f-b286-71c1fe1ab63e\">Baixar<\/a><\/div>\n\n\n\n<div class=\"wp-block-file\"><a id=\"wp-block-file--media-5d13e968-0f2d-4d4e-8aff-69ce8b2d911b\" href=\"https:\/\/www.paudalho.pe.gov.br\/portal\/wp-content\/uploads\/2024\/11\/ANEXO-X-CRONOGRAMA.pdf\">ANEXO X &#8211; CRONOGRAMA<\/a><a href=\"https:\/\/www.paudalho.pe.gov.br\/portal\/wp-content\/uploads\/2024\/11\/ANEXO-X-CRONOGRAMA.pdf\" class=\"wp-block-file__button wp-element-button\" download aria-describedby=\"wp-block-file--media-5d13e968-0f2d-4d4e-8aff-69ce8b2d911b\">Baixar<\/a><\/div>\n\n\n\n<p>Inscri\u00e7\u00f5es e Participa\u00e7\u00e3o<\/p>\n\n\n\n<p>Os editais estar\u00e3o com inscri\u00e7\u00f5es abertas de 14 a 22 de novembro de 2024. Interessados podem inscrever-se de forma presencial ou por e-mail. As documenta\u00e7\u00f5es necess\u00e1rias e os crit\u00e9rios de sele\u00e7\u00e3o est\u00e3o detalhados em cada edital, dispon\u00edvel no site oficial da Prefeitura de Paudalho.<\/p>\n\n\n\n<p>Para mais informa\u00e7\u00f5es, entre em contato com a Secretaria de Cultura pelo e-mail pnabpaudalho@paudalho.pe.gov.br.<\/p>\n","protected":false},"excerpt":{"rendered":"<p>A Prefeitura de Paudalho, por meio da Secretaria de Cultura, lan\u00e7a quatro editais com recursos da Pol\u00edtica Nacional Aldir Blanc de Fomento \u00e0 Cultura, visando apoiar e valorizar a produ\u00e7\u00e3o cultural local. Esses editais contemplam diversas \u00e1reas, desde a preserva\u00e7\u00e3o de culturas tradicionais at\u00e9 a cria\u00e7\u00e3o e difus\u00e3o de projetos art\u00edsticos. 1. Edital Multilinguagens Severino [&hellip;]<\/p>\n","protected":false},"author":15,"featured_media":34959,"comment_status":"open","ping_status":"open","sticky":false,"template":"","format":"standard","meta":{"_jetpack_newsletter_access":"","_jetpack_dont_email_post_to_subs":false,"_jetpack_newsletter_tier_id":0,"_jetpack_memberships_contains_paywalled_content":false,"_jetpack_memberships_contains_paid_content":false,"footnotes":""},"categories":[1],"tags":[68,22,238],"class_list":["post-34958","post","type-post","status-publish","format-standard","has-post-thumbnail","hentry","category-noticias","tag-cultura","tag-prefeitura-do-paudalho","tag-secretaria-de-cultura-e-turismo"],"jetpack_featured_media_url":"https:\/\/www.paudalho.pe.gov.br\/portal\/wp-content\/uploads\/2024\/11\/IMG_1387-scaled.jpg","jetpack_sharing_enabled":true,"jetpack_shortlink":"https:\/\/wp.me\/p98mS2-95Q","_links":{"self":[{"href":"https:\/\/www.paudalho.pe.gov.br\/portal\/wp-json\/wp\/v2\/posts\/34958","targetHints":{"allow":["GET"]}}],"collection":[{"href":"https:\/\/www.paudalho.pe.gov.br\/portal\/wp-json\/wp\/v2\/posts"}],"about":[{"href":"https:\/\/www.paudalho.pe.gov.br\/portal\/wp-json\/wp\/v2\/types\/post"}],"author":[{"embeddable":true,"href":"https:\/\/www.paudalho.pe.gov.br\/portal\/wp-json\/wp\/v2\/users\/15"}],"replies":[{"embeddable":true,"href":"https:\/\/www.paudalho.pe.gov.br\/portal\/wp-json\/wp\/v2\/comments?post=34958"}],"version-history":[{"count":2,"href":"https:\/\/www.paudalho.pe.gov.br\/portal\/wp-json\/wp\/v2\/posts\/34958\/revisions"}],"predecessor-version":[{"id":35117,"href":"https:\/\/www.paudalho.pe.gov.br\/portal\/wp-json\/wp\/v2\/posts\/34958\/revisions\/35117"}],"wp:featuredmedia":[{"embeddable":true,"href":"https:\/\/www.paudalho.pe.gov.br\/portal\/wp-json\/wp\/v2\/media\/34959"}],"wp:attachment":[{"href":"https:\/\/www.paudalho.pe.gov.br\/portal\/wp-json\/wp\/v2\/media?parent=34958"}],"wp:term":[{"taxonomy":"category","embeddable":true,"href":"https:\/\/www.paudalho.pe.gov.br\/portal\/wp-json\/wp\/v2\/categories?post=34958"},{"taxonomy":"post_tag","embeddable":true,"href":"https:\/\/www.paudalho.pe.gov.br\/portal\/wp-json\/wp\/v2\/tags?post=34958"}],"curies":[{"name":"wp","href":"https:\/\/api.w.org\/{rel}","templated":true}]}}