{"id":34953,"date":"2024-11-01T17:50:00","date_gmt":"2024-11-01T20:50:00","guid":{"rendered":"https:\/\/www.paudalho.pe.gov.br\/portal\/?p=34953"},"modified":"2024-11-08T11:53:00","modified_gmt":"2024-11-08T14:53:00","slug":"prefeitura-de-paudalho-abre-inscricoes-para-eleicao-do-conselho-dos-direitos-da-pessoa-com-deficiencia","status":"publish","type":"post","link":"https:\/\/www.paudalho.pe.gov.br\/portal\/prefeitura-de-paudalho-abre-inscricoes-para-eleicao-do-conselho-dos-direitos-da-pessoa-com-deficiencia\/","title":{"rendered":"Prefeitura de Paudalho Abre Inscri\u00e7\u00f5es para Elei\u00e7\u00e3o do Conselho dos Direitos da Pessoa com Defici\u00eancia"},"content":{"rendered":"\n<p><\/p>\n\n\n\n<p>A Prefeitura de Paudalho, por meio do Conselho Municipal de Direitos da Pessoa com Defici\u00eancia (CMDPD), anuncia a abertura do processo eleitoral para preenchimento de quatro vagas destinadas a entidades da sociedade civil. O edital, publicado no in\u00edcio de novembro, visa selecionar novos membros para o bi\u00eanio 2025-2026, que ter\u00e3o como miss\u00e3o fortalecer e promover os direitos das pessoas com defici\u00eancia no munic\u00edpio.<\/p>\n\n\n\n<p>As entidades interessadas devem se inscrever entre os dias 04 de novembro e 04 de dezembro de 2024, na Casa dos Conselhos, localizada na Pra\u00e7a Santa Tereza, n\u00b0 91, Santa Tereza. O processo \u00e9 aberto a entidades legalmente constitu\u00eddas e regularmente registradas, incluindo sindicatos, entidades religiosas e outras organiza\u00e7\u00f5es que atuem diretamente na promo\u00e7\u00e3o dos direitos das pessoas com defici\u00eancia.<\/p>\n\n\n\n<div class=\"wp-block-file\"><a id=\"wp-block-file--media-b03557fb-0c31-4851-b360-91d0b743b044\" href=\"https:\/\/www.paudalho.pe.gov.br\/portal\/wp-content\/uploads\/2024\/11\/EDITAL_DAS_ELEICOES_2024_PCD.pdf\">EDITAL_DAS_ELEICOES_2024_PCD<\/a><a href=\"https:\/\/www.paudalho.pe.gov.br\/portal\/wp-content\/uploads\/2024\/11\/EDITAL_DAS_ELEICOES_2024_PCD.pdf\" class=\"wp-block-file__button wp-element-button\" download aria-describedby=\"wp-block-file--media-b03557fb-0c31-4851-b360-91d0b743b044\">Baixar<\/a><\/div>\n\n\n\n<div class=\"wp-block-file\"><a id=\"wp-block-file--media-d201c956-50b6-4ad7-86f6-a9e511f35180\" href=\"https:\/\/www.paudalho.pe.gov.br\/portal\/wp-content\/uploads\/2024\/11\/RESOLUCAO_N_10_2024_INSTITUI_COMISSAO_ELEITORAL_DO_BIENIO_2025_2026.pdf\">RESOLUCAO_N_10_2024_INSTITUI_COMISSAO_ELEITORAL_DO_BIENIO_2025_2026<\/a><a href=\"https:\/\/www.paudalho.pe.gov.br\/portal\/wp-content\/uploads\/2024\/11\/RESOLUCAO_N_10_2024_INSTITUI_COMISSAO_ELEITORAL_DO_BIENIO_2025_2026.pdf\" class=\"wp-block-file__button wp-element-button\" download aria-describedby=\"wp-block-file--media-d201c956-50b6-4ad7-86f6-a9e511f35180\">Baixar<\/a><\/div>\n\n\n\n<h3 class=\"wp-block-heading\">Procedimento de Inscri\u00e7\u00e3o e Documenta\u00e7\u00e3o<\/h3>\n\n\n\n<p>Para participar, as entidades precisam apresentar uma s\u00e9rie de documentos, como estatuto social registrado, ata da \u00faltima reuni\u00e3o, c\u00f3pias do RG e CPF dos representantes, al\u00e9m de uma declara\u00e7\u00e3o de atua\u00e7\u00e3o na \u00e1rea. A falta de algum dos documentos exigidos implicar\u00e1 na n\u00e3o homologa\u00e7\u00e3o da inscri\u00e7\u00e3o pela comiss\u00e3o eleitoral.<\/p>\n\n\n\n<h3 class=\"wp-block-heading\">Cronograma do Processo Eleitoral<\/h3>\n\n\n\n<p>A elei\u00e7\u00e3o ser\u00e1 realizada no dia 12 de dezembro, das 13h \u00e0s 16h, na Casa dos Conselhos. A apura\u00e7\u00e3o dos votos ser\u00e1 feita no pr\u00f3prio local, garantindo total transpar\u00eancia e lisura no processo. Em caso de empate, ser\u00e1 dada prefer\u00eancia \u00e0s entidades com mais tempo de atua\u00e7\u00e3o.<\/p>\n\n\n\n<p>Os resultados ser\u00e3o divulgados nos principais \u00f3rg\u00e3os p\u00fablicos do munic\u00edpio e a posse dos novos conselheiros est\u00e1 prevista para fevereiro de 2025.<\/p>\n\n\n\n<p>Com esse processo, a Prefeitura de Paudalho refor\u00e7a o compromisso com a inclus\u00e3o e o fortalecimento dos direitos das pessoas com defici\u00eancia, proporcionando maior representatividade e participa\u00e7\u00e3o da sociedade civil nas pol\u00edticas p\u00fablicas voltadas para essa popula\u00e7\u00e3o.<\/p>\n","protected":false},"excerpt":{"rendered":"<p>A Prefeitura de Paudalho, por meio do Conselho Municipal de Direitos da Pessoa com Defici\u00eancia (CMDPD), anuncia a abertura do processo eleitoral para preenchimento de quatro vagas destinadas a entidades da sociedade civil. O edital, publicado no in\u00edcio de novembro, visa selecionar novos membros para o bi\u00eanio 2025-2026, que ter\u00e3o como miss\u00e3o fortalecer e promover [&hellip;]<\/p>\n","protected":false},"author":15,"featured_media":34956,"comment_status":"open","ping_status":"open","sticky":false,"template":"","format":"standard","meta":{"_jetpack_newsletter_access":"","_jetpack_dont_email_post_to_subs":false,"_jetpack_newsletter_tier_id":0,"_jetpack_memberships_contains_paywalled_content":false,"_jetpack_memberships_contains_paid_content":false,"footnotes":""},"categories":[1],"tags":[],"class_list":["post-34953","post","type-post","status-publish","format-standard","has-post-thumbnail","hentry","category-noticias"],"jetpack_featured_media_url":"https:\/\/www.paudalho.pe.gov.br\/portal\/wp-content\/uploads\/2024\/11\/front-view-woman-wheelchair-with-tablet-scaled.jpg","jetpack_sharing_enabled":true,"jetpack_shortlink":"https:\/\/wp.me\/p98mS2-95L","_links":{"self":[{"href":"https:\/\/www.paudalho.pe.gov.br\/portal\/wp-json\/wp\/v2\/posts\/34953","targetHints":{"allow":["GET"]}}],"collection":[{"href":"https:\/\/www.paudalho.pe.gov.br\/portal\/wp-json\/wp\/v2\/posts"}],"about":[{"href":"https:\/\/www.paudalho.pe.gov.br\/portal\/wp-json\/wp\/v2\/types\/post"}],"author":[{"embeddable":true,"href":"https:\/\/www.paudalho.pe.gov.br\/portal\/wp-json\/wp\/v2\/users\/15"}],"replies":[{"embeddable":true,"href":"https:\/\/www.paudalho.pe.gov.br\/portal\/wp-json\/wp\/v2\/comments?post=34953"}],"version-history":[{"count":1,"href":"https:\/\/www.paudalho.pe.gov.br\/portal\/wp-json\/wp\/v2\/posts\/34953\/revisions"}],"predecessor-version":[{"id":34957,"href":"https:\/\/www.paudalho.pe.gov.br\/portal\/wp-json\/wp\/v2\/posts\/34953\/revisions\/34957"}],"wp:featuredmedia":[{"embeddable":true,"href":"https:\/\/www.paudalho.pe.gov.br\/portal\/wp-json\/wp\/v2\/media\/34956"}],"wp:attachment":[{"href":"https:\/\/www.paudalho.pe.gov.br\/portal\/wp-json\/wp\/v2\/media?parent=34953"}],"wp:term":[{"taxonomy":"category","embeddable":true,"href":"https:\/\/www.paudalho.pe.gov.br\/portal\/wp-json\/wp\/v2\/categories?post=34953"},{"taxonomy":"post_tag","embeddable":true,"href":"https:\/\/www.paudalho.pe.gov.br\/portal\/wp-json\/wp\/v2\/tags?post=34953"}],"curies":[{"name":"wp","href":"https:\/\/api.w.org\/{rel}","templated":true}]}}