{"id":34931,"date":"2024-11-01T21:01:00","date_gmt":"2024-11-02T00:01:00","guid":{"rendered":"https:\/\/www.paudalho.pe.gov.br\/portal\/?p=34931"},"modified":"2024-11-05T18:05:17","modified_gmt":"2024-11-05T21:05:17","slug":"prefeitura-de-paudalho-convoca-eleicoes-para-representantes-das-entidades-nao-governamentais-no-conselho-dos-direitos-da-crianca-e-do-adolescente","status":"publish","type":"post","link":"https:\/\/www.paudalho.pe.gov.br\/portal\/prefeitura-de-paudalho-convoca-eleicoes-para-representantes-das-entidades-nao-governamentais-no-conselho-dos-direitos-da-crianca-e-do-adolescente\/","title":{"rendered":"Prefeitura de Paudalho Convoca Elei\u00e7\u00f5es para Representantes das Entidades N\u00e3o Governamentais no Conselho dos Direitos da Crian\u00e7a e do Adolescente"},"content":{"rendered":"\n<p><\/p>\n\n\n\n<p>A Prefeitura de Paudalho divulgou o Edital de Convoca\u00e7\u00e3o e o Regimento Eleitoral que estabelece as normas para a elei\u00e7\u00e3o das Entidades N\u00e3o Governamentais que ir\u00e3o compor o Conselho Municipal dos Direitos da Crian\u00e7a e do Adolescente de Paudalho (COMDICA) para o quadri\u00eanio 2025-2029.<\/p>\n\n\n\n<div class=\"wp-block-file\"><a id=\"wp-block-file--media-e8a61d68-9511-4c69-a8de-fa96f254427d\" href=\"https:\/\/www.paudalho.pe.gov.br\/portal\/wp-content\/uploads\/2024\/11\/EDITAL-DAS-ELEICOES-2024-COMDICA.pdf\">EDITAL DAS ELEI\u00c7OES 2024 &#8211; COMDICA<\/a><a href=\"https:\/\/www.paudalho.pe.gov.br\/portal\/wp-content\/uploads\/2024\/11\/EDITAL-DAS-ELEICOES-2024-COMDICA.pdf\" class=\"wp-block-file__button wp-element-button\" download aria-describedby=\"wp-block-file--media-e8a61d68-9511-4c69-a8de-fa96f254427d\">Baixar<\/a><\/div>\n\n\n\n<div class=\"wp-block-file\"><a id=\"wp-block-file--media-5edc431a-f802-45c5-843a-373cb325a8aa\" href=\"https:\/\/www.paudalho.pe.gov.br\/portal\/wp-content\/uploads\/2024\/11\/RESOLUCAO-No-104-ELEICOES-2024-COMDICA.pdf\">RESOLU\u00c7\u00c3O N\u00ba 104 &#8211; ELEI\u00c7\u00d5ES 2024 &#8211; COMDICA<\/a><a href=\"https:\/\/www.paudalho.pe.gov.br\/portal\/wp-content\/uploads\/2024\/11\/RESOLUCAO-No-104-ELEICOES-2024-COMDICA.pdf\" class=\"wp-block-file__button wp-element-button\" download aria-describedby=\"wp-block-file--media-5edc431a-f802-45c5-843a-373cb325a8aa\">Baixar<\/a><\/div>\n\n\n\n<p><strong>Convoca\u00e7\u00e3o e Objetivo<\/strong><\/p>\n\n\n\n<p>A elei\u00e7\u00e3o foi convocada pela Comiss\u00e3o Eleitoral, institu\u00edda na Assembleia Ordin\u00e1ria do dia 14 de outubro de 2024, em conformidade com a Lei Municipal n\u00ba 1.052\/2022. A vota\u00e7\u00e3o est\u00e1 marcada para ocorrer no dia 18 de dezembro de 2024, das 8h \u00e0s 12h, na Casa dos Conselhos, situada na Pra\u00e7a Santa Tereza, n\u00ba 91-A, Paudalho\/PE.<\/p>\n\n\n\n<p><strong>Composi\u00e7\u00e3o da Comiss\u00e3o Eleitoral<\/strong><\/p>\n\n\n\n<p>A elei\u00e7\u00e3o ser\u00e1 coordenada pela Comiss\u00e3o Eleitoral composta por representantes de diversas institui\u00e7\u00f5es, incluindo a Secretaria de Desenvolvimento e Assist\u00eancia Social e representantes de outras entidades locais. A Comiss\u00e3o \u00e9 respons\u00e1vel pela organiza\u00e7\u00e3o, recebimento e an\u00e1lise das inscri\u00e7\u00f5es das entidades interessadas em participar do processo.<\/p>\n\n\n\n<p><strong>Inscri\u00e7\u00f5es e Requisitos para Participa\u00e7\u00e3o<\/strong><\/p>\n\n\n\n<p>Entidades N\u00e3o Governamentais interessadas em participar do pleito dever\u00e3o realizar suas inscri\u00e7\u00f5es entre os dias 4 de novembro e 4 de dezembro de 2024. Para se inscreverem, as entidades devem enviar um requerimento com a documenta\u00e7\u00e3o solicitada, como of\u00edcio de indica\u00e7\u00e3o de membros titulares e suplentes, c\u00f3pia do CNPJ, estatuto e identidade dos membros indicados.<\/p>\n\n\n\n<p><strong>Cronograma do Processo Eleitoral<\/strong><\/p>\n\n\n\n<p>O cronograma do processo eleitoral inclui as seguintes datas importantes:<\/p>\n\n\n\n<ul class=\"wp-block-list\">\n<li><strong>04\/11\/2024 a 04\/12\/2024:<\/strong> Per\u00edodo de inscri\u00e7\u00e3o.<\/li>\n\n\n\n<li><strong>05\/12\/2024:<\/strong> An\u00e1lise dos documentos.<\/li>\n\n\n\n<li><strong>06\/12\/2024:<\/strong> Prazo para impugna\u00e7\u00e3o p\u00fablica.<\/li>\n\n\n\n<li><strong>09\/12\/2024:<\/strong> Julgamento das impugna\u00e7\u00f5es.<\/li>\n\n\n\n<li><strong>10\/12\/2024:<\/strong> Homologa\u00e7\u00e3o e publica\u00e7\u00e3o da lista de entidades inscritas.<\/li>\n\n\n\n<li><strong>18\/12\/2024:<\/strong> Dia da elei\u00e7\u00e3o.<\/li>\n<\/ul>\n\n\n\n<p><strong>Apura\u00e7\u00e3o e Posse dos Eleitos<\/strong><\/p>\n\n\n\n<p>A apura\u00e7\u00e3o ser\u00e1 realizada imediatamente ap\u00f3s o encerramento da vota\u00e7\u00e3o, e qualquer impugna\u00e7\u00e3o poder\u00e1 ser apresentada para an\u00e1lise pela Comiss\u00e3o Eleitoral. Os conselheiros eleitos tomar\u00e3o posse em janeiro de 2025, conforme determina a legisla\u00e7\u00e3o municipal.<\/p>\n\n\n\n<p><strong>Requisitos para os Conselheiros Eleitos<\/strong><\/p>\n\n\n\n<p>Os conselheiros indicados pelas entidades eleitas devem atender aos seguintes crit\u00e9rios: ter idade superior a 18 anos, estar em pleno gozo de seus direitos civis, possuir reputa\u00e7\u00e3o ilibada, apresentar certid\u00e3o de antecedentes criminais e possuir documentos de identifica\u00e7\u00e3o v\u00e1lidos.<\/p>\n\n\n\n<p><strong>Transpar\u00eancia e Compromisso com os Direitos da Crian\u00e7a e do Adolescente<\/strong><\/p>\n\n\n\n<p>A Prefeitura de Paudalho, por meio do COMDICA, refor\u00e7a seu compromisso com a transpar\u00eancia e com a promo\u00e7\u00e3o dos direitos das crian\u00e7as e adolescentes, assegurando que a composi\u00e7\u00e3o do Conselho seja feita de maneira justa e representativa.<\/p>\n\n\n\n<p>Para mais informa\u00e7\u00f5es, as entidades interessadas podem consultar o edital completo e esclarecer d\u00favidas diretamente na Casa dos Conselhos, localizada na Pra\u00e7a Santa Tereza, ou atrav\u00e9s dos canais de contato da Prefeitura de Paudalho.<\/p>\n","protected":false},"excerpt":{"rendered":"<p>A Prefeitura de Paudalho divulgou o Edital de Convoca\u00e7\u00e3o e o Regimento Eleitoral que estabelece as normas para a elei\u00e7\u00e3o das Entidades N\u00e3o Governamentais que ir\u00e3o compor o Conselho Municipal dos Direitos da Crian\u00e7a e do Adolescente de Paudalho (COMDICA) para o quadri\u00eanio 2025-2029. Convoca\u00e7\u00e3o e Objetivo A elei\u00e7\u00e3o foi convocada pela Comiss\u00e3o Eleitoral, institu\u00edda [&hellip;]<\/p>\n","protected":false},"author":15,"featured_media":34932,"comment_status":"open","ping_status":"open","sticky":false,"template":"","format":"standard","meta":{"_jetpack_newsletter_access":"","_jetpack_dont_email_post_to_subs":false,"_jetpack_newsletter_tier_id":0,"_jetpack_memberships_contains_paywalled_content":false,"_jetpack_memberships_contains_paid_content":false,"footnotes":""},"categories":[1],"tags":[],"class_list":["post-34931","post","type-post","status-publish","format-standard","has-post-thumbnail","hentry","category-noticias"],"jetpack_featured_media_url":"https:\/\/www.paudalho.pe.gov.br\/portal\/wp-content\/uploads\/2024\/11\/cute-darkskinned-child-table-with-paper-hand-blurred-background-family-law-concept-scaled.jpg","jetpack_sharing_enabled":true,"jetpack_shortlink":"https:\/\/wp.me\/p98mS2-95p","_links":{"self":[{"href":"https:\/\/www.paudalho.pe.gov.br\/portal\/wp-json\/wp\/v2\/posts\/34931","targetHints":{"allow":["GET"]}}],"collection":[{"href":"https:\/\/www.paudalho.pe.gov.br\/portal\/wp-json\/wp\/v2\/posts"}],"about":[{"href":"https:\/\/www.paudalho.pe.gov.br\/portal\/wp-json\/wp\/v2\/types\/post"}],"author":[{"embeddable":true,"href":"https:\/\/www.paudalho.pe.gov.br\/portal\/wp-json\/wp\/v2\/users\/15"}],"replies":[{"embeddable":true,"href":"https:\/\/www.paudalho.pe.gov.br\/portal\/wp-json\/wp\/v2\/comments?post=34931"}],"version-history":[{"count":1,"href":"https:\/\/www.paudalho.pe.gov.br\/portal\/wp-json\/wp\/v2\/posts\/34931\/revisions"}],"predecessor-version":[{"id":34935,"href":"https:\/\/www.paudalho.pe.gov.br\/portal\/wp-json\/wp\/v2\/posts\/34931\/revisions\/34935"}],"wp:featuredmedia":[{"embeddable":true,"href":"https:\/\/www.paudalho.pe.gov.br\/portal\/wp-json\/wp\/v2\/media\/34932"}],"wp:attachment":[{"href":"https:\/\/www.paudalho.pe.gov.br\/portal\/wp-json\/wp\/v2\/media?parent=34931"}],"wp:term":[{"taxonomy":"category","embeddable":true,"href":"https:\/\/www.paudalho.pe.gov.br\/portal\/wp-json\/wp\/v2\/categories?post=34931"},{"taxonomy":"post_tag","embeddable":true,"href":"https:\/\/www.paudalho.pe.gov.br\/portal\/wp-json\/wp\/v2\/tags?post=34931"}],"curies":[{"name":"wp","href":"https:\/\/api.w.org\/{rel}","templated":true}]}}