{"id":34926,"date":"2024-12-12T20:49:00","date_gmt":"2024-12-12T23:49:00","guid":{"rendered":"https:\/\/www.paudalho.pe.gov.br\/portal\/?p=34926"},"modified":"2024-12-26T15:07:57","modified_gmt":"2024-12-26T18:07:57","slug":"prefeitura-de-paudalho-abre-edital-para-eleicao-de-entidades-no-conselho-municipal-dos-direitos-da-mulher","status":"publish","type":"post","link":"https:\/\/www.paudalho.pe.gov.br\/portal\/prefeitura-de-paudalho-abre-edital-para-eleicao-de-entidades-no-conselho-municipal-dos-direitos-da-mulher\/","title":{"rendered":"Prefeitura de Paudalho abre edital para elei\u00e7\u00e3o de entidades no Conselho Municipal dos Direitos da Mulher"},"content":{"rendered":"\n<p><\/p>\n\n\n\n<p>A Prefeitura de Paudalho, atrav\u00e9s de sua Comiss\u00e3o Eleitoral, abriu edital para a elei\u00e7\u00e3o das Entidades N\u00e3o Governamentais que ir\u00e3o compor o Conselho Municipal dos Direitos da Mulher no bi\u00eanio 2025\/2026. A iniciativa, que atende ao disposto na Lei Municipal N\u00ba 722, visa fortalecer a representatividade e ampliar as a\u00e7\u00f5es em prol dos direitos das mulheres no munic\u00edpio.<\/p>\n\n\n\n<div class=\"wp-block-file\"><a id=\"wp-block-file--media-d3d4795d-3d6b-48bf-a37a-a13cfe5277a6\" href=\"https:\/\/www.paudalho.pe.gov.br\/portal\/wp-content\/uploads\/2024\/11\/EDITAL-DAS-ELEICOES-2024-DO-CONSELHO-DA-MULHER.pdf\">EDITAL DAS ELEI\u00c7\u00d5ES 2024 DO CONSELHO DA MULHER<\/a><a href=\"https:\/\/www.paudalho.pe.gov.br\/portal\/wp-content\/uploads\/2024\/11\/EDITAL-DAS-ELEICOES-2024-DO-CONSELHO-DA-MULHER.pdf\" class=\"wp-block-file__button wp-element-button\" download aria-describedby=\"wp-block-file--media-d3d4795d-3d6b-48bf-a37a-a13cfe5277a6\">Baixar<\/a><\/div>\n\n\n\n<div class=\"wp-block-file\"><a id=\"wp-block-file--media-277a6619-2e16-47d7-b1f8-1dbea0131fe2\" href=\"https:\/\/www.paudalho.pe.gov.br\/portal\/?attachment_id=34929\">RESOLU\u00c7\u00c3O N\u00ba 09  DAS ELEI\u00c7\u00d5ES 2024 DO CONSELHO DA MULHER<\/a><a href=\"https:\/\/www.paudalho.pe.gov.br\/portal\/wp-content\/uploads\/2024\/11\/RESOLUCAO-No-09-DAS-ELEICOES-2024-DO-CONSELHO-DA-MULHER.pdf\" class=\"wp-block-file__button wp-element-button\" download aria-describedby=\"wp-block-file--media-277a6619-2e16-47d7-b1f8-1dbea0131fe2\">Baixar<\/a><\/div>\n\n\n\n<p><strong>Convoca\u00e7\u00e3o e datas importantes<\/strong><\/p>\n\n\n\n<p>A elei\u00e7\u00e3o est\u00e1 marcada para ocorrer no dia 16 de dezembro de 2024, com o objetivo de garantir a participa\u00e7\u00e3o ativa de entidades que trabalham direta ou indiretamente com pol\u00edticas voltadas para as mulheres. As inscri\u00e7\u00f5es para participa\u00e7\u00e3o poder\u00e3o ser realizadas entre os dias 4 de novembro e 4 de dezembro de 2024. O processo inclui an\u00e1lise de documentos, homologa\u00e7\u00e3o de inscri\u00e7\u00f5es e etapas de vota\u00e7\u00e3o.<\/p>\n\n\n\n<p><strong>Composi\u00e7\u00e3o da Comiss\u00e3o Eleitoral<\/strong><\/p>\n\n\n\n<p>A Comiss\u00e3o Eleitoral respons\u00e1vel por todo o processo foi designada em assembleia ordin\u00e1ria realizada no dia 16 de outubro de 2024. Composta por representantes de diversas \u00e1reas e institui\u00e7\u00f5es locais, como a Secretaria de Desenvolvimento e Assist\u00eancia Social, a comiss\u00e3o \u00e9 coordenada por Luana Josefa da Silva Gomes. Ela, junto a outros membros, ser\u00e1 respons\u00e1vel pela transpar\u00eancia e regula\u00e7\u00e3o de todo o processo eleitoral.<\/p>\n\n\n\n<p><strong>Crit\u00e9rios e documentos necess\u00e1rios<\/strong><\/p>\n\n\n\n<p>Podem participar da elei\u00e7\u00e3o todas as Entidades N\u00e3o Governamentais com sede em Paudalho que atuem em prol dos direitos das mulheres. As entidades interessadas devem apresentar um requerimento espec\u00edfico e a documenta\u00e7\u00e3o exigida, que inclui of\u00edcio de indica\u00e7\u00e3o de seus representantes, c\u00f3pia do estatuto, CPF e RG dos membros indicados. A entrega da documenta\u00e7\u00e3o dever\u00e1 ser feita na Secretaria de Desenvolvimento e Assist\u00eancia Social, na Pra\u00e7a Santa Tereza, no hor\u00e1rio das 8h \u00e0s 15h.<\/p>\n\n\n\n<p><strong>Exig\u00eancias para os conselheiros eleitos<\/strong><\/p>\n\n\n\n<p>Ap\u00f3s a elei\u00e7\u00e3o, as entidades eleitas devem indicar seus Conselheiros Titulares e Suplentes at\u00e9 o dia 20 de dezembro de 2024. Os indicados precisam atender a alguns crit\u00e9rios, como idade superior a 18 anos, estar em pleno gozo dos direitos civis e pol\u00edticos, e possuir reputa\u00e7\u00e3o ilibada. A posse dos novos conselheiros est\u00e1 prevista para fevereiro de 2025.<\/p>\n\n\n\n<p><strong>Calend\u00e1rio Eleitoral<\/strong><\/p>\n\n\n\n<p>Para facilitar a participa\u00e7\u00e3o, foi publicado um cronograma que detalha todas as etapas do processo eleitoral, desde a publica\u00e7\u00e3o do edital at\u00e9 a posse dos conselheiros eleitos. Este cronograma prev\u00ea momentos de an\u00e1lise, impugna\u00e7\u00e3o de inscri\u00e7\u00f5es, homologa\u00e7\u00e3o e realiza\u00e7\u00e3o da vota\u00e7\u00e3o, garantindo que todos os passos sejam transparentes e cumpram os prazos estabelecidos.<\/p>\n\n\n\n<p><strong>Mais informa\u00e7\u00f5es<\/strong><\/p>\n\n\n\n<p>As entidades interessadas em participar podem acessar o edital completo na sede da Secretaria de Desenvolvimento e Assist\u00eancia Social, bem como esclarecer d\u00favidas diretamente com a Comiss\u00e3o Eleitoral. Esta a\u00e7\u00e3o \u00e9 um marco importante para fortalecer o papel das organiza\u00e7\u00f5es n\u00e3o governamentais na defesa dos direitos das mulheres e assegurar uma representatividade plural no Conselho Municipal dos Direitos da Mulher.<\/p>\n","protected":false},"excerpt":{"rendered":"<p>A Prefeitura de Paudalho, atrav\u00e9s de sua Comiss\u00e3o Eleitoral, abriu edital para a elei\u00e7\u00e3o das Entidades N\u00e3o Governamentais que ir\u00e3o compor o Conselho Municipal dos Direitos da Mulher no bi\u00eanio 2025\/2026. A iniciativa, que atende ao disposto na Lei Municipal N\u00ba 722, visa fortalecer a representatividade e ampliar as a\u00e7\u00f5es em prol dos direitos das [&hellip;]<\/p>\n","protected":false},"author":15,"featured_media":34927,"comment_status":"open","ping_status":"open","sticky":false,"template":"","format":"standard","meta":{"_jetpack_newsletter_access":"","_jetpack_dont_email_post_to_subs":false,"_jetpack_newsletter_tier_id":0,"_jetpack_memberships_contains_paywalled_content":false,"_jetpack_memberships_contains_paid_content":false,"footnotes":""},"categories":[1],"tags":[],"class_list":["post-34926","post","type-post","status-publish","format-standard","has-post-thumbnail","hentry","category-noticias"],"jetpack_featured_media_url":"https:\/\/www.paudalho.pe.gov.br\/portal\/wp-content\/uploads\/2024\/11\/close-up-lady-justice-statue-scaled.jpg","jetpack_sharing_enabled":true,"jetpack_shortlink":"https:\/\/wp.me\/p98mS2-95k","_links":{"self":[{"href":"https:\/\/www.paudalho.pe.gov.br\/portal\/wp-json\/wp\/v2\/posts\/34926","targetHints":{"allow":["GET"]}}],"collection":[{"href":"https:\/\/www.paudalho.pe.gov.br\/portal\/wp-json\/wp\/v2\/posts"}],"about":[{"href":"https:\/\/www.paudalho.pe.gov.br\/portal\/wp-json\/wp\/v2\/types\/post"}],"author":[{"embeddable":true,"href":"https:\/\/www.paudalho.pe.gov.br\/portal\/wp-json\/wp\/v2\/users\/15"}],"replies":[{"embeddable":true,"href":"https:\/\/www.paudalho.pe.gov.br\/portal\/wp-json\/wp\/v2\/comments?post=34926"}],"version-history":[{"count":1,"href":"https:\/\/www.paudalho.pe.gov.br\/portal\/wp-json\/wp\/v2\/posts\/34926\/revisions"}],"predecessor-version":[{"id":34930,"href":"https:\/\/www.paudalho.pe.gov.br\/portal\/wp-json\/wp\/v2\/posts\/34926\/revisions\/34930"}],"wp:featuredmedia":[{"embeddable":true,"href":"https:\/\/www.paudalho.pe.gov.br\/portal\/wp-json\/wp\/v2\/media\/34927"}],"wp:attachment":[{"href":"https:\/\/www.paudalho.pe.gov.br\/portal\/wp-json\/wp\/v2\/media?parent=34926"}],"wp:term":[{"taxonomy":"category","embeddable":true,"href":"https:\/\/www.paudalho.pe.gov.br\/portal\/wp-json\/wp\/v2\/categories?post=34926"},{"taxonomy":"post_tag","embeddable":true,"href":"https:\/\/www.paudalho.pe.gov.br\/portal\/wp-json\/wp\/v2\/tags?post=34926"}],"curies":[{"name":"wp","href":"https:\/\/api.w.org\/{rel}","templated":true}]}}