{"id":34921,"date":"2024-11-01T15:05:03","date_gmt":"2024-11-01T18:05:03","guid":{"rendered":"https:\/\/www.paudalho.pe.gov.br\/portal\/?p=34921"},"modified":"2024-11-01T15:39:12","modified_gmt":"2024-11-01T18:39:12","slug":"eleicao-da-nova-composicao-do-conselho-municipal-dos-direitos-da-pessoa-idosa-para-o-bienio-2025-2026","status":"publish","type":"post","link":"https:\/\/www.paudalho.pe.gov.br\/portal\/eleicao-da-nova-composicao-do-conselho-municipal-dos-direitos-da-pessoa-idosa-para-o-bienio-2025-2026\/","title":{"rendered":"Elei\u00e7\u00e3o da Nova Composi\u00e7\u00e3o do Conselho Municipal dos Direitos da Pessoa Idosa para o Bi\u00eanio 2025\/2026"},"content":{"rendered":"\n<p><\/p>\n\n\n\n<p>No dia 31 de outubro, ocorreu a elei\u00e7\u00e3o para a nova composi\u00e7\u00e3o do Conselho Municipal dos Direitos da Pessoa Idosa, referente ao bi\u00eanio 2025\/2026. O evento foi realizado na Casa dos Conselhos, situada na Pra\u00e7a Santa Teresa, n\u00famero 91, no hor\u00e1rio das 13h \u00e0s 16h. A elei\u00e7\u00e3o das entidades n\u00e3o governamentais contou com a participa\u00e7\u00e3o de representantes de diversos setores da sociedade civil.<\/p>\n\n\n\n<p>Foram eleitos os seguintes membros para compor o conselho:<\/p>\n\n\n\n<ul class=\"wp-block-list\">\n<li><strong>Andr\u00e9a Maria Pereira dos Santos<\/strong>, representando a institui\u00e7\u00e3o Cazuza Pinheiro;<\/li>\n\n\n\n<li><strong>Micherly Melo de Souza<\/strong>, representando o Sindicato dos Trabalhadores;<\/li>\n\n\n\n<li><strong>Pe. Artur Alexandre da Silva<\/strong>, pela Par\u00f3quia do Divino Esp\u00edrito Santo;<\/li>\n\n\n\n<li><strong>Jos\u00e9 Denis de Oliveira<\/strong>, representando o Clube Carnavalesco Cruzeiro do Sul.<\/li>\n<\/ul>\n\n\n\n<p>O Conselho Municipal dos Direitos da Pessoa Idosa tem como objetivo promover a defesa dos direitos da pessoa idosa e garantir a participa\u00e7\u00e3o social dessa parcela da popula\u00e7\u00e3o. A composi\u00e7\u00e3o para o bi\u00eanio 2025\/2026 reflete o compromisso de integrar diferentes segmentos da sociedade na constru\u00e7\u00e3o de pol\u00edticas p\u00fablicas que visem \u00e0 melhoria da qualidade de vida dos idosos do munic\u00edpio.<\/p>\n\n\n<div class=\"wp-block-image\">\n<figure class=\"alignright size-large is-resized\"><img loading=\"lazy\" decoding=\"async\" width=\"800\" height=\"450\" data-attachment-id=\"34923\" data-permalink=\"https:\/\/www.paudalho.pe.gov.br\/portal\/eleicao-da-nova-composicao-do-conselho-municipal-dos-direitos-da-pessoa-idosa-para-o-bienio-2025-2026\/whatsapp-image-2024-11-01-at-14-52-24-1\/\" data-orig-file=\"https:\/\/www.paudalho.pe.gov.br\/portal\/wp-content\/uploads\/2024\/11\/WhatsApp-Image-2024-11-01-at-14.52.24-1.jpeg\" data-orig-size=\"1599,899\" data-comments-opened=\"1\" data-image-meta=\"{&quot;aperture&quot;:&quot;0&quot;,&quot;credit&quot;:&quot;&quot;,&quot;camera&quot;:&quot;&quot;,&quot;caption&quot;:&quot;&quot;,&quot;created_timestamp&quot;:&quot;0&quot;,&quot;copyright&quot;:&quot;&quot;,&quot;focal_length&quot;:&quot;0&quot;,&quot;iso&quot;:&quot;0&quot;,&quot;shutter_speed&quot;:&quot;0&quot;,&quot;title&quot;:&quot;&quot;,&quot;orientation&quot;:&quot;0&quot;}\" data-image-title=\"WhatsApp Image 2024-11-01 at 14.52.24 (1)\" data-image-description=\"\" data-image-caption=\"\" data-medium-file=\"https:\/\/www.paudalho.pe.gov.br\/portal\/wp-content\/uploads\/2024\/11\/WhatsApp-Image-2024-11-01-at-14.52.24-1-350x230.jpeg\" data-large-file=\"https:\/\/www.paudalho.pe.gov.br\/portal\/wp-content\/uploads\/2024\/11\/WhatsApp-Image-2024-11-01-at-14.52.24-1-800x450.jpeg\" src=\"https:\/\/www.paudalho.pe.gov.br\/portal\/wp-content\/uploads\/2024\/11\/WhatsApp-Image-2024-11-01-at-14.52.24-1-800x450.jpeg\" alt=\"\" class=\"wp-image-34923\" style=\"width:495px;height:auto\" srcset=\"https:\/\/www.paudalho.pe.gov.br\/portal\/wp-content\/uploads\/2024\/11\/WhatsApp-Image-2024-11-01-at-14.52.24-1-800x450.jpeg 800w, https:\/\/www.paudalho.pe.gov.br\/portal\/wp-content\/uploads\/2024\/11\/WhatsApp-Image-2024-11-01-at-14.52.24-1-768x432.jpeg 768w, https:\/\/www.paudalho.pe.gov.br\/portal\/wp-content\/uploads\/2024\/11\/WhatsApp-Image-2024-11-01-at-14.52.24-1-1536x864.jpeg 1536w, https:\/\/www.paudalho.pe.gov.br\/portal\/wp-content\/uploads\/2024\/11\/WhatsApp-Image-2024-11-01-at-14.52.24-1.jpeg 1599w\" sizes=\"auto, (max-width: 800px) 100vw, 800px\" \/><\/figure><\/div>\n\n\n<p>A Casa dos Conselhos, ao sediar o processo eleitoral, reafirma seu papel como espa\u00e7o de participa\u00e7\u00e3o popular e articula\u00e7\u00e3o em defesa dos direitos humanos. A elei\u00e7\u00e3o se desenrolou de maneira transparente e democr\u00e1tica, garantindo que todas as vozes fossem ouvidas em prol da constru\u00e7\u00e3o de uma sociedade mais inclusiva e acolhedora para as pessoas idosas.<\/p>\n\n\n\n<p><\/p>\n","protected":false},"excerpt":{"rendered":"<p>No dia 31 de outubro, ocorreu a elei\u00e7\u00e3o para a nova composi\u00e7\u00e3o do Conselho Municipal dos Direitos da Pessoa Idosa, referente ao bi\u00eanio 2025\/2026. O evento foi realizado na Casa dos Conselhos, situada na Pra\u00e7a Santa Teresa, n\u00famero 91, no hor\u00e1rio das 13h \u00e0s 16h. A elei\u00e7\u00e3o das entidades n\u00e3o governamentais contou com a participa\u00e7\u00e3o [&hellip;]<\/p>\n","protected":false},"author":15,"featured_media":34922,"comment_status":"open","ping_status":"open","sticky":false,"template":"","format":"standard","meta":{"_jetpack_newsletter_access":"","_jetpack_dont_email_post_to_subs":false,"_jetpack_newsletter_tier_id":0,"_jetpack_memberships_contains_paywalled_content":false,"_jetpack_memberships_contains_paid_content":false,"footnotes":""},"categories":[850,1],"tags":[22,124],"class_list":["post-34921","post","type-post","status-publish","format-standard","has-post-thumbnail","hentry","category-assistencia-social","category-noticias","tag-prefeitura-do-paudalho","tag-secretaria-de-desenvolvimento-e-assistencia-social"],"jetpack_featured_media_url":"https:\/\/www.paudalho.pe.gov.br\/portal\/wp-content\/uploads\/2024\/11\/WhatsApp-Image-2024-11-01-at-14.52.25-scaled.jpeg","jetpack_sharing_enabled":true,"jetpack_shortlink":"https:\/\/wp.me\/p98mS2-95f","_links":{"self":[{"href":"https:\/\/www.paudalho.pe.gov.br\/portal\/wp-json\/wp\/v2\/posts\/34921","targetHints":{"allow":["GET"]}}],"collection":[{"href":"https:\/\/www.paudalho.pe.gov.br\/portal\/wp-json\/wp\/v2\/posts"}],"about":[{"href":"https:\/\/www.paudalho.pe.gov.br\/portal\/wp-json\/wp\/v2\/types\/post"}],"author":[{"embeddable":true,"href":"https:\/\/www.paudalho.pe.gov.br\/portal\/wp-json\/wp\/v2\/users\/15"}],"replies":[{"embeddable":true,"href":"https:\/\/www.paudalho.pe.gov.br\/portal\/wp-json\/wp\/v2\/comments?post=34921"}],"version-history":[{"count":1,"href":"https:\/\/www.paudalho.pe.gov.br\/portal\/wp-json\/wp\/v2\/posts\/34921\/revisions"}],"predecessor-version":[{"id":34924,"href":"https:\/\/www.paudalho.pe.gov.br\/portal\/wp-json\/wp\/v2\/posts\/34921\/revisions\/34924"}],"wp:featuredmedia":[{"embeddable":true,"href":"https:\/\/www.paudalho.pe.gov.br\/portal\/wp-json\/wp\/v2\/media\/34922"}],"wp:attachment":[{"href":"https:\/\/www.paudalho.pe.gov.br\/portal\/wp-json\/wp\/v2\/media?parent=34921"}],"wp:term":[{"taxonomy":"category","embeddable":true,"href":"https:\/\/www.paudalho.pe.gov.br\/portal\/wp-json\/wp\/v2\/categories?post=34921"},{"taxonomy":"post_tag","embeddable":true,"href":"https:\/\/www.paudalho.pe.gov.br\/portal\/wp-json\/wp\/v2\/tags?post=34921"}],"curies":[{"name":"wp","href":"https:\/\/api.w.org\/{rel}","templated":true}]}}