{"id":349,"date":"2017-05-24T15:04:37","date_gmt":"2017-05-24T18:04:37","guid":{"rendered":"http:\/\/www.paudalho.pe.gov.br\/portal\/?p=349"},"modified":"2017-05-24T15:04:37","modified_gmt":"2017-05-24T18:04:37","slug":"prefeitura-alerta-microempreendedores-individuais-mei-para-entregar-declaracao","status":"publish","type":"post","link":"https:\/\/www.paudalho.pe.gov.br\/portal\/prefeitura-alerta-microempreendedores-individuais-mei-para-entregar-declaracao\/","title":{"rendered":"Prefeitura Alerta Microempreendedores Individuais \u2013 MEI para Entregar Declara\u00e7\u00e3o"},"content":{"rendered":"<p>A Prefeitura de Paudalho, atrav\u00e9s da Secretaria Executiva de Desenvolvimento Agr\u00e1rio e Abastecimento, comunica a todos os microempreendedores individuais \u2013 MEI, que o prazo final para a entrega da declara\u00e7\u00e3o anual do simples nacional \u00e9 31 de Maio. A declara\u00e7\u00e3o \u00e9 uma das obriga\u00e7\u00f5es e responsabilidades que o MEI deve apresentar anualmente.<\/p>\n<p>Para os microempreendedores individuais n\u00e3o perderem o prazo, a Secretaria, que fica localizada no p\u00e1tio da feira, coloca a disposi\u00e7\u00e3o os agentes de desenvolvimento para fazer suas declara\u00e7\u00f5es.<\/p>\n<p>Prefeitura do Paudalho, construindo um novo amanh\u00e3!<\/p>\n","protected":false},"excerpt":{"rendered":"<p>A Prefeitura de Paudalho, atrav\u00e9s da Secretaria Executiva de Desenvolvimento Agr\u00e1rio e Abastecimento, comunica a todos os microempreendedores individuais \u2013 MEI, que o prazo final para a entrega da declara\u00e7\u00e3o anual do simples nacional \u00e9 31 de Maio. A declara\u00e7\u00e3o \u00e9 uma das obriga\u00e7\u00f5es e responsabilidades que o MEI deve apresentar anualmente. Para os microempreendedores [&hellip;]<\/p>\n","protected":false},"author":2,"featured_media":350,"comment_status":"open","ping_status":"open","sticky":false,"template":"","format":"standard","meta":{"_jetpack_newsletter_access":"","_jetpack_dont_email_post_to_subs":false,"_jetpack_newsletter_tier_id":0,"_jetpack_memberships_contains_paywalled_content":false,"_jetpack_memberships_contains_paid_content":false,"footnotes":""},"categories":[32,2],"tags":[33,14,22],"class_list":["post-349","post","type-post","status-publish","format-standard","has-post-thumbnail","hentry","category-comunicado","category-destaque","tag-comunicado","tag-paudalho","tag-prefeitura-do-paudalho"],"jetpack_featured_media_url":"https:\/\/www.paudalho.pe.gov.br\/portal\/wp-content\/uploads\/2017\/05\/WhatsApp-Image-2017-05-24-at-2.56.26-PM.jpeg","jetpack_sharing_enabled":true,"jetpack_shortlink":"https:\/\/wp.me\/p98mS2-5D","_links":{"self":[{"href":"https:\/\/www.paudalho.pe.gov.br\/portal\/wp-json\/wp\/v2\/posts\/349","targetHints":{"allow":["GET"]}}],"collection":[{"href":"https:\/\/www.paudalho.pe.gov.br\/portal\/wp-json\/wp\/v2\/posts"}],"about":[{"href":"https:\/\/www.paudalho.pe.gov.br\/portal\/wp-json\/wp\/v2\/types\/post"}],"author":[{"embeddable":true,"href":"https:\/\/www.paudalho.pe.gov.br\/portal\/wp-json\/wp\/v2\/users\/2"}],"replies":[{"embeddable":true,"href":"https:\/\/www.paudalho.pe.gov.br\/portal\/wp-json\/wp\/v2\/comments?post=349"}],"version-history":[{"count":1,"href":"https:\/\/www.paudalho.pe.gov.br\/portal\/wp-json\/wp\/v2\/posts\/349\/revisions"}],"predecessor-version":[{"id":351,"href":"https:\/\/www.paudalho.pe.gov.br\/portal\/wp-json\/wp\/v2\/posts\/349\/revisions\/351"}],"wp:featuredmedia":[{"embeddable":true,"href":"https:\/\/www.paudalho.pe.gov.br\/portal\/wp-json\/wp\/v2\/media\/350"}],"wp:attachment":[{"href":"https:\/\/www.paudalho.pe.gov.br\/portal\/wp-json\/wp\/v2\/media?parent=349"}],"wp:term":[{"taxonomy":"category","embeddable":true,"href":"https:\/\/www.paudalho.pe.gov.br\/portal\/wp-json\/wp\/v2\/categories?post=349"},{"taxonomy":"post_tag","embeddable":true,"href":"https:\/\/www.paudalho.pe.gov.br\/portal\/wp-json\/wp\/v2\/tags?post=349"}],"curies":[{"name":"wp","href":"https:\/\/api.w.org\/{rel}","templated":true}]}}