{"id":34889,"date":"2024-10-24T12:09:42","date_gmt":"2024-10-24T15:09:42","guid":{"rendered":"https:\/\/www.paudalho.pe.gov.br\/portal\/?p=34889"},"modified":"2024-10-24T12:09:42","modified_gmt":"2024-10-24T15:09:42","slug":"paudalho-capacita-familias-nas-areas-de-gastronomia-estetica-e-prestacao-de-servicos-com-oficinas-de-geracao-de-renda","status":"publish","type":"post","link":"https:\/\/www.paudalho.pe.gov.br\/portal\/paudalho-capacita-familias-nas-areas-de-gastronomia-estetica-e-prestacao-de-servicos-com-oficinas-de-geracao-de-renda\/","title":{"rendered":"Paudalho capacita fam\u00edlias nas \u00e1reas de gastronomia, est\u00e9tica e presta\u00e7\u00e3o de servi\u00e7os com Oficinas de Gera\u00e7\u00e3o de Renda"},"content":{"rendered":"\n<p>Dando continuidade as Oficinas de Gera\u00e7\u00e3o de Renda iniciadas em 2023, a Prefeitura do Paudalho, por meio da Secretaria de Desenvolvimento e Assist\u00eancia Social, conclui nesta sexta-feira (25) mais oito capacita\u00e7\u00f5es realizadas em tr\u00eas polos: Alto do Cruzeiro, Ch\u00e3 de Cruz e Guadalajara.<\/p>\n\n\n\n<p>Focado na gera\u00e7\u00e3o de rendas, as fam\u00edlias puderam se inscrever em capacita\u00e7\u00f5es voltadas para as \u00e1reas da gastronomia, est\u00e9tica e presta\u00e7\u00e3o de servi\u00e7os, ministradas nos turnos da manh\u00e3, tarde e noite. Foram elas: oficinas de torta, doces, tran\u00e7as nag\u00f4, barbeiro, design de sobrancelha, unha em gel, cabeleireiro e eletricista. Participaram das oficinas os usu\u00e1rios da rede socioassistencial inscritos no Cad\u00danico.<\/p>\n\n\n\n<p>\u201c<em>A import\u00e2ncia do curso \u00e9 enorme. \u00c9 muito bom, muito gratificante. A gente est\u00e1 aqui com um acolhimento maravilhoso, com profissionais qualificados. Que continue o projeto, porque assim como eu, podem vir outras<\/em>\u201d, disse a aluna Jessica, que j\u00e1 trabalha como manicure, mas escolheu continuar a se qualificar participando da Oficina de Cabeleireiro.<\/p>\n\n\n\n<p>Desde seu lan\u00e7amento no ano passado, junto com as Oficinas de Corte e Costura, os projetos contam com centenas de paudalhenses sendo capacitados e qualificados nas mais diferentes \u00e1reas. Al\u00e9m disso, as oficinas est\u00e3o descentralizadas, garantindo que um n\u00famero maior da popula\u00e7\u00e3o nas diferentes extremidades do munic\u00edpio possam participar com mais facilidade.<\/p>\n\n\n\n<figure class=\"wp-block-gallery has-nested-images columns-default is-cropped wp-block-gallery-1 is-layout-flex wp-block-gallery-is-layout-flex\">\n<figure class=\"wp-block-image size-large\"><img loading=\"lazy\" decoding=\"async\" width=\"800\" height=\"450\" data-attachment-id=\"34890\" data-permalink=\"https:\/\/www.paudalho.pe.gov.br\/portal\/paudalho-capacita-familias-nas-areas-de-gastronomia-estetica-e-prestacao-de-servicos-com-oficinas-de-geracao-de-renda\/oficinas-de-geracao-de-renda-4\/\" data-orig-file=\"https:\/\/www.paudalho.pe.gov.br\/portal\/wp-content\/uploads\/2024\/10\/OFICINAS-DE-GERACAO-DE-RENDA-4.jpeg\" data-orig-size=\"1290,719\" data-comments-opened=\"1\" data-image-meta=\"{&quot;aperture&quot;:&quot;0&quot;,&quot;credit&quot;:&quot;&quot;,&quot;camera&quot;:&quot;&quot;,&quot;caption&quot;:&quot;&quot;,&quot;created_timestamp&quot;:&quot;0&quot;,&quot;copyright&quot;:&quot;&quot;,&quot;focal_length&quot;:&quot;0&quot;,&quot;iso&quot;:&quot;0&quot;,&quot;shutter_speed&quot;:&quot;0&quot;,&quot;title&quot;:&quot;&quot;,&quot;orientation&quot;:&quot;0&quot;}\" data-image-title=\"OFICINAS-DE-GERACAO-DE-RENDA-4\" data-image-description=\"\" data-image-caption=\"\" data-medium-file=\"https:\/\/www.paudalho.pe.gov.br\/portal\/wp-content\/uploads\/2024\/10\/OFICINAS-DE-GERACAO-DE-RENDA-4-350x230.jpeg\" data-large-file=\"https:\/\/www.paudalho.pe.gov.br\/portal\/wp-content\/uploads\/2024\/10\/OFICINAS-DE-GERACAO-DE-RENDA-4-800x450.jpeg\" data-id=\"34890\" src=\"https:\/\/www.paudalho.pe.gov.br\/portal\/wp-content\/uploads\/2024\/10\/OFICINAS-DE-GERACAO-DE-RENDA-4-800x450.jpeg\" alt=\"\" class=\"wp-image-34890\"\/><\/figure>\n\n\n\n<figure class=\"wp-block-image size-large\"><img loading=\"lazy\" decoding=\"async\" width=\"800\" height=\"450\" data-attachment-id=\"34891\" data-permalink=\"https:\/\/www.paudalho.pe.gov.br\/portal\/paudalho-capacita-familias-nas-areas-de-gastronomia-estetica-e-prestacao-de-servicos-com-oficinas-de-geracao-de-renda\/oficinas-de-geracao-de-renda-3\/\" data-orig-file=\"https:\/\/www.paudalho.pe.gov.br\/portal\/wp-content\/uploads\/2024\/10\/OFICINAS-DE-GERACAO-DE-RENDA-3.jpeg\" data-orig-size=\"1290,1241\" data-comments-opened=\"1\" data-image-meta=\"{&quot;aperture&quot;:&quot;0&quot;,&quot;credit&quot;:&quot;&quot;,&quot;camera&quot;:&quot;&quot;,&quot;caption&quot;:&quot;&quot;,&quot;created_timestamp&quot;:&quot;0&quot;,&quot;copyright&quot;:&quot;&quot;,&quot;focal_length&quot;:&quot;0&quot;,&quot;iso&quot;:&quot;0&quot;,&quot;shutter_speed&quot;:&quot;0&quot;,&quot;title&quot;:&quot;&quot;,&quot;orientation&quot;:&quot;0&quot;}\" data-image-title=\"OFICINAS-DE-GERACAO-DE-RENDA-3\" data-image-description=\"\" data-image-caption=\"\" data-medium-file=\"https:\/\/www.paudalho.pe.gov.br\/portal\/wp-content\/uploads\/2024\/10\/OFICINAS-DE-GERACAO-DE-RENDA-3-350x230.jpeg\" data-large-file=\"https:\/\/www.paudalho.pe.gov.br\/portal\/wp-content\/uploads\/2024\/10\/OFICINAS-DE-GERACAO-DE-RENDA-3-800x450.jpeg\" data-id=\"34891\" src=\"https:\/\/www.paudalho.pe.gov.br\/portal\/wp-content\/uploads\/2024\/10\/OFICINAS-DE-GERACAO-DE-RENDA-3-800x450.jpeg\" alt=\"\" class=\"wp-image-34891\"\/><\/figure>\n\n\n\n<figure class=\"wp-block-image size-large\"><img loading=\"lazy\" decoding=\"async\" width=\"800\" height=\"450\" data-attachment-id=\"34892\" data-permalink=\"https:\/\/www.paudalho.pe.gov.br\/portal\/paudalho-capacita-familias-nas-areas-de-gastronomia-estetica-e-prestacao-de-servicos-com-oficinas-de-geracao-de-renda\/oficinas-de-geracao-de-renda-2\/\" data-orig-file=\"https:\/\/www.paudalho.pe.gov.br\/portal\/wp-content\/uploads\/2024\/10\/OFICINAS-DE-GERACAO-DE-RENDA-2-scaled.jpeg\" data-orig-size=\"2560,1920\" data-comments-opened=\"1\" data-image-meta=\"{&quot;aperture&quot;:&quot;0&quot;,&quot;credit&quot;:&quot;&quot;,&quot;camera&quot;:&quot;&quot;,&quot;caption&quot;:&quot;&quot;,&quot;created_timestamp&quot;:&quot;0&quot;,&quot;copyright&quot;:&quot;&quot;,&quot;focal_length&quot;:&quot;0&quot;,&quot;iso&quot;:&quot;0&quot;,&quot;shutter_speed&quot;:&quot;0&quot;,&quot;title&quot;:&quot;&quot;,&quot;orientation&quot;:&quot;0&quot;}\" data-image-title=\"OFICINAS-DE-GERACAO-DE-RENDA-2\" data-image-description=\"\" data-image-caption=\"\" data-medium-file=\"https:\/\/www.paudalho.pe.gov.br\/portal\/wp-content\/uploads\/2024\/10\/OFICINAS-DE-GERACAO-DE-RENDA-2-350x230.jpeg\" data-large-file=\"https:\/\/www.paudalho.pe.gov.br\/portal\/wp-content\/uploads\/2024\/10\/OFICINAS-DE-GERACAO-DE-RENDA-2-800x450.jpeg\" data-id=\"34892\" src=\"https:\/\/www.paudalho.pe.gov.br\/portal\/wp-content\/uploads\/2024\/10\/OFICINAS-DE-GERACAO-DE-RENDA-2-800x450.jpeg\" alt=\"\" class=\"wp-image-34892\"\/><\/figure>\n\n\n\n<figure class=\"wp-block-image size-large\"><img loading=\"lazy\" decoding=\"async\" width=\"800\" height=\"450\" data-attachment-id=\"34893\" data-permalink=\"https:\/\/www.paudalho.pe.gov.br\/portal\/paudalho-capacita-familias-nas-areas-de-gastronomia-estetica-e-prestacao-de-servicos-com-oficinas-de-geracao-de-renda\/oficinas-de-geracao-de-renda-1\/\" data-orig-file=\"https:\/\/www.paudalho.pe.gov.br\/portal\/wp-content\/uploads\/2024\/10\/OFICINAS-DE-GERACAO-DE-RENDA-1-scaled.jpeg\" data-orig-size=\"2560,1920\" data-comments-opened=\"1\" data-image-meta=\"{&quot;aperture&quot;:&quot;0&quot;,&quot;credit&quot;:&quot;&quot;,&quot;camera&quot;:&quot;&quot;,&quot;caption&quot;:&quot;&quot;,&quot;created_timestamp&quot;:&quot;0&quot;,&quot;copyright&quot;:&quot;&quot;,&quot;focal_length&quot;:&quot;0&quot;,&quot;iso&quot;:&quot;0&quot;,&quot;shutter_speed&quot;:&quot;0&quot;,&quot;title&quot;:&quot;&quot;,&quot;orientation&quot;:&quot;0&quot;}\" data-image-title=\"OFICINAS-DE-GERACAO-DE-RENDA-1\" data-image-description=\"\" data-image-caption=\"\" data-medium-file=\"https:\/\/www.paudalho.pe.gov.br\/portal\/wp-content\/uploads\/2024\/10\/OFICINAS-DE-GERACAO-DE-RENDA-1-350x230.jpeg\" data-large-file=\"https:\/\/www.paudalho.pe.gov.br\/portal\/wp-content\/uploads\/2024\/10\/OFICINAS-DE-GERACAO-DE-RENDA-1-800x450.jpeg\" data-id=\"34893\" src=\"https:\/\/www.paudalho.pe.gov.br\/portal\/wp-content\/uploads\/2024\/10\/OFICINAS-DE-GERACAO-DE-RENDA-1-800x450.jpeg\" alt=\"\" class=\"wp-image-34893\"\/><\/figure>\n\n\n\n<figure class=\"wp-block-image size-large\"><img loading=\"lazy\" decoding=\"async\" width=\"800\" height=\"450\" data-attachment-id=\"34894\" data-permalink=\"https:\/\/www.paudalho.pe.gov.br\/portal\/paudalho-capacita-familias-nas-areas-de-gastronomia-estetica-e-prestacao-de-servicos-com-oficinas-de-geracao-de-renda\/oficinas-de-geracao-de-renda-2-2\/\" data-orig-file=\"https:\/\/www.paudalho.pe.gov.br\/portal\/wp-content\/uploads\/2024\/10\/OFICINAS-DE-GERACAO-DE-RENDA-2-scaled.jpg\" data-orig-size=\"1920,2560\" data-comments-opened=\"1\" data-image-meta=\"{&quot;aperture&quot;:&quot;1.6&quot;,&quot;credit&quot;:&quot;&quot;,&quot;camera&quot;:&quot;iPhone 12&quot;,&quot;caption&quot;:&quot;&quot;,&quot;created_timestamp&quot;:&quot;1729693214&quot;,&quot;copyright&quot;:&quot;&quot;,&quot;focal_length&quot;:&quot;4.2&quot;,&quot;iso&quot;:&quot;400&quot;,&quot;shutter_speed&quot;:&quot;0.025&quot;,&quot;title&quot;:&quot;&quot;,&quot;orientation&quot;:&quot;1&quot;}\" data-image-title=\"OFICINAS-DE-GERACAO-DE-RENDA-2\" data-image-description=\"\" data-image-caption=\"\" data-medium-file=\"https:\/\/www.paudalho.pe.gov.br\/portal\/wp-content\/uploads\/2024\/10\/OFICINAS-DE-GERACAO-DE-RENDA-2-350x230.jpg\" data-large-file=\"https:\/\/www.paudalho.pe.gov.br\/portal\/wp-content\/uploads\/2024\/10\/OFICINAS-DE-GERACAO-DE-RENDA-2-800x450.jpg\" data-id=\"34894\" src=\"https:\/\/www.paudalho.pe.gov.br\/portal\/wp-content\/uploads\/2024\/10\/OFICINAS-DE-GERACAO-DE-RENDA-2-800x450.jpg\" alt=\"\" class=\"wp-image-34894\"\/><\/figure>\n\n\n\n<figure class=\"wp-block-image size-large\"><img loading=\"lazy\" decoding=\"async\" width=\"800\" height=\"450\" data-attachment-id=\"34895\" data-permalink=\"https:\/\/www.paudalho.pe.gov.br\/portal\/paudalho-capacita-familias-nas-areas-de-gastronomia-estetica-e-prestacao-de-servicos-com-oficinas-de-geracao-de-renda\/oficinas-de-geracao-de-renda-5\/\" data-orig-file=\"https:\/\/www.paudalho.pe.gov.br\/portal\/wp-content\/uploads\/2024\/10\/OFICINAS-DE-GERACAO-DE-RENDA-5-scaled.jpg\" data-orig-size=\"1920,2560\" data-comments-opened=\"1\" data-image-meta=\"{&quot;aperture&quot;:&quot;1.6&quot;,&quot;credit&quot;:&quot;&quot;,&quot;camera&quot;:&quot;iPhone 12&quot;,&quot;caption&quot;:&quot;&quot;,&quot;created_timestamp&quot;:&quot;1729693561&quot;,&quot;copyright&quot;:&quot;&quot;,&quot;focal_length&quot;:&quot;4.2&quot;,&quot;iso&quot;:&quot;32&quot;,&quot;shutter_speed&quot;:&quot;0.0077519379844961&quot;,&quot;title&quot;:&quot;&quot;,&quot;orientation&quot;:&quot;1&quot;}\" data-image-title=\"OFICINAS-DE-GERACAO-DE-RENDA-5\" data-image-description=\"\" data-image-caption=\"\" data-medium-file=\"https:\/\/www.paudalho.pe.gov.br\/portal\/wp-content\/uploads\/2024\/10\/OFICINAS-DE-GERACAO-DE-RENDA-5-350x230.jpg\" data-large-file=\"https:\/\/www.paudalho.pe.gov.br\/portal\/wp-content\/uploads\/2024\/10\/OFICINAS-DE-GERACAO-DE-RENDA-5-800x450.jpg\" data-id=\"34895\" src=\"https:\/\/www.paudalho.pe.gov.br\/portal\/wp-content\/uploads\/2024\/10\/OFICINAS-DE-GERACAO-DE-RENDA-5-800x450.jpg\" alt=\"\" class=\"wp-image-34895\"\/><\/figure>\n<\/figure>\n","protected":false},"excerpt":{"rendered":"<p>Dando continuidade as Oficinas de Gera\u00e7\u00e3o de Renda iniciadas em 2023, a Prefeitura do Paudalho, por meio da Secretaria de Desenvolvimento e Assist\u00eancia Social, conclui nesta sexta-feira (25) mais oito capacita\u00e7\u00f5es realizadas em tr\u00eas polos: Alto do Cruzeiro, Ch\u00e3 de Cruz e Guadalajara. Focado na gera\u00e7\u00e3o de rendas, as fam\u00edlias puderam se inscrever em capacita\u00e7\u00f5es [&hellip;]<\/p>\n","protected":false},"author":11,"featured_media":34892,"comment_status":"open","ping_status":"open","sticky":false,"template":"","format":"standard","meta":{"_jetpack_newsletter_access":"","_jetpack_dont_email_post_to_subs":false,"_jetpack_newsletter_tier_id":0,"_jetpack_memberships_contains_paywalled_content":false,"_jetpack_memberships_contains_paid_content":false,"footnotes":""},"categories":[850,2,588,753],"tags":[1558,1560,1556,1301,1555,124,1557,1559],"class_list":["post-34889","post","type-post","status-publish","format-standard","has-post-thumbnail","hentry","category-assistencia-social","category-destaque","category-projetos-e-programas","category-qualificacao-profissional","tag-barbeiro","tag-design-de-sobrancelha","tag-doces","tag-oficinas-de-geracao-de-renda","tag-oficinas-de-torta","tag-secretaria-de-desenvolvimento-e-assistencia-social","tag-trancas-nago","tag-unha-em-gel"],"jetpack_featured_media_url":"https:\/\/www.paudalho.pe.gov.br\/portal\/wp-content\/uploads\/2024\/10\/OFICINAS-DE-GERACAO-DE-RENDA-2-scaled.jpeg","jetpack_sharing_enabled":true,"jetpack_shortlink":"https:\/\/wp.me\/p98mS2-94J","_links":{"self":[{"href":"https:\/\/www.paudalho.pe.gov.br\/portal\/wp-json\/wp\/v2\/posts\/34889","targetHints":{"allow":["GET"]}}],"collection":[{"href":"https:\/\/www.paudalho.pe.gov.br\/portal\/wp-json\/wp\/v2\/posts"}],"about":[{"href":"https:\/\/www.paudalho.pe.gov.br\/portal\/wp-json\/wp\/v2\/types\/post"}],"author":[{"embeddable":true,"href":"https:\/\/www.paudalho.pe.gov.br\/portal\/wp-json\/wp\/v2\/users\/11"}],"replies":[{"embeddable":true,"href":"https:\/\/www.paudalho.pe.gov.br\/portal\/wp-json\/wp\/v2\/comments?post=34889"}],"version-history":[{"count":1,"href":"https:\/\/www.paudalho.pe.gov.br\/portal\/wp-json\/wp\/v2\/posts\/34889\/revisions"}],"predecessor-version":[{"id":34896,"href":"https:\/\/www.paudalho.pe.gov.br\/portal\/wp-json\/wp\/v2\/posts\/34889\/revisions\/34896"}],"wp:featuredmedia":[{"embeddable":true,"href":"https:\/\/www.paudalho.pe.gov.br\/portal\/wp-json\/wp\/v2\/media\/34892"}],"wp:attachment":[{"href":"https:\/\/www.paudalho.pe.gov.br\/portal\/wp-json\/wp\/v2\/media?parent=34889"}],"wp:term":[{"taxonomy":"category","embeddable":true,"href":"https:\/\/www.paudalho.pe.gov.br\/portal\/wp-json\/wp\/v2\/categories?post=34889"},{"taxonomy":"post_tag","embeddable":true,"href":"https:\/\/www.paudalho.pe.gov.br\/portal\/wp-json\/wp\/v2\/tags?post=34889"}],"curies":[{"name":"wp","href":"https:\/\/api.w.org\/{rel}","templated":true}]}}