{"id":34859,"date":"2024-10-21T10:59:13","date_gmt":"2024-10-21T13:59:13","guid":{"rendered":"https:\/\/www.paudalho.pe.gov.br\/portal\/?p=34859"},"modified":"2024-10-21T10:59:13","modified_gmt":"2024-10-21T13:59:13","slug":"acoes-de-sustentabilidade-marcam-o-mes-de-outubro-em-paudalho","status":"publish","type":"post","link":"https:\/\/www.paudalho.pe.gov.br\/portal\/acoes-de-sustentabilidade-marcam-o-mes-de-outubro-em-paudalho\/","title":{"rendered":"A\u00e7\u00f5es de sustentabilidade marcam o m\u00eas de outubro em Paudalho"},"content":{"rendered":"\n<p>A Prefeitura do Paudalho mant\u00e9m seu compromisso com o meio ambiente e sustentabilidade. Por meio da Secretaria de Desenvolvimento Econ\u00f4mico, Meio Ambiente e Qualifica\u00e7\u00e3o Profissional (SEDEMAQ), em parceria com a Cooperativa de Catadores de Materiais Recicl\u00e1veis de Paudalho (COOPCAPA), foi feito o Gerenciamento dos Res\u00edduos S\u00f3lidos Recicl\u00e1veis durante a Festa de Dia das Crian\u00e7as, realizada no P\u00e1tio de Eventos Beira-Rio, Centro da cidade, no dia 12 de outubro.<\/p>\n\n\n\n<p>O evento ocorreu de 8h \u00e0s 17h, com parque de divers\u00f5es gr\u00e1tis para todos, apresenta\u00e7\u00e3o da Banda Bal\u00e3o da Alegria e diversas atividades recreativas, reunindo centenas de crian\u00e7as, pais e familiares para comemorarem. Garantindo uma festa mais sustent\u00e1vel todos os Res\u00edduos S\u00f3lidos Recicl\u00e1veis recolhidos durante a festividade foram transportados para a Central de Triagem e Tratamento de Res\u00edduos de Paudalho, para serem separados, triados e comercializados pela COOPCAPA para a Ind\u00fastria de Recicl\u00e1veis.<\/p>\n\n\n\n<figure class=\"wp-block-gallery has-nested-images columns-default is-cropped wp-block-gallery-1 is-layout-flex wp-block-gallery-is-layout-flex\">\n<figure class=\"wp-block-image size-large\"><img loading=\"lazy\" decoding=\"async\" width=\"800\" height=\"450\" data-attachment-id=\"34861\" data-permalink=\"https:\/\/www.paudalho.pe.gov.br\/portal\/acoes-de-sustentabilidade-marcam-o-mes-de-outubro-em-paudalho\/whatsapp-image-2024-10-17-at-13-26-30-1\/\" data-orig-file=\"https:\/\/www.paudalho.pe.gov.br\/portal\/wp-content\/uploads\/2024\/10\/WhatsApp-Image-2024-10-17-at-13.26.30-1.jpeg\" data-orig-size=\"1600,1201\" data-comments-opened=\"1\" data-image-meta=\"{&quot;aperture&quot;:&quot;0&quot;,&quot;credit&quot;:&quot;&quot;,&quot;camera&quot;:&quot;&quot;,&quot;caption&quot;:&quot;&quot;,&quot;created_timestamp&quot;:&quot;0&quot;,&quot;copyright&quot;:&quot;&quot;,&quot;focal_length&quot;:&quot;0&quot;,&quot;iso&quot;:&quot;0&quot;,&quot;shutter_speed&quot;:&quot;0&quot;,&quot;title&quot;:&quot;&quot;,&quot;orientation&quot;:&quot;0&quot;}\" data-image-title=\"WhatsApp-Image-2024-10-17-at-13.26.30-1\" data-image-description=\"\" data-image-caption=\"\" data-medium-file=\"https:\/\/www.paudalho.pe.gov.br\/portal\/wp-content\/uploads\/2024\/10\/WhatsApp-Image-2024-10-17-at-13.26.30-1-350x230.jpeg\" data-large-file=\"https:\/\/www.paudalho.pe.gov.br\/portal\/wp-content\/uploads\/2024\/10\/WhatsApp-Image-2024-10-17-at-13.26.30-1-800x450.jpeg\" data-id=\"34861\" src=\"https:\/\/www.paudalho.pe.gov.br\/portal\/wp-content\/uploads\/2024\/10\/WhatsApp-Image-2024-10-17-at-13.26.30-1-800x450.jpeg\" alt=\"\" class=\"wp-image-34861\"\/><\/figure>\n\n\n\n<figure class=\"wp-block-image size-large\"><img loading=\"lazy\" decoding=\"async\" width=\"800\" height=\"450\" data-attachment-id=\"34860\" data-permalink=\"https:\/\/www.paudalho.pe.gov.br\/portal\/acoes-de-sustentabilidade-marcam-o-mes-de-outubro-em-paudalho\/whatsapp-image-2024-10-17-at-13-26-30\/\" data-orig-file=\"https:\/\/www.paudalho.pe.gov.br\/portal\/wp-content\/uploads\/2024\/10\/WhatsApp-Image-2024-10-17-at-13.26.30.jpeg\" data-orig-size=\"1600,1201\" data-comments-opened=\"1\" data-image-meta=\"{&quot;aperture&quot;:&quot;0&quot;,&quot;credit&quot;:&quot;&quot;,&quot;camera&quot;:&quot;&quot;,&quot;caption&quot;:&quot;&quot;,&quot;created_timestamp&quot;:&quot;0&quot;,&quot;copyright&quot;:&quot;&quot;,&quot;focal_length&quot;:&quot;0&quot;,&quot;iso&quot;:&quot;0&quot;,&quot;shutter_speed&quot;:&quot;0&quot;,&quot;title&quot;:&quot;&quot;,&quot;orientation&quot;:&quot;0&quot;}\" data-image-title=\"WhatsApp-Image-2024-10-17-at-13.26.30\" data-image-description=\"\" data-image-caption=\"\" data-medium-file=\"https:\/\/www.paudalho.pe.gov.br\/portal\/wp-content\/uploads\/2024\/10\/WhatsApp-Image-2024-10-17-at-13.26.30-350x230.jpeg\" data-large-file=\"https:\/\/www.paudalho.pe.gov.br\/portal\/wp-content\/uploads\/2024\/10\/WhatsApp-Image-2024-10-17-at-13.26.30-800x450.jpeg\" data-id=\"34860\" src=\"https:\/\/www.paudalho.pe.gov.br\/portal\/wp-content\/uploads\/2024\/10\/WhatsApp-Image-2024-10-17-at-13.26.30-800x450.jpeg\" alt=\"\" class=\"wp-image-34860\"\/><\/figure>\n<\/figure>\n\n\n\n<p>Al\u00e9m disso, na \u00faltima quinta-feira (17), a SEDEMAQ, em parceria com a Secretaria de Educa\u00e7\u00e3o e Esportes, realizou o plantio de cinco mudas na Creche Municipal Leonel Francisco Soares, localizada em Guadalajara. Os alunos participaram diretamente da a\u00e7\u00e3o, junto com os Agentes Jovens Ambientais. A a\u00e7\u00e3o teve como objetivo envolver as crian\u00e7as em atividades que despertam ainda mais a responsabilidade na preserva\u00e7\u00e3o do meio ambiente, para crescerem conscientes do papel de todos para manter nossa cidade e nosso planeta.<\/p>\n\n\n\n<figure class=\"wp-block-gallery has-nested-images columns-2 is-cropped wp-block-gallery-2 is-layout-flex wp-block-gallery-is-layout-flex\">\n<figure class=\"wp-block-image size-large\"><img loading=\"lazy\" decoding=\"async\" width=\"800\" height=\"450\" data-attachment-id=\"34862\" data-permalink=\"https:\/\/www.paudalho.pe.gov.br\/portal\/acoes-de-sustentabilidade-marcam-o-mes-de-outubro-em-paudalho\/whatsapp-image-2024-10-17-at-13-40-03-1\/\" data-orig-file=\"https:\/\/www.paudalho.pe.gov.br\/portal\/wp-content\/uploads\/2024\/10\/WhatsApp-Image-2024-10-17-at-13.40.03-1.jpeg\" data-orig-size=\"1200,1600\" data-comments-opened=\"1\" data-image-meta=\"{&quot;aperture&quot;:&quot;0&quot;,&quot;credit&quot;:&quot;&quot;,&quot;camera&quot;:&quot;&quot;,&quot;caption&quot;:&quot;&quot;,&quot;created_timestamp&quot;:&quot;0&quot;,&quot;copyright&quot;:&quot;&quot;,&quot;focal_length&quot;:&quot;0&quot;,&quot;iso&quot;:&quot;0&quot;,&quot;shutter_speed&quot;:&quot;0&quot;,&quot;title&quot;:&quot;&quot;,&quot;orientation&quot;:&quot;0&quot;}\" data-image-title=\"WhatsApp-Image-2024-10-17-at-13.40.03-1\" data-image-description=\"\" data-image-caption=\"\" data-medium-file=\"https:\/\/www.paudalho.pe.gov.br\/portal\/wp-content\/uploads\/2024\/10\/WhatsApp-Image-2024-10-17-at-13.40.03-1-350x230.jpeg\" data-large-file=\"https:\/\/www.paudalho.pe.gov.br\/portal\/wp-content\/uploads\/2024\/10\/WhatsApp-Image-2024-10-17-at-13.40.03-1-800x450.jpeg\" data-id=\"34862\" src=\"https:\/\/www.paudalho.pe.gov.br\/portal\/wp-content\/uploads\/2024\/10\/WhatsApp-Image-2024-10-17-at-13.40.03-1-800x450.jpeg\" alt=\"\" class=\"wp-image-34862\"\/><\/figure>\n\n\n\n<figure class=\"wp-block-image size-large\"><img loading=\"lazy\" decoding=\"async\" width=\"800\" height=\"450\" data-attachment-id=\"34864\" data-permalink=\"https:\/\/www.paudalho.pe.gov.br\/portal\/acoes-de-sustentabilidade-marcam-o-mes-de-outubro-em-paudalho\/whatsapp-image-2024-10-17-at-13-40-01\/\" data-orig-file=\"https:\/\/www.paudalho.pe.gov.br\/portal\/wp-content\/uploads\/2024\/10\/WhatsApp-Image-2024-10-17-at-13.40.01.jpeg\" data-orig-size=\"1200,1600\" data-comments-opened=\"1\" data-image-meta=\"{&quot;aperture&quot;:&quot;0&quot;,&quot;credit&quot;:&quot;&quot;,&quot;camera&quot;:&quot;&quot;,&quot;caption&quot;:&quot;&quot;,&quot;created_timestamp&quot;:&quot;0&quot;,&quot;copyright&quot;:&quot;&quot;,&quot;focal_length&quot;:&quot;0&quot;,&quot;iso&quot;:&quot;0&quot;,&quot;shutter_speed&quot;:&quot;0&quot;,&quot;title&quot;:&quot;&quot;,&quot;orientation&quot;:&quot;0&quot;}\" data-image-title=\"WhatsApp-Image-2024-10-17-at-13.40.01\" data-image-description=\"\" data-image-caption=\"\" data-medium-file=\"https:\/\/www.paudalho.pe.gov.br\/portal\/wp-content\/uploads\/2024\/10\/WhatsApp-Image-2024-10-17-at-13.40.01-350x230.jpeg\" data-large-file=\"https:\/\/www.paudalho.pe.gov.br\/portal\/wp-content\/uploads\/2024\/10\/WhatsApp-Image-2024-10-17-at-13.40.01-800x450.jpeg\" data-id=\"34864\" src=\"https:\/\/www.paudalho.pe.gov.br\/portal\/wp-content\/uploads\/2024\/10\/WhatsApp-Image-2024-10-17-at-13.40.01-800x450.jpeg\" alt=\"\" class=\"wp-image-34864\"\/><\/figure>\n\n\n\n<figure class=\"wp-block-image size-large\"><img loading=\"lazy\" decoding=\"async\" width=\"800\" height=\"450\" data-attachment-id=\"34863\" data-permalink=\"https:\/\/www.paudalho.pe.gov.br\/portal\/acoes-de-sustentabilidade-marcam-o-mes-de-outubro-em-paudalho\/whatsapp-image-2024-10-17-at-13-40-03\/\" data-orig-file=\"https:\/\/www.paudalho.pe.gov.br\/portal\/wp-content\/uploads\/2024\/10\/WhatsApp-Image-2024-10-17-at-13.40.03.jpeg\" data-orig-size=\"1200,1600\" data-comments-opened=\"1\" data-image-meta=\"{&quot;aperture&quot;:&quot;0&quot;,&quot;credit&quot;:&quot;&quot;,&quot;camera&quot;:&quot;&quot;,&quot;caption&quot;:&quot;&quot;,&quot;created_timestamp&quot;:&quot;0&quot;,&quot;copyright&quot;:&quot;&quot;,&quot;focal_length&quot;:&quot;0&quot;,&quot;iso&quot;:&quot;0&quot;,&quot;shutter_speed&quot;:&quot;0&quot;,&quot;title&quot;:&quot;&quot;,&quot;orientation&quot;:&quot;0&quot;}\" data-image-title=\"WhatsApp-Image-2024-10-17-at-13.40.03\" data-image-description=\"\" data-image-caption=\"\" data-medium-file=\"https:\/\/www.paudalho.pe.gov.br\/portal\/wp-content\/uploads\/2024\/10\/WhatsApp-Image-2024-10-17-at-13.40.03-350x230.jpeg\" data-large-file=\"https:\/\/www.paudalho.pe.gov.br\/portal\/wp-content\/uploads\/2024\/10\/WhatsApp-Image-2024-10-17-at-13.40.03-800x450.jpeg\" data-id=\"34863\" src=\"https:\/\/www.paudalho.pe.gov.br\/portal\/wp-content\/uploads\/2024\/10\/WhatsApp-Image-2024-10-17-at-13.40.03-800x450.jpeg\" alt=\"\" class=\"wp-image-34863\"\/><\/figure>\n\n\n\n<figure class=\"wp-block-image size-large\"><img loading=\"lazy\" decoding=\"async\" width=\"800\" height=\"450\" data-attachment-id=\"34865\" data-permalink=\"https:\/\/www.paudalho.pe.gov.br\/portal\/acoes-de-sustentabilidade-marcam-o-mes-de-outubro-em-paudalho\/whatsapp-image-2024-10-17-at-13-40-05\/\" data-orig-file=\"https:\/\/www.paudalho.pe.gov.br\/portal\/wp-content\/uploads\/2024\/10\/WhatsApp-Image-2024-10-17-at-13.40.05.jpeg\" data-orig-size=\"1600,1200\" data-comments-opened=\"1\" data-image-meta=\"{&quot;aperture&quot;:&quot;0&quot;,&quot;credit&quot;:&quot;&quot;,&quot;camera&quot;:&quot;&quot;,&quot;caption&quot;:&quot;&quot;,&quot;created_timestamp&quot;:&quot;0&quot;,&quot;copyright&quot;:&quot;&quot;,&quot;focal_length&quot;:&quot;0&quot;,&quot;iso&quot;:&quot;0&quot;,&quot;shutter_speed&quot;:&quot;0&quot;,&quot;title&quot;:&quot;&quot;,&quot;orientation&quot;:&quot;0&quot;}\" data-image-title=\"WhatsApp-Image-2024-10-17-at-13.40.05\" data-image-description=\"\" data-image-caption=\"\" data-medium-file=\"https:\/\/www.paudalho.pe.gov.br\/portal\/wp-content\/uploads\/2024\/10\/WhatsApp-Image-2024-10-17-at-13.40.05-350x230.jpeg\" data-large-file=\"https:\/\/www.paudalho.pe.gov.br\/portal\/wp-content\/uploads\/2024\/10\/WhatsApp-Image-2024-10-17-at-13.40.05-800x450.jpeg\" data-id=\"34865\" src=\"https:\/\/www.paudalho.pe.gov.br\/portal\/wp-content\/uploads\/2024\/10\/WhatsApp-Image-2024-10-17-at-13.40.05-800x450.jpeg\" alt=\"\" class=\"wp-image-34865\"\/><\/figure>\n<\/figure>\n","protected":false},"excerpt":{"rendered":"<p>A Prefeitura do Paudalho mant\u00e9m seu compromisso com o meio ambiente e sustentabilidade. Por meio da Secretaria de Desenvolvimento Econ\u00f4mico, Meio Ambiente e Qualifica\u00e7\u00e3o Profissional (SEDEMAQ), em parceria com a Cooperativa de Catadores de Materiais Recicl\u00e1veis de Paudalho (COOPCAPA), foi feito o Gerenciamento dos Res\u00edduos S\u00f3lidos Recicl\u00e1veis durante a Festa de Dia das Crian\u00e7as, realizada [&hellip;]<\/p>\n","protected":false},"author":11,"featured_media":34866,"comment_status":"open","ping_status":"open","sticky":false,"template":"","format":"standard","meta":{"_jetpack_newsletter_access":"","_jetpack_dont_email_post_to_subs":false,"_jetpack_newsletter_tier_id":0,"_jetpack_memberships_contains_paywalled_content":false,"_jetpack_memberships_contains_paid_content":false,"footnotes":""},"categories":[2,520,765,1],"tags":[730,1547,1548,1546,1201],"class_list":["post-34859","post","type-post","status-publish","format-standard","has-post-thumbnail","hentry","category-destaque","category-educacao-2","category-meio-ambiente","category-noticias","tag-coopcapa","tag-cooperativa-de-catadores-de-materiais-reciclaveis-de-paudalho","tag-festa-das-criancas","tag-secretaria-de-desenvolvimento-economico-meio-ambiente-e-qualificacao-profissional","tag-secretaria-de-educacao-e-esportes"],"jetpack_featured_media_url":"https:\/\/www.paudalho.pe.gov.br\/portal\/wp-content\/uploads\/2024\/10\/WhatsApp-Image-2024-10-17-at-13.26.37.jpeg","jetpack_sharing_enabled":true,"jetpack_shortlink":"https:\/\/wp.me\/p98mS2-94f","_links":{"self":[{"href":"https:\/\/www.paudalho.pe.gov.br\/portal\/wp-json\/wp\/v2\/posts\/34859","targetHints":{"allow":["GET"]}}],"collection":[{"href":"https:\/\/www.paudalho.pe.gov.br\/portal\/wp-json\/wp\/v2\/posts"}],"about":[{"href":"https:\/\/www.paudalho.pe.gov.br\/portal\/wp-json\/wp\/v2\/types\/post"}],"author":[{"embeddable":true,"href":"https:\/\/www.paudalho.pe.gov.br\/portal\/wp-json\/wp\/v2\/users\/11"}],"replies":[{"embeddable":true,"href":"https:\/\/www.paudalho.pe.gov.br\/portal\/wp-json\/wp\/v2\/comments?post=34859"}],"version-history":[{"count":1,"href":"https:\/\/www.paudalho.pe.gov.br\/portal\/wp-json\/wp\/v2\/posts\/34859\/revisions"}],"predecessor-version":[{"id":34867,"href":"https:\/\/www.paudalho.pe.gov.br\/portal\/wp-json\/wp\/v2\/posts\/34859\/revisions\/34867"}],"wp:featuredmedia":[{"embeddable":true,"href":"https:\/\/www.paudalho.pe.gov.br\/portal\/wp-json\/wp\/v2\/media\/34866"}],"wp:attachment":[{"href":"https:\/\/www.paudalho.pe.gov.br\/portal\/wp-json\/wp\/v2\/media?parent=34859"}],"wp:term":[{"taxonomy":"category","embeddable":true,"href":"https:\/\/www.paudalho.pe.gov.br\/portal\/wp-json\/wp\/v2\/categories?post=34859"},{"taxonomy":"post_tag","embeddable":true,"href":"https:\/\/www.paudalho.pe.gov.br\/portal\/wp-json\/wp\/v2\/tags?post=34859"}],"curies":[{"name":"wp","href":"https:\/\/api.w.org\/{rel}","templated":true}]}}