{"id":3464,"date":"2018-07-16T14:49:45","date_gmt":"2018-07-16T17:49:45","guid":{"rendered":"http:\/\/www.paudalho.pe.gov.br\/portal\/?p=3464"},"modified":"2018-07-16T15:01:05","modified_gmt":"2018-07-16T18:01:05","slug":"programa-ruas-do-povo-ja-transforma-vidas-em-paudalho","status":"publish","type":"post","link":"https:\/\/www.paudalho.pe.gov.br\/portal\/programa-ruas-do-povo-ja-transforma-vidas-em-paudalho\/","title":{"rendered":"Programa Ruas do Povo j\u00e1 transforma vidas em Paudalho"},"content":{"rendered":"<p>Maria Jos\u00e9 F\u00e9lix de 62 anos mora na Travessa B, no bairro do Alto Dois Irm\u00e3os e sofria com a falta de pavimenta\u00e7\u00e3o no local. Os p\u00e9s cansados de enfrentar durante quase 40 anos uma caminhada na terra batida, esburacada que na chuva virava lama, agora pisam uma outra realidade. Concreta! &#8220;Aqui n\u00e3o tinha nada. E vai mudar muito a vida da gente porque era muita lama, a gente n\u00e3o conseguia nem andar. Eu fico muito feliz!&#8221;, comentou. As obras no local j\u00e1 est\u00e3o em pleno funcionamento.<\/p>\n<div id=\"attachment_3466\" style=\"width: 612px\" class=\"wp-caption alignnone\"><img loading=\"lazy\" decoding=\"async\" aria-describedby=\"caption-attachment-3466\" data-attachment-id=\"3466\" data-permalink=\"https:\/\/www.paudalho.pe.gov.br\/portal\/programa-ruas-do-povo-ja-transforma-vidas-em-paudalho\/97ab8c98-ac96-47b5-979d-a1503d0b8f21\/\" data-orig-file=\"https:\/\/www.paudalho.pe.gov.br\/portal\/wp-content\/uploads\/2018\/07\/97ab8c98-ac96-47b5-979d-a1503d0b8f21.jpg\" data-orig-size=\"1280,853\" data-comments-opened=\"1\" data-image-meta=\"{&quot;aperture&quot;:&quot;0&quot;,&quot;credit&quot;:&quot;&quot;,&quot;camera&quot;:&quot;&quot;,&quot;caption&quot;:&quot;&quot;,&quot;created_timestamp&quot;:&quot;0&quot;,&quot;copyright&quot;:&quot;&quot;,&quot;focal_length&quot;:&quot;0&quot;,&quot;iso&quot;:&quot;0&quot;,&quot;shutter_speed&quot;:&quot;0&quot;,&quot;title&quot;:&quot;&quot;,&quot;orientation&quot;:&quot;0&quot;}\" data-image-title=\"97ab8c98-ac96-47b5-979d-a1503d0b8f21\" data-image-description=\"\" data-image-caption=\"&lt;p&gt;Foto: Isak de Castro\/PMP&lt;\/p&gt;\n\" data-medium-file=\"https:\/\/www.paudalho.pe.gov.br\/portal\/wp-content\/uploads\/2018\/07\/97ab8c98-ac96-47b5-979d-a1503d0b8f21-350x230.jpg\" data-large-file=\"https:\/\/www.paudalho.pe.gov.br\/portal\/wp-content\/uploads\/2018\/07\/97ab8c98-ac96-47b5-979d-a1503d0b8f21-800x450.jpg\" class=\" wp-image-3466\" src=\"http:\/\/www.paudalho.pe.gov.br\/portal\/wp-content\/uploads\/2018\/07\/97ab8c98-ac96-47b5-979d-a1503d0b8f21-350x230.jpg\" alt=\"\" width=\"602\" height=\"395\" \/><p id=\"caption-attachment-3466\" class=\"wp-caption-text\">Foto: Isak de Castro\/PMP<\/p><\/div>\n<p>Essa mudan\u00e7a veio ap\u00f3s a Prefeitura do Paudalho ter lan\u00e7ado o Programa Ruas do Povo que vai pavimentar mais de 100 ruas em todo o Munic\u00edpio. Ser\u00e3o 19 bairros contemplados, entre eles Ch\u00e3 de Conselho, Alto dois Irm\u00e3os e Primavera. A a\u00e7\u00e3o \u00e9 inclusiva e vai atender comunidades do Centro da cidade \u00e0 Zona Rural.<\/p>\n<p>Severino Ant\u00f4nio de 69 anos, nasceu e foi criado na cidade do Paudalho. O aposentado tamb\u00e9m comemorou a realiza\u00e7\u00e3o do Programa. &#8220;Aqui era barro, muito dif\u00edcil na chuva, uma lama s\u00f3. Agora ficou bom, a gente sai de dentro de casa e j\u00e1 pisa no cal\u00e7amento. Est\u00e1 tudo mudado!&#8221;, disse.<\/p>\n<div id=\"attachment_3467\" style=\"width: 613px\" class=\"wp-caption alignnone\"><img loading=\"lazy\" decoding=\"async\" aria-describedby=\"caption-attachment-3467\" data-attachment-id=\"3467\" data-permalink=\"https:\/\/www.paudalho.pe.gov.br\/portal\/programa-ruas-do-povo-ja-transforma-vidas-em-paudalho\/79d0b963-e91e-40c9-ae18-4f5568c5fe44\/\" data-orig-file=\"https:\/\/www.paudalho.pe.gov.br\/portal\/wp-content\/uploads\/2018\/07\/79d0b963-e91e-40c9-ae18-4f5568c5fe44.jpg\" data-orig-size=\"1280,853\" data-comments-opened=\"1\" data-image-meta=\"{&quot;aperture&quot;:&quot;0&quot;,&quot;credit&quot;:&quot;&quot;,&quot;camera&quot;:&quot;&quot;,&quot;caption&quot;:&quot;&quot;,&quot;created_timestamp&quot;:&quot;0&quot;,&quot;copyright&quot;:&quot;&quot;,&quot;focal_length&quot;:&quot;0&quot;,&quot;iso&quot;:&quot;0&quot;,&quot;shutter_speed&quot;:&quot;0&quot;,&quot;title&quot;:&quot;&quot;,&quot;orientation&quot;:&quot;0&quot;}\" data-image-title=\"79d0b963-e91e-40c9-ae18-4f5568c5fe44\" data-image-description=\"\" data-image-caption=\"&lt;p&gt;Foto: Isak de Castro\/PMP&lt;\/p&gt;\n\" data-medium-file=\"https:\/\/www.paudalho.pe.gov.br\/portal\/wp-content\/uploads\/2018\/07\/79d0b963-e91e-40c9-ae18-4f5568c5fe44-350x230.jpg\" data-large-file=\"https:\/\/www.paudalho.pe.gov.br\/portal\/wp-content\/uploads\/2018\/07\/79d0b963-e91e-40c9-ae18-4f5568c5fe44-800x450.jpg\" class=\" wp-image-3467\" src=\"http:\/\/www.paudalho.pe.gov.br\/portal\/wp-content\/uploads\/2018\/07\/79d0b963-e91e-40c9-ae18-4f5568c5fe44-350x230.jpg\" alt=\"\" width=\"603\" height=\"396\" \/><p id=\"caption-attachment-3467\" class=\"wp-caption-text\">Foto: Isak de Castro\/PMP<\/p><\/div>\n<p>O objetivo da a\u00e7\u00e3o \u00e9 dignificar o paudalhense. Devolver a alegria e a seguran\u00e7a \u00e0 fam\u00edlias como a da dona de casa, Claudia Barbosa, de 35 anos. Emocionada, a moradora do bairro da Primavera lembrou os tempos dif\u00edceis na comunidade. &#8220;Aqui era tudo cheio de mato, quando chovia eu ficava muito aflita porque quando eu socorria minha filha era muito dif\u00edcil. Eu sempre tinha uma esperan\u00e7a, eu sou crente e entregava a Deus o meu sonho que agora est\u00e1 se concretizando. Eu agrade\u00e7o primeiramente a Deus e depois ao prefeito Marcelo Gouveia&#8221;, concluiu.<\/p>\n<div id=\"attachment_3465\" style=\"width: 610px\" class=\"wp-caption alignnone\"><img loading=\"lazy\" decoding=\"async\" aria-describedby=\"caption-attachment-3465\" data-attachment-id=\"3465\" data-permalink=\"https:\/\/www.paudalho.pe.gov.br\/portal\/programa-ruas-do-povo-ja-transforma-vidas-em-paudalho\/4831f4dc-13d8-4dc7-ac69-8cdfa6d31e51\/\" data-orig-file=\"https:\/\/www.paudalho.pe.gov.br\/portal\/wp-content\/uploads\/2018\/07\/4831f4dc-13d8-4dc7-ac69-8cdfa6d31e51.jpg\" data-orig-size=\"1280,853\" data-comments-opened=\"1\" data-image-meta=\"{&quot;aperture&quot;:&quot;0&quot;,&quot;credit&quot;:&quot;&quot;,&quot;camera&quot;:&quot;&quot;,&quot;caption&quot;:&quot;&quot;,&quot;created_timestamp&quot;:&quot;0&quot;,&quot;copyright&quot;:&quot;&quot;,&quot;focal_length&quot;:&quot;0&quot;,&quot;iso&quot;:&quot;0&quot;,&quot;shutter_speed&quot;:&quot;0&quot;,&quot;title&quot;:&quot;&quot;,&quot;orientation&quot;:&quot;0&quot;}\" data-image-title=\"4831f4dc-13d8-4dc7-ac69-8cdfa6d31e51\" data-image-description=\"\" data-image-caption=\"\" data-medium-file=\"https:\/\/www.paudalho.pe.gov.br\/portal\/wp-content\/uploads\/2018\/07\/4831f4dc-13d8-4dc7-ac69-8cdfa6d31e51-350x230.jpg\" data-large-file=\"https:\/\/www.paudalho.pe.gov.br\/portal\/wp-content\/uploads\/2018\/07\/4831f4dc-13d8-4dc7-ac69-8cdfa6d31e51-800x450.jpg\" class=\"wp-image-3465\" src=\"http:\/\/www.paudalho.pe.gov.br\/portal\/wp-content\/uploads\/2018\/07\/4831f4dc-13d8-4dc7-ac69-8cdfa6d31e51-350x230.jpg\" alt=\"\" width=\"600\" height=\"394\" \/><p id=\"caption-attachment-3465\" class=\"wp-caption-text\">Foto: Isak de Castro\/PMP<\/p><\/div>\n<p>Para o gestor da cidade, Marcelo Gouveia, a iniciativa tem apenas o objetivo de melhorar a qualidade de vida dos paudalhenses. &#8220;Nosso esfor\u00e7o \u00e9 para ver a nossa cidade crescer. Mas eu vou al\u00e9m, nosso esfor\u00e7o antes de tudo \u00e9 para que o povo tenha dignidade e eu estou muito feliz em come\u00e7ar a enxergar o nosso presente e futuro melhor. Vamos avante!&#8221;, enfatizou. As obras do programa continuam ocorrendo no Munic\u00edpio.<\/p>\n","protected":false},"excerpt":{"rendered":"<p>Maria Jos\u00e9 F\u00e9lix de 62 anos mora na Travessa B, no bairro do Alto Dois Irm\u00e3os e sofria com a falta de pavimenta\u00e7\u00e3o no local. Os p\u00e9s cansados de enfrentar durante quase 40 anos uma caminhada na terra batida, esburacada que na chuva virava lama, agora pisam uma outra realidade. Concreta! &#8220;Aqui n\u00e3o tinha nada. [&hellip;]<\/p>\n","protected":false},"author":4,"featured_media":3465,"comment_status":"open","ping_status":"open","sticky":false,"template":"","format":"standard","meta":{"_jetpack_newsletter_access":"","_jetpack_dont_email_post_to_subs":false,"_jetpack_newsletter_tier_id":0,"_jetpack_memberships_contains_paywalled_content":false,"_jetpack_memberships_contains_paid_content":false,"footnotes":""},"categories":[2,1,35],"tags":[211,22,348],"class_list":["post-3464","post","type-post","status-publish","format-standard","has-post-thumbnail","hentry","category-destaque","category-noticias","category-obras","tag-pavimentacao","tag-prefeitura-do-paudalho","tag-programa-ruas-do-povo"],"jetpack_featured_media_url":"https:\/\/www.paudalho.pe.gov.br\/portal\/wp-content\/uploads\/2018\/07\/4831f4dc-13d8-4dc7-ac69-8cdfa6d31e51.jpg","jetpack_sharing_enabled":true,"jetpack_shortlink":"https:\/\/wp.me\/p98mS2-TS","_links":{"self":[{"href":"https:\/\/www.paudalho.pe.gov.br\/portal\/wp-json\/wp\/v2\/posts\/3464","targetHints":{"allow":["GET"]}}],"collection":[{"href":"https:\/\/www.paudalho.pe.gov.br\/portal\/wp-json\/wp\/v2\/posts"}],"about":[{"href":"https:\/\/www.paudalho.pe.gov.br\/portal\/wp-json\/wp\/v2\/types\/post"}],"author":[{"embeddable":true,"href":"https:\/\/www.paudalho.pe.gov.br\/portal\/wp-json\/wp\/v2\/users\/4"}],"replies":[{"embeddable":true,"href":"https:\/\/www.paudalho.pe.gov.br\/portal\/wp-json\/wp\/v2\/comments?post=3464"}],"version-history":[{"count":7,"href":"https:\/\/www.paudalho.pe.gov.br\/portal\/wp-json\/wp\/v2\/posts\/3464\/revisions"}],"predecessor-version":[{"id":3472,"href":"https:\/\/www.paudalho.pe.gov.br\/portal\/wp-json\/wp\/v2\/posts\/3464\/revisions\/3472"}],"wp:featuredmedia":[{"embeddable":true,"href":"https:\/\/www.paudalho.pe.gov.br\/portal\/wp-json\/wp\/v2\/media\/3465"}],"wp:attachment":[{"href":"https:\/\/www.paudalho.pe.gov.br\/portal\/wp-json\/wp\/v2\/media?parent=3464"}],"wp:term":[{"taxonomy":"category","embeddable":true,"href":"https:\/\/www.paudalho.pe.gov.br\/portal\/wp-json\/wp\/v2\/categories?post=3464"},{"taxonomy":"post_tag","embeddable":true,"href":"https:\/\/www.paudalho.pe.gov.br\/portal\/wp-json\/wp\/v2\/tags?post=3464"}],"curies":[{"name":"wp","href":"https:\/\/api.w.org\/{rel}","templated":true}]}}