{"id":34575,"date":"2024-07-16T17:47:00","date_gmt":"2024-07-16T20:47:00","guid":{"rendered":"https:\/\/www.paudalho.pe.gov.br\/portal\/?p=34575"},"modified":"2024-09-18T03:49:44","modified_gmt":"2024-09-18T06:49:44","slug":"comissao-de-levantamento-de-dados-precatorio-fundef-debate-sobre-minuta-do-edital-para-habilitacao-dos-servidores-elegiveis","status":"publish","type":"post","link":"https:\/\/www.paudalho.pe.gov.br\/portal\/comissao-de-levantamento-de-dados-precatorio-fundef-debate-sobre-minuta-do-edital-para-habilitacao-dos-servidores-elegiveis\/","title":{"rendered":"Comiss\u00e3o de Levantamento de Dados &#8211; Precat\u00f3rio FUNDEF debate sobre minuta do Edital para habilita\u00e7\u00e3o dos servidores eleg\u00edveis"},"content":{"rendered":"\n<p>A Comiss\u00e3o de Levantamento de Dados &#8211; Precat\u00f3rio FUNDEF se reuniu nesta ter\u00e7a-feira (16) para discutir a minuta do Edital de Convoca\u00e7\u00e3o e Chamamento P\u00fablico para habilita\u00e7\u00e3o dos servidores eleg\u00edveis para o Precat\u00f3rio FUNDEF. Os membros analisaram quem ter\u00e1 direito ao Precat\u00f3rio diante da Lei 14.325\/2022, crit\u00e9rios e documentos de comprova\u00e7\u00e3o, assinatura digital, entrega e an\u00e1lise de documentos e cronograma de a\u00e7\u00f5es e tempo destinado para a comprova\u00e7\u00e3o do benefici\u00e1rio.&nbsp;<\/p>\n\n\n\n<p>Ap\u00f3s a discuss\u00e3o, a Comiss\u00e3o acordou que o documento dever\u00e1 passar por reajustes junto a Assessoria Jur\u00eddica do munic\u00edpio antes de sua divulga\u00e7\u00e3o. No momento tamb\u00e9m foi acertado o envio de Of\u00edcio para a C\u00e2mara de Vereadores informando data, hor\u00e1rio e local das reuni\u00f5es j\u00e1 agendadas.\u00a0<\/p>\n","protected":false},"excerpt":{"rendered":"<p>A Comiss\u00e3o de Levantamento de Dados &#8211; Precat\u00f3rio FUNDEF se reuniu nesta ter\u00e7a-feira (16) para discutir a minuta do Edital de Convoca\u00e7\u00e3o e Chamamento P\u00fablico para habilita\u00e7\u00e3o dos servidores eleg\u00edveis para o Precat\u00f3rio FUNDEF. Os membros analisaram quem ter\u00e1 direito ao Precat\u00f3rio diante da Lei 14.325\/2022, crit\u00e9rios e documentos de comprova\u00e7\u00e3o, assinatura digital, entrega e [&hellip;]<\/p>\n","protected":false},"author":11,"featured_media":34576,"comment_status":"open","ping_status":"open","sticky":false,"template":"","format":"standard","meta":{"_jetpack_newsletter_access":"","_jetpack_dont_email_post_to_subs":false,"_jetpack_newsletter_tier_id":0,"_jetpack_memberships_contains_paywalled_content":false,"_jetpack_memberships_contains_paid_content":false,"footnotes":""},"categories":[2,520,1,1535],"tags":[1537,30,1536],"class_list":["post-34575","post","type-post","status-publish","format-standard","has-post-thumbnail","hentry","category-destaque","category-educacao-2","category-noticias","category-precatorio-fundef","tag-comissao-de-levantamento-de-dados-precatorio-fundef","tag-educacao","tag-precatorio-fundef"],"jetpack_featured_media_url":"https:\/\/www.paudalho.pe.gov.br\/portal\/wp-content\/uploads\/2024\/09\/WhatsApp-Image-2024-09-17-at-09.46.33-2.jpeg","jetpack_sharing_enabled":true,"jetpack_shortlink":"https:\/\/wp.me\/p98mS2-8ZF","_links":{"self":[{"href":"https:\/\/www.paudalho.pe.gov.br\/portal\/wp-json\/wp\/v2\/posts\/34575","targetHints":{"allow":["GET"]}}],"collection":[{"href":"https:\/\/www.paudalho.pe.gov.br\/portal\/wp-json\/wp\/v2\/posts"}],"about":[{"href":"https:\/\/www.paudalho.pe.gov.br\/portal\/wp-json\/wp\/v2\/types\/post"}],"author":[{"embeddable":true,"href":"https:\/\/www.paudalho.pe.gov.br\/portal\/wp-json\/wp\/v2\/users\/11"}],"replies":[{"embeddable":true,"href":"https:\/\/www.paudalho.pe.gov.br\/portal\/wp-json\/wp\/v2\/comments?post=34575"}],"version-history":[{"count":1,"href":"https:\/\/www.paudalho.pe.gov.br\/portal\/wp-json\/wp\/v2\/posts\/34575\/revisions"}],"predecessor-version":[{"id":34577,"href":"https:\/\/www.paudalho.pe.gov.br\/portal\/wp-json\/wp\/v2\/posts\/34575\/revisions\/34577"}],"wp:featuredmedia":[{"embeddable":true,"href":"https:\/\/www.paudalho.pe.gov.br\/portal\/wp-json\/wp\/v2\/media\/34576"}],"wp:attachment":[{"href":"https:\/\/www.paudalho.pe.gov.br\/portal\/wp-json\/wp\/v2\/media?parent=34575"}],"wp:term":[{"taxonomy":"category","embeddable":true,"href":"https:\/\/www.paudalho.pe.gov.br\/portal\/wp-json\/wp\/v2\/categories?post=34575"},{"taxonomy":"post_tag","embeddable":true,"href":"https:\/\/www.paudalho.pe.gov.br\/portal\/wp-json\/wp\/v2\/tags?post=34575"}],"curies":[{"name":"wp","href":"https:\/\/api.w.org\/{rel}","templated":true}]}}