{"id":34572,"date":"2024-07-02T17:45:00","date_gmt":"2024-07-02T20:45:00","guid":{"rendered":"https:\/\/www.paudalho.pe.gov.br\/portal\/?p=34572"},"modified":"2024-09-18T03:47:06","modified_gmt":"2024-09-18T06:47:06","slug":"comissao-de-levantamento-de-dados-precatorio-fundef-se-reuniu-nesta-terca-feira-02","status":"publish","type":"post","link":"https:\/\/www.paudalho.pe.gov.br\/portal\/comissao-de-levantamento-de-dados-precatorio-fundef-se-reuniu-nesta-terca-feira-02\/","title":{"rendered":"Comiss\u00e3o de Levantamento de Dados &#8211; Precat\u00f3rio FUNDEF se reuniu nesta ter\u00e7a-feira (02)"},"content":{"rendered":"\n<p>A Comiss\u00e3o de Levantamento de Dados &#8211; Precat\u00f3rio FUNDEF se reuniu nesta ter\u00e7a-feira (02) para avaliar a minuta do Edital de Convoca\u00e7\u00e3o e Chamamento P\u00fablico para habilita\u00e7\u00e3o dos servidores eleg\u00edveis para o Precat\u00f3rio FUNDEF. Antes de publicado, o Edital ainda passar\u00e1 por an\u00e1lise, at\u00e9 sua finaliza\u00e7\u00e3o e aprova\u00e7\u00e3o.<\/p>\n\n\n\n<p>Durante a reuni\u00e3o ainda foi decidido pela solicita\u00e7\u00e3o de uma sala na Prefeitura do Paudalho espec\u00edfica para os assuntos do Precat\u00f3rio FUNDEF e relatado que ainda n\u00e3o houve a resposta sobre o Of\u00edcio entregue a Superintend\u00eancia do INSS de Pernambuco.<\/p>\n","protected":false},"excerpt":{"rendered":"<p>A Comiss\u00e3o de Levantamento de Dados &#8211; Precat\u00f3rio FUNDEF se reuniu nesta ter\u00e7a-feira (02) para avaliar a minuta do Edital de Convoca\u00e7\u00e3o e Chamamento P\u00fablico para habilita\u00e7\u00e3o dos servidores eleg\u00edveis para o Precat\u00f3rio FUNDEF. Antes de publicado, o Edital ainda passar\u00e1 por an\u00e1lise, at\u00e9 sua finaliza\u00e7\u00e3o e aprova\u00e7\u00e3o. Durante a reuni\u00e3o ainda foi decidido pela [&hellip;]<\/p>\n","protected":false},"author":11,"featured_media":34573,"comment_status":"open","ping_status":"open","sticky":false,"template":"","format":"standard","meta":{"_jetpack_newsletter_access":"","_jetpack_dont_email_post_to_subs":false,"_jetpack_newsletter_tier_id":0,"_jetpack_memberships_contains_paywalled_content":false,"_jetpack_memberships_contains_paid_content":false,"footnotes":""},"categories":[2,520,1,1535],"tags":[1537,30,1536],"class_list":["post-34572","post","type-post","status-publish","format-standard","has-post-thumbnail","hentry","category-destaque","category-educacao-2","category-noticias","category-precatorio-fundef","tag-comissao-de-levantamento-de-dados-precatorio-fundef","tag-educacao","tag-precatorio-fundef"],"jetpack_featured_media_url":"https:\/\/www.paudalho.pe.gov.br\/portal\/wp-content\/uploads\/2024\/09\/WhatsApp-Image-2024-09-17-at-09.46.33-1.jpeg","jetpack_sharing_enabled":true,"jetpack_shortlink":"https:\/\/wp.me\/p98mS2-8ZC","_links":{"self":[{"href":"https:\/\/www.paudalho.pe.gov.br\/portal\/wp-json\/wp\/v2\/posts\/34572","targetHints":{"allow":["GET"]}}],"collection":[{"href":"https:\/\/www.paudalho.pe.gov.br\/portal\/wp-json\/wp\/v2\/posts"}],"about":[{"href":"https:\/\/www.paudalho.pe.gov.br\/portal\/wp-json\/wp\/v2\/types\/post"}],"author":[{"embeddable":true,"href":"https:\/\/www.paudalho.pe.gov.br\/portal\/wp-json\/wp\/v2\/users\/11"}],"replies":[{"embeddable":true,"href":"https:\/\/www.paudalho.pe.gov.br\/portal\/wp-json\/wp\/v2\/comments?post=34572"}],"version-history":[{"count":1,"href":"https:\/\/www.paudalho.pe.gov.br\/portal\/wp-json\/wp\/v2\/posts\/34572\/revisions"}],"predecessor-version":[{"id":34574,"href":"https:\/\/www.paudalho.pe.gov.br\/portal\/wp-json\/wp\/v2\/posts\/34572\/revisions\/34574"}],"wp:featuredmedia":[{"embeddable":true,"href":"https:\/\/www.paudalho.pe.gov.br\/portal\/wp-json\/wp\/v2\/media\/34573"}],"wp:attachment":[{"href":"https:\/\/www.paudalho.pe.gov.br\/portal\/wp-json\/wp\/v2\/media?parent=34572"}],"wp:term":[{"taxonomy":"category","embeddable":true,"href":"https:\/\/www.paudalho.pe.gov.br\/portal\/wp-json\/wp\/v2\/categories?post=34572"},{"taxonomy":"post_tag","embeddable":true,"href":"https:\/\/www.paudalho.pe.gov.br\/portal\/wp-json\/wp\/v2\/tags?post=34572"}],"curies":[{"name":"wp","href":"https:\/\/api.w.org\/{rel}","templated":true}]}}