{"id":34556,"date":"2024-09-09T19:38:00","date_gmt":"2024-09-09T22:38:00","guid":{"rendered":"https:\/\/www.paudalho.pe.gov.br\/portal\/?p=34556"},"modified":"2024-09-09T23:41:31","modified_gmt":"2024-09-10T02:41:31","slug":"divulgado-edital-de-convocacao-e-regimento-eleitoral-para-eleicoes-do-conselho-municipal-dos-direitos-da-pessoa-idosa-de-paudalho","status":"publish","type":"post","link":"https:\/\/www.paudalho.pe.gov.br\/portal\/divulgado-edital-de-convocacao-e-regimento-eleitoral-para-eleicoes-do-conselho-municipal-dos-direitos-da-pessoa-idosa-de-paudalho\/","title":{"rendered":"Divulgado Edital de Convoca\u00e7\u00e3o e Regimento Eleitoral para elei\u00e7\u00f5es do Conselho Municipal dos Direitos da Pessoa Idosa de Paudalho"},"content":{"rendered":"\n<p>Nesta segunda-feira (09), o Conselho Municipal dos Direitos da Pessoa Idosa de Paudalho (CMDPI) tornou p\u00fablico o Edital de Convoca\u00e7\u00e3o e Regimento Eleitoral para escolha de novos membros para compor o CMDPI no bi\u00eanio 2025\/2026. As inscri\u00e7\u00f5es ocorrem at\u00e9 10 de outubro.<\/p>\n\n\n\n<p>Para a elei\u00e7\u00e3o, os representantes da sociedade civil dever\u00e3o pertencer a entidades n\u00e3o governamentais atuantes no campo do atendimento, promo\u00e7\u00e3o e assessoria na defesa dos direitos da pessoa idosa. O Processo Seletivo ser\u00e1 composto de duas etapas: uma fase inicial de inscri\u00e7\u00e3o e a fase final destinada \u00e0 realiza\u00e7\u00e3o da elei\u00e7\u00e3o propriamente dita, mediante a vota\u00e7\u00e3o de todas as entidades inscritas. A elei\u00e7\u00e3o ocorrer\u00e1 no dia 31 de outubro de 2024, das 13h \u00e0s 16h, na Casa dos Conselhos, situado na pra\u00e7a Santa Tereza.<\/p>\n\n\n\n<p>Confira o Edital completo abaixo:<\/p>\n\n\n\n<div data-wp-interactive=\"core\/file\" class=\"wp-block-file\"><object data-wp-bind--hidden=\"!state.hasPdfPreview\" hidden class=\"wp-block-file__embed\" data=\"https:\/\/www.paudalho.pe.gov.br\/portal\/wp-content\/uploads\/2024\/09\/EDITAL_N_03_2024.pdf\" type=\"application\/pdf\" style=\"width:100%;height:600px\" aria-label=\"Incorporado de EDITAL_N_03_2024.\"><\/object><a id=\"wp-block-file--media-f2284cb2-4791-4e46-84db-456bcbeb58d4\" href=\"https:\/\/www.paudalho.pe.gov.br\/portal\/wp-content\/uploads\/2024\/09\/EDITAL_N_03_2024.pdf\">EDITAL_N_03_2024<\/a><a href=\"https:\/\/www.paudalho.pe.gov.br\/portal\/wp-content\/uploads\/2024\/09\/EDITAL_N_03_2024.pdf\" class=\"wp-block-file__button wp-element-button\" download aria-describedby=\"wp-block-file--media-f2284cb2-4791-4e46-84db-456bcbeb58d4\">Baixar<\/a><\/div>\n\n\n\n<p>Confita a Resolu\u00e7\u00e3o N\u00ba 13 de 23 de agosto de\u00a0 2024, que determina a prorroga\u00e7\u00e3o o mandato de seus membros at\u00e9 dezembro 2024:<\/p>\n\n\n\n<div class=\"wp-block-file\"><a id=\"wp-block-file--media-2db76515-b587-4c61-808f-fb5215cd7361\" href=\"https:\/\/www.paudalho.pe.gov.br\/portal\/wp-content\/uploads\/2024\/09\/RESOLUCAO-13-PRORROGACAO-MANDATO.docx\">RESOLUCAO-13-PRORROGACAO-MANDATO<\/a><a href=\"https:\/\/www.paudalho.pe.gov.br\/portal\/wp-content\/uploads\/2024\/09\/RESOLUCAO-13-PRORROGACAO-MANDATO.docx\" class=\"wp-block-file__button wp-element-button\" download aria-describedby=\"wp-block-file--media-2db76515-b587-4c61-808f-fb5215cd7361\">Baixar<\/a><\/div>\n\n\n\n<p>Confira a Resolu\u00e7\u00e3o N\u00ba 14 de 23 de agosto de\u00a0 2024, que determina a convoca\u00e7\u00e3o da elei\u00e7\u00e3o das entidades n\u00e3o governamentais composi\u00e7\u00e3o 2025\/2026:<\/p>\n\n\n\n<div class=\"wp-block-file\"><a id=\"wp-block-file--media-ac4dbdaf-11e1-46ec-875f-8dc61955b656\" href=\"https:\/\/www.paudalho.pe.gov.br\/portal\/wp-content\/uploads\/2024\/09\/RESOLUCAO-14-CONVOCACAO-ELEICAO.docx\">RESOLUCAO-14-CONVOCACAO-ELEICAO<\/a><a href=\"https:\/\/www.paudalho.pe.gov.br\/portal\/wp-content\/uploads\/2024\/09\/RESOLUCAO-14-CONVOCACAO-ELEICAO.docx\" class=\"wp-block-file__button wp-element-button\" download aria-describedby=\"wp-block-file--media-ac4dbdaf-11e1-46ec-875f-8dc61955b656\">Baixar<\/a><\/div>\n","protected":false},"excerpt":{"rendered":"<p>Nesta segunda-feira (09), o Conselho Municipal dos Direitos da Pessoa Idosa de Paudalho (CMDPI) tornou p\u00fablico o Edital de Convoca\u00e7\u00e3o e Regimento Eleitoral para escolha de novos membros para compor o CMDPI no bi\u00eanio 2025\/2026. As inscri\u00e7\u00f5es ocorrem at\u00e9 10 de outubro. Para a elei\u00e7\u00e3o, os representantes da sociedade civil dever\u00e3o pertencer a entidades n\u00e3o [&hellip;]<\/p>\n","protected":false},"author":11,"featured_media":19915,"comment_status":"open","ping_status":"open","sticky":false,"template":"","format":"standard","meta":{"_jetpack_newsletter_access":"","_jetpack_dont_email_post_to_subs":false,"_jetpack_newsletter_tier_id":0,"_jetpack_memberships_contains_paywalled_content":false,"_jetpack_memberships_contains_paid_content":false,"footnotes":""},"categories":[2,1],"tags":[1533,1532,1534],"class_list":["post-34556","post","type-post","status-publish","format-standard","has-post-thumbnail","hentry","category-destaque","category-noticias","tag-conselho-municipal-dos-direitos-da-pessoa-idosa","tag-conselho-municipal-dos-direitos-da-pessoa-idosa-de-paudalho","tag-edital-de-convocacao-e-regimento-eleitoral"],"jetpack_featured_media_url":"https:\/\/www.paudalho.pe.gov.br\/portal\/wp-content\/uploads\/2021\/10\/160167238_290717479077819_2603706663670437387_n.jpg","jetpack_sharing_enabled":true,"jetpack_shortlink":"https:\/\/wp.me\/p98mS2-8Zm","_links":{"self":[{"href":"https:\/\/www.paudalho.pe.gov.br\/portal\/wp-json\/wp\/v2\/posts\/34556","targetHints":{"allow":["GET"]}}],"collection":[{"href":"https:\/\/www.paudalho.pe.gov.br\/portal\/wp-json\/wp\/v2\/posts"}],"about":[{"href":"https:\/\/www.paudalho.pe.gov.br\/portal\/wp-json\/wp\/v2\/types\/post"}],"author":[{"embeddable":true,"href":"https:\/\/www.paudalho.pe.gov.br\/portal\/wp-json\/wp\/v2\/users\/11"}],"replies":[{"embeddable":true,"href":"https:\/\/www.paudalho.pe.gov.br\/portal\/wp-json\/wp\/v2\/comments?post=34556"}],"version-history":[{"count":2,"href":"https:\/\/www.paudalho.pe.gov.br\/portal\/wp-json\/wp\/v2\/posts\/34556\/revisions"}],"predecessor-version":[{"id":34561,"href":"https:\/\/www.paudalho.pe.gov.br\/portal\/wp-json\/wp\/v2\/posts\/34556\/revisions\/34561"}],"wp:featuredmedia":[{"embeddable":true,"href":"https:\/\/www.paudalho.pe.gov.br\/portal\/wp-json\/wp\/v2\/media\/19915"}],"wp:attachment":[{"href":"https:\/\/www.paudalho.pe.gov.br\/portal\/wp-json\/wp\/v2\/media?parent=34556"}],"wp:term":[{"taxonomy":"category","embeddable":true,"href":"https:\/\/www.paudalho.pe.gov.br\/portal\/wp-json\/wp\/v2\/categories?post=34556"},{"taxonomy":"post_tag","embeddable":true,"href":"https:\/\/www.paudalho.pe.gov.br\/portal\/wp-json\/wp\/v2\/tags?post=34556"}],"curies":[{"name":"wp","href":"https:\/\/api.w.org\/{rel}","templated":true}]}}