{"id":3443,"date":"2018-07-16T00:21:49","date_gmt":"2018-07-16T03:21:49","guid":{"rendered":"http:\/\/www.paudalho.pe.gov.br\/portal\/?p=3443"},"modified":"2018-07-16T00:25:39","modified_gmt":"2018-07-16T03:25:39","slug":"upa-paudalho-oferta-atendimento-de-qualidade-e-populacao-elogia","status":"publish","type":"post","link":"https:\/\/www.paudalho.pe.gov.br\/portal\/upa-paudalho-oferta-atendimento-de-qualidade-e-populacao-elogia\/","title":{"rendered":"UPA Paudalho oferta atendimento de qualidade e popula\u00e7\u00e3o elogia"},"content":{"rendered":"<p>A Unidade de Pronto Atendimento Laura Bandeira de Melo (UPA Paudalho) j\u00e1 funciona normalmente no Munic\u00edpio ofertando servi\u00e7os de urg\u00eancia e emerg\u00eancia em uma ampla estrutura com m\u00e9dicos, enfermeiros e profissionais qualificados. O equipamento p\u00fablico conta com salas de classifica\u00e7\u00e3o de risco, sutura e curativos, inala\u00e7\u00e3o, administra\u00e7\u00e3o de medicamentos, raio X e ainda consult\u00f3rios, laborat\u00f3rios entre outros espa\u00e7os. O atendimento funciona 24 por dia, sete dias na semana.<\/p>\n<p>O aposentado Jos\u00e9 Francisco, de 85 anos, precisou ser atendido e n\u00e3o escondeu a satisfa\u00e7\u00e3o pelo servi\u00e7o. \u201cEu estou achando tudo bom. As enfermeiras cuidaram de mim eu agrade\u00e7o a todos\u201d, disse.<\/p>\n<p>Segundo a Secretaria Municipal de Sa\u00fade, o local vai ofertar cerca de 4.500 atendimentos por m\u00eas. A operadora de caixa, Dielma Sales, de 32 anos \u00e9 filha de Jos\u00e9 Francisco. Ao chegar \u00e0 unidade de sa\u00fade, a paudalhense se impressionou com a estrutura. \u201cMuito bom o atendimento. Quando a gente chegou, logo fomos bem recebidos e os equipamentos s\u00e3o nota dez\u201d, comentou.<\/p>\n<p><img loading=\"lazy\" decoding=\"async\" data-attachment-id=\"3445\" data-permalink=\"https:\/\/www.paudalho.pe.gov.br\/portal\/upa-paudalho-oferta-atendimento-de-qualidade-e-populacao-elogia\/afe69f9b-b3bd-4bb3-a08f-32038817d911\/\" data-orig-file=\"https:\/\/www.paudalho.pe.gov.br\/portal\/wp-content\/uploads\/2018\/07\/afe69f9b-b3bd-4bb3-a08f-32038817d911.jpg\" data-orig-size=\"1280,853\" data-comments-opened=\"1\" data-image-meta=\"{&quot;aperture&quot;:&quot;0&quot;,&quot;credit&quot;:&quot;&quot;,&quot;camera&quot;:&quot;&quot;,&quot;caption&quot;:&quot;&quot;,&quot;created_timestamp&quot;:&quot;0&quot;,&quot;copyright&quot;:&quot;&quot;,&quot;focal_length&quot;:&quot;0&quot;,&quot;iso&quot;:&quot;0&quot;,&quot;shutter_speed&quot;:&quot;0&quot;,&quot;title&quot;:&quot;&quot;,&quot;orientation&quot;:&quot;0&quot;}\" data-image-title=\"afe69f9b-b3bd-4bb3-a08f-32038817d911\" data-image-description=\"\" data-image-caption=\"\" data-medium-file=\"https:\/\/www.paudalho.pe.gov.br\/portal\/wp-content\/uploads\/2018\/07\/afe69f9b-b3bd-4bb3-a08f-32038817d911-350x230.jpg\" data-large-file=\"https:\/\/www.paudalho.pe.gov.br\/portal\/wp-content\/uploads\/2018\/07\/afe69f9b-b3bd-4bb3-a08f-32038817d911-800x450.jpg\" class=\"alignnone wp-image-3445\" src=\"http:\/\/www.paudalho.pe.gov.br\/portal\/wp-content\/uploads\/2018\/07\/afe69f9b-b3bd-4bb3-a08f-32038817d911-350x230.jpg\" alt=\"\" width=\"550\" height=\"361\" \/><\/p>\n<h2>Refer\u00eancia para a regi\u00e3o<\/h2>\n<p>Em t\u00e3o pouco tempo a UPA Paudalho j\u00e1 tem se transformado em refer\u00eancia para toda regi\u00e3o da Mata Norte. A dona de casa, Maria Jos\u00e9, de 34 anos, \u00e9 moradora de Carpina e tamb\u00e9m elogiou o atendimento que recebeu. \u201cEu moro em Carpina h\u00e1 34 anos e tem UPA l\u00e1, mas ainda n\u00e3o foi terminada. Eu sempre gostei daqui de Paudalho, tenho um filho que nasceu aqui. E quero parabenizar a Prefeitura por essa conquista\u201d, disse.<\/p>\n<p>Mostrando que o local est\u00e1 preparado para o funcionamento, no primeiro dia de atendimento, em nove de julho, uma paudalhense nasceu na unidade. O prefeito do Munic\u00edpio, Marcelo Gouveia, se emocionou com o avan\u00e7o. De acordo com ele, a UPA \u00e9 um marco para Paudalho. \u201cEsse novo equipamento p\u00fablico de sa\u00fade que temos em nossa cidade \u00e9 um verdadeiro marco n\u00e3o somente para o nosso Munic\u00edpio, mas para a regi\u00e3o. Estou muito feliz e vamos avante!\u201d, concluiu.<\/p>\n<p><strong>Confira mat\u00e9ria em v\u00eddeo:<\/strong><\/p>\n<p><iframe loading=\"lazy\" style=\"border: none; overflow: hidden;\" src=\"https:\/\/www.facebook.com\/plugins\/video.php?href=https%3A%2F%2Fwww.facebook.com%2FPrefeituraPaudalho%2Fvideos%2F999664566823959%2F&amp;show_text=1&amp;width=560\" width=\"560\" height=\"483\" frameborder=\"0\" scrolling=\"no\" allowfullscreen=\"allowfullscreen\"><\/iframe><\/p>\n","protected":false},"excerpt":{"rendered":"<p>A Unidade de Pronto Atendimento Laura Bandeira de Melo (UPA Paudalho) j\u00e1 funciona normalmente no Munic\u00edpio ofertando servi\u00e7os de urg\u00eancia e emerg\u00eancia em uma ampla estrutura com m\u00e9dicos, enfermeiros e profissionais qualificados. O equipamento p\u00fablico conta com salas de classifica\u00e7\u00e3o de risco, sutura e curativos, inala\u00e7\u00e3o, administra\u00e7\u00e3o de medicamentos, raio X e ainda consult\u00f3rios, laborat\u00f3rios [&hellip;]<\/p>\n","protected":false},"author":4,"featured_media":3444,"comment_status":"open","ping_status":"open","sticky":false,"template":"","format":"standard","meta":{"_jetpack_newsletter_access":"","_jetpack_dont_email_post_to_subs":false,"_jetpack_newsletter_tier_id":0,"_jetpack_memberships_contains_paywalled_content":false,"_jetpack_memberships_contains_paid_content":false,"footnotes":""},"categories":[2,1,3],"tags":[22,16,338],"class_list":["post-3443","post","type-post","status-publish","format-standard","has-post-thumbnail","hentry","category-destaque","category-noticias","category-saude","tag-prefeitura-do-paudalho","tag-saude","tag-upa"],"jetpack_featured_media_url":"https:\/\/www.paudalho.pe.gov.br\/portal\/wp-content\/uploads\/2018\/07\/c1c2a508-f9b1-4336-b40e-2e9b34b25082.jpg","jetpack_sharing_enabled":true,"jetpack_shortlink":"https:\/\/wp.me\/p98mS2-Tx","_links":{"self":[{"href":"https:\/\/www.paudalho.pe.gov.br\/portal\/wp-json\/wp\/v2\/posts\/3443","targetHints":{"allow":["GET"]}}],"collection":[{"href":"https:\/\/www.paudalho.pe.gov.br\/portal\/wp-json\/wp\/v2\/posts"}],"about":[{"href":"https:\/\/www.paudalho.pe.gov.br\/portal\/wp-json\/wp\/v2\/types\/post"}],"author":[{"embeddable":true,"href":"https:\/\/www.paudalho.pe.gov.br\/portal\/wp-json\/wp\/v2\/users\/4"}],"replies":[{"embeddable":true,"href":"https:\/\/www.paudalho.pe.gov.br\/portal\/wp-json\/wp\/v2\/comments?post=3443"}],"version-history":[{"count":5,"href":"https:\/\/www.paudalho.pe.gov.br\/portal\/wp-json\/wp\/v2\/posts\/3443\/revisions"}],"predecessor-version":[{"id":3449,"href":"https:\/\/www.paudalho.pe.gov.br\/portal\/wp-json\/wp\/v2\/posts\/3443\/revisions\/3449"}],"wp:featuredmedia":[{"embeddable":true,"href":"https:\/\/www.paudalho.pe.gov.br\/portal\/wp-json\/wp\/v2\/media\/3444"}],"wp:attachment":[{"href":"https:\/\/www.paudalho.pe.gov.br\/portal\/wp-json\/wp\/v2\/media?parent=3443"}],"wp:term":[{"taxonomy":"category","embeddable":true,"href":"https:\/\/www.paudalho.pe.gov.br\/portal\/wp-json\/wp\/v2\/categories?post=3443"},{"taxonomy":"post_tag","embeddable":true,"href":"https:\/\/www.paudalho.pe.gov.br\/portal\/wp-json\/wp\/v2\/tags?post=3443"}],"curies":[{"name":"wp","href":"https:\/\/api.w.org\/{rel}","templated":true}]}}