{"id":3380,"date":"2018-07-06T03:09:09","date_gmt":"2018-07-06T06:09:09","guid":{"rendered":"http:\/\/www.paudalho.pe.gov.br\/portal\/?p=3380"},"modified":"2018-07-06T03:22:36","modified_gmt":"2018-07-06T06:22:36","slug":"prefeitura-inaugura-upa-paudalho-e-unidade-surpreende-populacao","status":"publish","type":"post","link":"https:\/\/www.paudalho.pe.gov.br\/portal\/prefeitura-inaugura-upa-paudalho-e-unidade-surpreende-populacao\/","title":{"rendered":"Prefeitura inaugura UPA Paudalho e unidade surpreende popula\u00e7\u00e3o"},"content":{"rendered":"<p>A emo\u00e7\u00e3o tomou conta de centenas de paudalhenses que participaram na noite desta quinta-feira (5) da inaugura\u00e7\u00e3o da Unidade de Pronto Atendimento Laura Bandeira de Melo (UPA Paudalho). Ap\u00f3s anos de descaso, o local foi entregue \u00e0 popula\u00e7\u00e3o totalmente estruturado com salas de servi\u00e7o social, classifica\u00e7\u00e3o de risco, sutura e curativos, inala\u00e7\u00e3o, administra\u00e7\u00e3o de medicamentos, raio X e ainda consult\u00f3rios, laborat\u00f3rios, sala amarela (emerg\u00eancia) e sala vermelha (urg\u00eancia), farm\u00e1cia entre outros espa\u00e7os.<\/p>\n<p>Segundo a Secretaria Municipal de Sa\u00fade, a UPA Paudalho vai funcionar sete dias da semana, 24 horas por dia ofertando cerca de 4.500 atendimentos por m\u00eas.<\/p>\n<p><strong>Confira as fotos:\u00a0<\/strong><\/p>\n\r\n\t\t<style type='text\/css'>\r\n\t\t\t#gallery-1 {\r\n\t\t\t\tmargin: auto;\r\n\t\t\t}\r\n\t\t\t#gallery-1 .gallery-item {\r\n\t\t\t\tfloat: left;\r\n\t\t\t\tmargin-top: 10px;\r\n\t\t\t\ttext-align: center;\r\n\t\t\t\twidth: 25%;\r\n\t\t\t}\r\n\t\t\t#gallery-1 img {\r\n\t\t\t\tborder: 2px solid #cfcfcf;\r\n\t\t\t}\r\n\t\t\t#gallery-1 .gallery-caption {\r\n\t\t\t\tmargin-left: 0;\r\n\t\t\t}\r\n\t\t<\/style>\r\n\t\t<!-- see gallery_shortcode() in wp-includes\/media.php -->\n\t\t<div data-carousel-extra='{\"blog_id\":1,\"permalink\":\"https:\\\/\\\/www.paudalho.pe.gov.br\\\/portal\\\/prefeitura-inaugura-upa-paudalho-e-unidade-surpreende-populacao\\\/\"}' id='gallery-1' class='gallery galleryid-3380 gallery-columns-4 gallery-size-thumbnail gallery1'><script type=\"text\/javascript\">\r\n\/\/ <![CDATA[\r\n\tjQuery(document).ready(function () {\r\n\t\tjQuery(\".gallery1 a\").attr(\"rel\",\"gallery1\");\t\r\n\t\tjQuery('a[rel=\"gallery1\"]').colorbox({maxWidth:\"95%\", maxHeight:\"95%\",title: function(){ return jQuery(this).children().attr(\"alt\"); }, });\r\n\t});\r\n\/\/ ]]>\r\n<\/script>\n<dl class=\"gallery-item\">\n<dt class=\"gallery-icon\">\r\n<a href=\"https:\/\/www.paudalho.pe.gov.br\/portal\/wp-content\/uploads\/2018\/07\/5c3c9267-e28b-4232-9e21-dfe21f8c0a56.jpg\" title=\"\" rel=\"gallery1\"><img loading=\"lazy\" decoding=\"async\" src=\"https:\/\/www.paudalho.pe.gov.br\/portal\/wp-content\/uploads\/2018\/07\/5c3c9267-e28b-4232-9e21-dfe21f8c0a56-200x160.jpg\" width=\"150\" height=\"120\" alt=\"\" \/><\/a>\r\n<\/dt><\/dl><dl class=\"gallery-item\">\n<dt class=\"gallery-icon\">\r\n<a href=\"https:\/\/www.paudalho.pe.gov.br\/portal\/wp-content\/uploads\/2018\/07\/5d817ea4-4611-410a-aa19-7d1c96f0837c.jpg\" title=\"\" rel=\"gallery1\"><img loading=\"lazy\" decoding=\"async\" src=\"https:\/\/www.paudalho.pe.gov.br\/portal\/wp-content\/uploads\/2018\/07\/5d817ea4-4611-410a-aa19-7d1c96f0837c-200x160.jpg\" width=\"150\" height=\"120\" alt=\"\" \/><\/a>\r\n<\/dt><\/dl><dl class=\"gallery-item\">\n<dt class=\"gallery-icon\">\r\n<a href=\"https:\/\/www.paudalho.pe.gov.br\/portal\/wp-content\/uploads\/2018\/07\/79f1616c-8633-4245-a6ca-b5f41729fa67.jpg\" title=\"\" rel=\"gallery1\"><img loading=\"lazy\" decoding=\"async\" src=\"https:\/\/www.paudalho.pe.gov.br\/portal\/wp-content\/uploads\/2018\/07\/79f1616c-8633-4245-a6ca-b5f41729fa67-200x160.jpg\" width=\"150\" height=\"120\" alt=\"\" \/><\/a>\r\n<\/dt><\/dl><dl class=\"gallery-item\">\n<dt class=\"gallery-icon\">\r\n<a href=\"https:\/\/www.paudalho.pe.gov.br\/portal\/wp-content\/uploads\/2018\/07\/c8397c62-4d97-4d6d-a25c-15a1898a3882.jpg\" title=\"\" rel=\"gallery1\"><img loading=\"lazy\" decoding=\"async\" src=\"https:\/\/www.paudalho.pe.gov.br\/portal\/wp-content\/uploads\/2018\/07\/c8397c62-4d97-4d6d-a25c-15a1898a3882-200x160.jpg\" width=\"150\" height=\"120\" alt=\"\" \/><\/a>\r\n<\/dt><\/dl><br style=\"clear: both\" \/><dl class=\"gallery-item\">\n<dt class=\"gallery-icon\">\r\n<a href=\"https:\/\/www.paudalho.pe.gov.br\/portal\/wp-content\/uploads\/2018\/07\/c12ad39b-cebf-471d-a271-b7daf3107433.jpg\" title=\"\" rel=\"gallery1\"><img loading=\"lazy\" decoding=\"async\" src=\"https:\/\/www.paudalho.pe.gov.br\/portal\/wp-content\/uploads\/2018\/07\/c12ad39b-cebf-471d-a271-b7daf3107433-200x160.jpg\" width=\"150\" height=\"120\" alt=\"\" \/><\/a>\r\n<\/dt><\/dl><dl class=\"gallery-item\">\n<dt class=\"gallery-icon\">\r\n<a href=\"https:\/\/www.paudalho.pe.gov.br\/portal\/wp-content\/uploads\/2018\/07\/9f1a9e0a-1011-4ba2-8cdd-70e0fef1242e.jpg\" title=\"\" rel=\"gallery1\"><img loading=\"lazy\" decoding=\"async\" src=\"https:\/\/www.paudalho.pe.gov.br\/portal\/wp-content\/uploads\/2018\/07\/9f1a9e0a-1011-4ba2-8cdd-70e0fef1242e-200x160.jpg\" width=\"150\" height=\"120\" alt=\"\" \/><\/a>\r\n<\/dt><\/dl><dl class=\"gallery-item\">\n<dt class=\"gallery-icon\">\r\n<a href=\"https:\/\/www.paudalho.pe.gov.br\/portal\/wp-content\/uploads\/2018\/07\/15ac7acf-7b30-49a2-9374-3675a32f87d5.jpg\" title=\"\" rel=\"gallery1\"><img loading=\"lazy\" decoding=\"async\" src=\"https:\/\/www.paudalho.pe.gov.br\/portal\/wp-content\/uploads\/2018\/07\/15ac7acf-7b30-49a2-9374-3675a32f87d5-200x160.jpg\" width=\"150\" height=\"120\" alt=\"\" \/><\/a>\r\n<\/dt><\/dl><dl class=\"gallery-item\">\n<dt class=\"gallery-icon\">\r\n<a href=\"https:\/\/www.paudalho.pe.gov.br\/portal\/wp-content\/uploads\/2018\/07\/24210519-72bd-44c4-a86b-73b0f8274e70.jpg\" title=\"\" rel=\"gallery1\"><img loading=\"lazy\" decoding=\"async\" src=\"https:\/\/www.paudalho.pe.gov.br\/portal\/wp-content\/uploads\/2018\/07\/24210519-72bd-44c4-a86b-73b0f8274e70-200x160.jpg\" width=\"150\" height=\"120\" alt=\"\" \/><\/a>\r\n<\/dt><\/dl><br style=\"clear: both\" \/><dl class=\"gallery-item\">\n<dt class=\"gallery-icon\">\r\n<a href=\"https:\/\/www.paudalho.pe.gov.br\/portal\/wp-content\/uploads\/2018\/07\/681d0fb4-ac71-4387-b308-185d20d5540f.jpg\" title=\"\" rel=\"gallery1\"><img loading=\"lazy\" decoding=\"async\" src=\"https:\/\/www.paudalho.pe.gov.br\/portal\/wp-content\/uploads\/2018\/07\/681d0fb4-ac71-4387-b308-185d20d5540f-200x160.jpg\" width=\"150\" height=\"120\" alt=\"\" \/><\/a>\r\n<\/dt><\/dl><dl class=\"gallery-item\">\n<dt class=\"gallery-icon\">\r\n<a href=\"https:\/\/www.paudalho.pe.gov.br\/portal\/wp-content\/uploads\/2018\/07\/9ac7167b-41e8-472f-bc8b-404f53791f77.jpg\" title=\"\" rel=\"gallery1\"><img loading=\"lazy\" decoding=\"async\" src=\"https:\/\/www.paudalho.pe.gov.br\/portal\/wp-content\/uploads\/2018\/07\/9ac7167b-41e8-472f-bc8b-404f53791f77-200x160.jpg\" width=\"150\" height=\"120\" alt=\"\" \/><\/a>\r\n<\/dt><\/dl><dl class=\"gallery-item\">\n<dt class=\"gallery-icon\">\r\n<a href=\"https:\/\/www.paudalho.pe.gov.br\/portal\/wp-content\/uploads\/2018\/07\/6cc264aa-e58a-4cad-903e-aa9e67190922.jpg\" title=\"\" rel=\"gallery1\"><img loading=\"lazy\" decoding=\"async\" src=\"https:\/\/www.paudalho.pe.gov.br\/portal\/wp-content\/uploads\/2018\/07\/6cc264aa-e58a-4cad-903e-aa9e67190922-200x160.jpg\" width=\"150\" height=\"120\" alt=\"\" \/><\/a>\r\n<\/dt><\/dl><dl class=\"gallery-item\">\n<dt class=\"gallery-icon\">\r\n<a href=\"https:\/\/www.paudalho.pe.gov.br\/portal\/wp-content\/uploads\/2018\/07\/b89a7c56-3b5d-448e-a2dd-4f2724275db0.jpg\" title=\"\" rel=\"gallery1\"><img loading=\"lazy\" decoding=\"async\" src=\"https:\/\/www.paudalho.pe.gov.br\/portal\/wp-content\/uploads\/2018\/07\/b89a7c56-3b5d-448e-a2dd-4f2724275db0-200x160.jpg\" width=\"150\" height=\"120\" alt=\"\" \/><\/a>\r\n<\/dt><\/dl><br style=\"clear: both\" \/><dl class=\"gallery-item\">\n<dt class=\"gallery-icon\">\r\n<a href=\"https:\/\/www.paudalho.pe.gov.br\/portal\/wp-content\/uploads\/2018\/07\/0f53487b-350d-419d-993b-8212a16d73ae.jpg\" title=\"\" rel=\"gallery1\"><img loading=\"lazy\" decoding=\"async\" src=\"https:\/\/www.paudalho.pe.gov.br\/portal\/wp-content\/uploads\/2018\/07\/0f53487b-350d-419d-993b-8212a16d73ae-200x160.jpg\" width=\"150\" height=\"120\" alt=\"\" \/><\/a>\r\n<\/dt><\/dl><dl class=\"gallery-item\">\n<dt class=\"gallery-icon\">\r\n<a href=\"https:\/\/www.paudalho.pe.gov.br\/portal\/wp-content\/uploads\/2018\/07\/7c126796-dd8b-437c-9192-15fea5cb03d3.jpg\" title=\"\" rel=\"gallery1\"><img loading=\"lazy\" decoding=\"async\" src=\"https:\/\/www.paudalho.pe.gov.br\/portal\/wp-content\/uploads\/2018\/07\/7c126796-dd8b-437c-9192-15fea5cb03d3-200x160.jpg\" width=\"150\" height=\"120\" alt=\"\" \/><\/a>\r\n<\/dt><\/dl><dl class=\"gallery-item\">\n<dt class=\"gallery-icon\">\r\n<a href=\"https:\/\/www.paudalho.pe.gov.br\/portal\/wp-content\/uploads\/2018\/07\/f68c27f4-b037-4785-ad85-c4c566c214d4.jpg\" title=\"\" rel=\"gallery1\"><img loading=\"lazy\" decoding=\"async\" src=\"https:\/\/www.paudalho.pe.gov.br\/portal\/wp-content\/uploads\/2018\/07\/f68c27f4-b037-4785-ad85-c4c566c214d4-200x160.jpg\" width=\"150\" height=\"120\" alt=\"\" \/><\/a>\r\n<\/dt><\/dl>\r\n\t\t\t<br style='clear: both' \/>\r\n\t\t<\/div>\n\n<p>&nbsp;<\/p>\n<p>E a popula\u00e7\u00e3o comemorou. O comerciante Severino Ferreira da Silva, de 36 anos, comentou que a inaugura\u00e7\u00e3o \u00e9 um exemplo da mudan\u00e7a em Paudalho. \u201cEsses dias eu precisei da sa\u00fade de Paudalho e logo assim de frente eu resolvi tudo o que precisava. Melhorou muito (sa\u00fade), eu posso dizer que foi 90%, porque acredito que vai melhorar ainda mais&#8230;Hoje a gente tem muitas coisas\u201d, disse.<\/p>\n<p><img loading=\"lazy\" decoding=\"async\" data-attachment-id=\"3397\" data-permalink=\"https:\/\/www.paudalho.pe.gov.br\/portal\/prefeitura-inaugura-upa-paudalho-e-unidade-surpreende-populacao\/e9cfe437-d435-4b9f-abeb-9b91fe2712db\/\" data-orig-file=\"https:\/\/www.paudalho.pe.gov.br\/portal\/wp-content\/uploads\/2018\/07\/e9cfe437-d435-4b9f-abeb-9b91fe2712db.jpg\" data-orig-size=\"1280,960\" data-comments-opened=\"1\" data-image-meta=\"{&quot;aperture&quot;:&quot;0&quot;,&quot;credit&quot;:&quot;&quot;,&quot;camera&quot;:&quot;&quot;,&quot;caption&quot;:&quot;&quot;,&quot;created_timestamp&quot;:&quot;0&quot;,&quot;copyright&quot;:&quot;&quot;,&quot;focal_length&quot;:&quot;0&quot;,&quot;iso&quot;:&quot;0&quot;,&quot;shutter_speed&quot;:&quot;0&quot;,&quot;title&quot;:&quot;&quot;,&quot;orientation&quot;:&quot;0&quot;}\" data-image-title=\"e9cfe437-d435-4b9f-abeb-9b91fe2712db\" data-image-description=\"\" data-image-caption=\"\" data-medium-file=\"https:\/\/www.paudalho.pe.gov.br\/portal\/wp-content\/uploads\/2018\/07\/e9cfe437-d435-4b9f-abeb-9b91fe2712db-350x230.jpg\" data-large-file=\"https:\/\/www.paudalho.pe.gov.br\/portal\/wp-content\/uploads\/2018\/07\/e9cfe437-d435-4b9f-abeb-9b91fe2712db-800x450.jpg\" class=\"alignnone wp-image-3397\" src=\"http:\/\/www.paudalho.pe.gov.br\/portal\/wp-content\/uploads\/2018\/07\/e9cfe437-d435-4b9f-abeb-9b91fe2712db-350x230.jpg\" alt=\"\" width=\"550\" height=\"361\" \/><\/p>\n<p>Emocionado, o prefeito Marcelo Gouveia comemorou a conquista que, segundo ele, \u00e9 de todos os paudalhenses. O gestor ainda falou sobre a import\u00e2ncia da unidade para a regi\u00e3o da Mata Norte.\u201c\u00c9 muita emo\u00e7\u00e3o, \u00e9 muito gratificante esse momento, \u00e9 um sonho que vira realidade a gente conseguir tirar do papel, abrir e botar em funcionamento essa unidade de sa\u00fade t\u00e3o importante para Paudalho e para a Mata Norte, nosso projeto e nossos sonhos come\u00e7am a se tornar realidade\u201d, comentou.<\/p>\n<p>O secret\u00e1rio de Sa\u00fade, Orlando Jorge, destacou que o maior objetivo da UPA Paudalho \u00e9 o bem-estar da popula\u00e7\u00e3o. \u201cN\u00e3o tenha d\u00favida que essa unidade vai salvar muitas vidas, muitos paudalhenses, muitos cidad\u00e3os que moram aqui na Mata Norte\u201d. Esse \u00e9 o primeiro passo: entregar para a cidade e regi\u00e3o esse equipamento que faz parte de uma rede de prote\u00e7\u00e3o. Agora o nosso desafio \u00e9 manter e fazer funcionar 24 horas. Eu estou muito feliz porque n\u00f3s estamos construindo um SUS de qualidade\u2019, pontuou.<\/p>\n<h2>\u201cEstamos fazendo um SUS como se estiv\u00e9ssemos fazendo para a rede privada\u201d (secret\u00e1rio de Sa\u00fade, Orlando Jorge)<\/h2>\n<p>Na solenidade tamb\u00e9m foi anunciada a chegada de sete ambul\u00e2ncias para o Munic\u00edpio e ainda foi lembrado que no pr\u00f3ximo domingo (8) ser\u00e1 lan\u00e7ado o programa Ruas do Povo, a partir das 15h, na Travessa B, na Ladeira do Pau\u2019dalho. O projeto vai pavimentar ruas em toda a cidade. Todo o esfor\u00e7o da Prefeitura do Paudalho tem um alvo apenas: o bem-estar do paudalhense.<\/p>\n<p><strong>Ou\u00e7a os detalhes com o rep\u00f3rter Thales K\u00edrion:<\/strong><\/p>\n<!--[if lt IE 9]><script>document.createElement('audio');<\/script><![endif]-->\n<audio class=\"wp-audio-shortcode\" id=\"audio-3380-1\" preload=\"none\" style=\"width: 100%;\" controls=\"controls\"><source type=\"audio\/mpeg\" src=\"http:\/\/www.paudalho.pe.gov.br\/portal\/wp-content\/uploads\/2018\/07\/MAT\u00c9RIA-PARA-R\u00c1DIO-INAUGURA\u00c7\u00c3O-UPA-06.mp3?_=1\" \/><a href=\"http:\/\/www.paudalho.pe.gov.br\/portal\/wp-content\/uploads\/2018\/07\/MAT\u00c9RIA-PARA-R\u00c1DIO-INAUGURA\u00c7\u00c3O-UPA-06.mp3\">http:\/\/www.paudalho.pe.gov.br\/portal\/wp-content\/uploads\/2018\/07\/MAT\u00c9RIA-PARA-R\u00c1DIO-INAUGURA\u00c7\u00c3O-UPA-06.mp3<\/a><\/audio>\n","protected":false},"excerpt":{"rendered":"<p>A emo\u00e7\u00e3o tomou conta de centenas de paudalhenses que participaram na noite desta quinta-feira (5) da inaugura\u00e7\u00e3o da Unidade de Pronto Atendimento Laura Bandeira de Melo (UPA Paudalho). Ap\u00f3s anos de descaso, o local foi entregue \u00e0 popula\u00e7\u00e3o totalmente estruturado com salas de servi\u00e7o social, classifica\u00e7\u00e3o de risco, sutura e curativos, inala\u00e7\u00e3o, administra\u00e7\u00e3o de medicamentos, [&hellip;]<\/p>\n","protected":false},"author":4,"featured_media":3398,"comment_status":"open","ping_status":"open","sticky":false,"template":"","format":"standard","meta":{"_jetpack_newsletter_access":"","_jetpack_dont_email_post_to_subs":false,"_jetpack_newsletter_tier_id":0,"_jetpack_memberships_contains_paywalled_content":false,"_jetpack_memberships_contains_paid_content":false,"footnotes":""},"categories":[2,1,3],"tags":[343,16,340],"class_list":["post-3380","post","type-post","status-publish","format-standard","has-post-thumbnail","hentry","category-destaque","category-noticias","category-saude","tag-inauguracao-upa","tag-saude","tag-upa-paudalho"],"jetpack_featured_media_url":"https:\/\/www.paudalho.pe.gov.br\/portal\/wp-content\/uploads\/2018\/07\/bc958848-f14e-403c-98e7-a125a7bba0ea.jpg","jetpack_sharing_enabled":true,"jetpack_shortlink":"https:\/\/wp.me\/p98mS2-Sw","_links":{"self":[{"href":"https:\/\/www.paudalho.pe.gov.br\/portal\/wp-json\/wp\/v2\/posts\/3380","targetHints":{"allow":["GET"]}}],"collection":[{"href":"https:\/\/www.paudalho.pe.gov.br\/portal\/wp-json\/wp\/v2\/posts"}],"about":[{"href":"https:\/\/www.paudalho.pe.gov.br\/portal\/wp-json\/wp\/v2\/types\/post"}],"author":[{"embeddable":true,"href":"https:\/\/www.paudalho.pe.gov.br\/portal\/wp-json\/wp\/v2\/users\/4"}],"replies":[{"embeddable":true,"href":"https:\/\/www.paudalho.pe.gov.br\/portal\/wp-json\/wp\/v2\/comments?post=3380"}],"version-history":[{"count":3,"href":"https:\/\/www.paudalho.pe.gov.br\/portal\/wp-json\/wp\/v2\/posts\/3380\/revisions"}],"predecessor-version":[{"id":3402,"href":"https:\/\/www.paudalho.pe.gov.br\/portal\/wp-json\/wp\/v2\/posts\/3380\/revisions\/3402"}],"wp:featuredmedia":[{"embeddable":true,"href":"https:\/\/www.paudalho.pe.gov.br\/portal\/wp-json\/wp\/v2\/media\/3398"}],"wp:attachment":[{"href":"https:\/\/www.paudalho.pe.gov.br\/portal\/wp-json\/wp\/v2\/media?parent=3380"}],"wp:term":[{"taxonomy":"category","embeddable":true,"href":"https:\/\/www.paudalho.pe.gov.br\/portal\/wp-json\/wp\/v2\/categories?post=3380"},{"taxonomy":"post_tag","embeddable":true,"href":"https:\/\/www.paudalho.pe.gov.br\/portal\/wp-json\/wp\/v2\/tags?post=3380"}],"curies":[{"name":"wp","href":"https:\/\/api.w.org\/{rel}","templated":true}]}}