{"id":33633,"date":"2024-06-19T17:17:16","date_gmt":"2024-06-19T20:17:16","guid":{"rendered":"https:\/\/www.paudalho.pe.gov.br\/portal\/?p=33633"},"modified":"2024-06-19T17:17:16","modified_gmt":"2024-06-19T20:17:16","slug":"divulgada-2a-relacao-dos-artistas-credenciados-para-compor-grade-de-eventos-culturais-de-2024","status":"publish","type":"post","link":"https:\/\/www.paudalho.pe.gov.br\/portal\/divulgada-2a-relacao-dos-artistas-credenciados-para-compor-grade-de-eventos-culturais-de-2024\/","title":{"rendered":"Divulgada 2\u00aa Rela\u00e7\u00e3o dos artistas credenciados para compor grade de eventos culturais de 2024"},"content":{"rendered":"\n<p>A Prefeitura do Paudalho, por meio da Secretaria de Cultura, Turismo, Lazer e Juventudes, lan\u00e7ou a 2\u00aa Rela\u00e7\u00e3o dos Credenciados do Edital de Credenciamento\/Chamamento P\u00fablico n\u00ba. 001\/2024 \u2013 Artistas Locais, para participa\u00e7\u00e3o no calend\u00e1rio oficial das Festividades do Munic\u00edpio. As inscri\u00e7\u00f5es permanecem abertas, no hor\u00e1rio das 8h \u00e0s 16h, exclusivamente por meio f\u00edsico na Sede da Secretaria, situada na Pra\u00e7a Joaquim Nabuco, n\u00ba 25, Centro. Diferente de anos anteriores, o Edital tem prazo de inscri\u00e7\u00e3o de um ano, com per\u00edodo de 03 de junho de 2024 at\u00e9 03 de junho de 2025.<\/p>\n\n\n\n<p>O Edital tem como objetivo preencher a grade de programa\u00e7\u00e3o das diversas festividades que ocorrem durante todo o ano de 2024, realizadas pela Prefeitura Municipal do Paudalho. Os interessados devem levar a Ficha de Inscri\u00e7\u00e3o preenchida, comprova\u00e7\u00f5es e documentos exigidos.<\/p>\n\n\n\n<p>A 1\u00aa Rela\u00e7\u00e3o foi divulgada no come\u00e7o do m\u00eas e pode ser verificada <a href=\"https:\/\/www.paudalho.pe.gov.br\/portal\/divulgada-1a-relacao-dos-artistas-credenciados-para-compor-grade-de-eventos-culturais-de-2024\/\" data-type=\"link\" data-id=\"https:\/\/www.paudalho.pe.gov.br\/portal\/divulgada-1a-relacao-dos-artistas-credenciados-para-compor-grade-de-eventos-culturais-de-2024\/\">AQUI<\/a>.<\/p>\n\n\n\n<p><strong>Confira o resultado abaixo:<\/strong><\/p>\n\n\n\n<div data-wp-interactive=\"core\/file\" class=\"wp-block-file\"><object data-wp-bind--hidden=\"!state.hasPdfPreview\" hidden class=\"wp-block-file__embed\" data=\"https:\/\/www.paudalho.pe.gov.br\/portal\/wp-content\/uploads\/2024\/06\/Publicacao-2-Artistas-Credenciados-2-18.06.pdf\" type=\"application\/pdf\" style=\"width:100%;height:600px\" aria-label=\"Incorporado de Publicacao-2-Artistas-Credenciados-2-18.06.\"><\/object><a id=\"wp-block-file--media-55d9df86-ccd4-4170-b800-d29d16026fe5\" href=\"https:\/\/www.paudalho.pe.gov.br\/portal\/wp-content\/uploads\/2024\/06\/Publicacao-2-Artistas-Credenciados-2-18.06.pdf\">Publicacao-2-Artistas-Credenciados-2-18.06<\/a><a href=\"https:\/\/www.paudalho.pe.gov.br\/portal\/wp-content\/uploads\/2024\/06\/Publicacao-2-Artistas-Credenciados-2-18.06.pdf\" class=\"wp-block-file__button wp-element-button\" download aria-describedby=\"wp-block-file--media-55d9df86-ccd4-4170-b800-d29d16026fe5\">Baixar<\/a><\/div>\n","protected":false},"excerpt":{"rendered":"<p>A Prefeitura do Paudalho, por meio da Secretaria de Cultura, Turismo, Lazer e Juventudes, lan\u00e7ou a 2\u00aa Rela\u00e7\u00e3o dos Credenciados do Edital de Credenciamento\/Chamamento P\u00fablico n\u00ba. 001\/2024 \u2013 Artistas Locais, para participa\u00e7\u00e3o no calend\u00e1rio oficial das Festividades do Munic\u00edpio. As inscri\u00e7\u00f5es permanecem abertas, no hor\u00e1rio das 8h \u00e0s 16h, exclusivamente por meio f\u00edsico na Sede [&hellip;]<\/p>\n","protected":false},"author":11,"featured_media":24163,"comment_status":"open","ping_status":"open","sticky":false,"template":"","format":"standard","meta":{"_jetpack_newsletter_access":"","_jetpack_dont_email_post_to_subs":false,"_jetpack_newsletter_tier_id":0,"_jetpack_memberships_contains_paywalled_content":false,"_jetpack_memberships_contains_paid_content":false,"footnotes":""},"categories":[1184,2,1],"tags":[1510,1483,68,697,196],"class_list":["post-33633","post","type-post","status-publish","format-standard","has-post-thumbnail","hentry","category-cultura-2","category-destaque","category-noticias","tag-artistas-credenciados","tag-chamamento-publico-para-credenciamento-de-atracoes-artisticas-locais","tag-cultura","tag-edital","tag-secretaria-de-cultura"],"jetpack_featured_media_url":"https:\/\/www.paudalho.pe.gov.br\/portal\/wp-content\/uploads\/2023\/01\/Festa-de-Sao-Sebastiao_Paudalho.jpeg","jetpack_sharing_enabled":true,"jetpack_shortlink":"https:\/\/wp.me\/p98mS2-8Kt","_links":{"self":[{"href":"https:\/\/www.paudalho.pe.gov.br\/portal\/wp-json\/wp\/v2\/posts\/33633","targetHints":{"allow":["GET"]}}],"collection":[{"href":"https:\/\/www.paudalho.pe.gov.br\/portal\/wp-json\/wp\/v2\/posts"}],"about":[{"href":"https:\/\/www.paudalho.pe.gov.br\/portal\/wp-json\/wp\/v2\/types\/post"}],"author":[{"embeddable":true,"href":"https:\/\/www.paudalho.pe.gov.br\/portal\/wp-json\/wp\/v2\/users\/11"}],"replies":[{"embeddable":true,"href":"https:\/\/www.paudalho.pe.gov.br\/portal\/wp-json\/wp\/v2\/comments?post=33633"}],"version-history":[{"count":1,"href":"https:\/\/www.paudalho.pe.gov.br\/portal\/wp-json\/wp\/v2\/posts\/33633\/revisions"}],"predecessor-version":[{"id":33635,"href":"https:\/\/www.paudalho.pe.gov.br\/portal\/wp-json\/wp\/v2\/posts\/33633\/revisions\/33635"}],"wp:featuredmedia":[{"embeddable":true,"href":"https:\/\/www.paudalho.pe.gov.br\/portal\/wp-json\/wp\/v2\/media\/24163"}],"wp:attachment":[{"href":"https:\/\/www.paudalho.pe.gov.br\/portal\/wp-json\/wp\/v2\/media?parent=33633"}],"wp:term":[{"taxonomy":"category","embeddable":true,"href":"https:\/\/www.paudalho.pe.gov.br\/portal\/wp-json\/wp\/v2\/categories?post=33633"},{"taxonomy":"post_tag","embeddable":true,"href":"https:\/\/www.paudalho.pe.gov.br\/portal\/wp-json\/wp\/v2\/tags?post=33633"}],"curies":[{"name":"wp","href":"https:\/\/api.w.org\/{rel}","templated":true}]}}