{"id":33568,"date":"2024-06-19T13:05:55","date_gmt":"2024-06-19T16:05:55","guid":{"rendered":"https:\/\/www.paudalho.pe.gov.br\/portal\/?p=33568"},"modified":"2024-06-19T16:07:44","modified_gmt":"2024-06-19T19:07:44","slug":"prefeitura-do-paudalho-realiza-1a-conferencia-municipal-de-gestao-do-trabalho-e-da-educacao-na-saude-nesta-sexta-feira-21","status":"publish","type":"post","link":"https:\/\/www.paudalho.pe.gov.br\/portal\/prefeitura-do-paudalho-realiza-1a-conferencia-municipal-de-gestao-do-trabalho-e-da-educacao-na-saude-nesta-sexta-feira-21\/","title":{"rendered":"Prefeitura do Paudalho realiza 1\u00aa Confer\u00eancia Municipal de Gest\u00e3o do Trabalho e da Educa\u00e7\u00e3o na Sa\u00fade nesta sexta-feira (21)"},"content":{"rendered":"\n<p>Nesta sexta-feira (21) a Prefeitura de Paudalho, por meio da Secretaria de Sa\u00fade e do Conselho Municipal de Sa\u00fade, promover\u00e1 a 1\u00aa Confer\u00eancia Municipal de Gest\u00e3o do Trabalho e da Educa\u00e7\u00e3o na Sa\u00fade do munic\u00edpio. O evento ocorrer\u00e1 a partir das 8h, na UBS Centro.<\/p>\n\n\n\n<p>Com o tema \u201cDemocracia, Trabalho e Educa\u00e7\u00e3o na Sa\u00fade para o Desenvolvimento: Gente que faz o SUS acontecer\u201d, a a\u00e7\u00e3o marca a etapa municipal da 4\u00aa Confer\u00eancia Nacional De Gest\u00e3o do Trabalho e da Educa\u00e7\u00e3o na Sa\u00fade (4\u00aa CNGTES) e ir\u00e1 reunir os profissionais da sa\u00fade e membros da sociedade civil para debater maneiras de tornar o Sistema \u00danico de Sa\u00fade mais eficaz, destacando a import\u00e2ncia do cidad\u00e3o e de uma vis\u00e3o humana para garantir essa melhoria.<\/p>\n\n\n\n<p>A Confer\u00eancia tem como eixos de debate o desafio da equidade na gest\u00e3o participativa do trabalho e da educa\u00e7\u00e3o em sa\u00fade, pol\u00edticas do trabalho, as necessidades da popula\u00e7\u00e3o usu\u00e1ria, a melhoria da qualidade dos servi\u00e7os de sa\u00fade, entre outros.<\/p>\n","protected":false},"excerpt":{"rendered":"<p>Nesta sexta-feira (21) a Prefeitura de Paudalho, por meio da Secretaria de Sa\u00fade e do Conselho Municipal de Sa\u00fade, promover\u00e1 a 1\u00aa Confer\u00eancia Municipal de Gest\u00e3o do Trabalho e da Educa\u00e7\u00e3o na Sa\u00fade do munic\u00edpio. O evento ocorrer\u00e1 a partir das 8h, na UBS Centro. Com o tema \u201cDemocracia, Trabalho e Educa\u00e7\u00e3o na Sa\u00fade para [&hellip;]<\/p>\n","protected":false},"author":11,"featured_media":33569,"comment_status":"open","ping_status":"open","sticky":false,"template":"","format":"standard","meta":{"_jetpack_newsletter_access":"","_jetpack_dont_email_post_to_subs":false,"_jetpack_newsletter_tier_id":0,"_jetpack_memberships_contains_paywalled_content":false,"_jetpack_memberships_contains_paid_content":false,"footnotes":""},"categories":[2,1,3,1227],"tags":[1507,1508,168],"class_list":["post-33568","post","type-post","status-publish","format-standard","has-post-thumbnail","hentry","category-destaque","category-noticias","category-saude","category-saude-2","tag-1a-conferencia-municipal-de-gestao-do-trabalho-e-da-educacao-na-saude","tag-saude-3","tag-secretaria-de-saude"],"jetpack_featured_media_url":"https:\/\/www.paudalho.pe.gov.br\/portal\/wp-content\/uploads\/2024\/06\/PMP_SAUDE_CARD.png","jetpack_sharing_enabled":true,"jetpack_shortlink":"https:\/\/wp.me\/p98mS2-8Jq","_links":{"self":[{"href":"https:\/\/www.paudalho.pe.gov.br\/portal\/wp-json\/wp\/v2\/posts\/33568","targetHints":{"allow":["GET"]}}],"collection":[{"href":"https:\/\/www.paudalho.pe.gov.br\/portal\/wp-json\/wp\/v2\/posts"}],"about":[{"href":"https:\/\/www.paudalho.pe.gov.br\/portal\/wp-json\/wp\/v2\/types\/post"}],"author":[{"embeddable":true,"href":"https:\/\/www.paudalho.pe.gov.br\/portal\/wp-json\/wp\/v2\/users\/11"}],"replies":[{"embeddable":true,"href":"https:\/\/www.paudalho.pe.gov.br\/portal\/wp-json\/wp\/v2\/comments?post=33568"}],"version-history":[{"count":3,"href":"https:\/\/www.paudalho.pe.gov.br\/portal\/wp-json\/wp\/v2\/posts\/33568\/revisions"}],"predecessor-version":[{"id":33616,"href":"https:\/\/www.paudalho.pe.gov.br\/portal\/wp-json\/wp\/v2\/posts\/33568\/revisions\/33616"}],"wp:featuredmedia":[{"embeddable":true,"href":"https:\/\/www.paudalho.pe.gov.br\/portal\/wp-json\/wp\/v2\/media\/33569"}],"wp:attachment":[{"href":"https:\/\/www.paudalho.pe.gov.br\/portal\/wp-json\/wp\/v2\/media?parent=33568"}],"wp:term":[{"taxonomy":"category","embeddable":true,"href":"https:\/\/www.paudalho.pe.gov.br\/portal\/wp-json\/wp\/v2\/categories?post=33568"},{"taxonomy":"post_tag","embeddable":true,"href":"https:\/\/www.paudalho.pe.gov.br\/portal\/wp-json\/wp\/v2\/tags?post=33568"}],"curies":[{"name":"wp","href":"https:\/\/api.w.org\/{rel}","templated":true}]}}