{"id":33552,"date":"2024-06-03T09:37:00","date_gmt":"2024-06-03T12:37:00","guid":{"rendered":"https:\/\/www.paudalho.pe.gov.br\/portal\/?p=33552"},"modified":"2024-06-17T15:40:21","modified_gmt":"2024-06-17T18:40:21","slug":"educacao-de-paudalho-participa-do-encontro-regional-nordeste-2024-do-movimento-interforuns-de-educacao-infantil-do-brasil","status":"publish","type":"post","link":"https:\/\/www.paudalho.pe.gov.br\/portal\/educacao-de-paudalho-participa-do-encontro-regional-nordeste-2024-do-movimento-interforuns-de-educacao-infantil-do-brasil\/","title":{"rendered":"Educa\u00e7\u00e3o de Paudalho participa do Encontro Regional Nordeste 2024 do Movimento Interf\u00f3runs de Educa\u00e7\u00e3o Infantil do Brasil"},"content":{"rendered":"\n<p>No dia 28 de maio a Secretaria de Educa\u00e7\u00e3o e Esportes esteve presente no Encontro Regional Nordeste &#8211; 2024 do Movimento Interf\u00f3runs de Educa\u00e7\u00e3o Infantil do Brasil. O Encontro teve como objetivo discutir a visibilidade dos beb\u00eas nas pr\u00e1ticas e propostas pedag\u00f3gicas, bem como, nas pol\u00edticas p\u00fablicas para a primeira etapa da Educa\u00e7\u00e3o B\u00e1sica, com foco nas especificidades da regi\u00e3o Nordeste.<\/p>\n\n\n\n<p>O evento ocorreu no Audit\u00f3rio Jo\u00e3o Frederico da Assembleia Legislativa do Cear\u00e1, em Fortaleza, e teve como tema A Visibilidade dos Beb\u00eas nas Pr\u00e1ticas, Propostas e Pol\u00edticas Educacionais. Na programa\u00e7\u00e3o teve palestra sobre Panorama do Acesso e da Qualidade \u00e0\/da Creche e A Diversidade \u00c9tnico-Racial na Creche.<\/p>\n","protected":false},"excerpt":{"rendered":"<p>No dia 28 de maio a Secretaria de Educa\u00e7\u00e3o e Esportes esteve presente no Encontro Regional Nordeste &#8211; 2024 do Movimento Interf\u00f3runs de Educa\u00e7\u00e3o Infantil do Brasil. O Encontro teve como objetivo discutir a visibilidade dos beb\u00eas nas pr\u00e1ticas e propostas pedag\u00f3gicas, bem como, nas pol\u00edticas p\u00fablicas para a primeira etapa da Educa\u00e7\u00e3o B\u00e1sica, com [&hellip;]<\/p>\n","protected":false},"author":11,"featured_media":33553,"comment_status":"open","ping_status":"open","sticky":false,"template":"","format":"standard","meta":{"_jetpack_newsletter_access":"","_jetpack_dont_email_post_to_subs":false,"_jetpack_newsletter_tier_id":0,"_jetpack_memberships_contains_paywalled_content":false,"_jetpack_memberships_contains_paid_content":false,"footnotes":""},"categories":[2,520,1],"tags":[30,1505,1506,106],"class_list":["post-33552","post","type-post","status-publish","format-standard","has-post-thumbnail","hentry","category-destaque","category-educacao-2","category-noticias","tag-educacao","tag-encontro-regional-nordeste-2024","tag-movimento-interforuns-de-educacao-infantil-do-brasil","tag-secretaria-de-educacao"],"jetpack_featured_media_url":"https:\/\/www.paudalho.pe.gov.br\/portal\/wp-content\/uploads\/2024\/06\/forum-regional.jpg","jetpack_sharing_enabled":true,"jetpack_shortlink":"https:\/\/wp.me\/p98mS2-8Ja","_links":{"self":[{"href":"https:\/\/www.paudalho.pe.gov.br\/portal\/wp-json\/wp\/v2\/posts\/33552","targetHints":{"allow":["GET"]}}],"collection":[{"href":"https:\/\/www.paudalho.pe.gov.br\/portal\/wp-json\/wp\/v2\/posts"}],"about":[{"href":"https:\/\/www.paudalho.pe.gov.br\/portal\/wp-json\/wp\/v2\/types\/post"}],"author":[{"embeddable":true,"href":"https:\/\/www.paudalho.pe.gov.br\/portal\/wp-json\/wp\/v2\/users\/11"}],"replies":[{"embeddable":true,"href":"https:\/\/www.paudalho.pe.gov.br\/portal\/wp-json\/wp\/v2\/comments?post=33552"}],"version-history":[{"count":1,"href":"https:\/\/www.paudalho.pe.gov.br\/portal\/wp-json\/wp\/v2\/posts\/33552\/revisions"}],"predecessor-version":[{"id":33554,"href":"https:\/\/www.paudalho.pe.gov.br\/portal\/wp-json\/wp\/v2\/posts\/33552\/revisions\/33554"}],"wp:featuredmedia":[{"embeddable":true,"href":"https:\/\/www.paudalho.pe.gov.br\/portal\/wp-json\/wp\/v2\/media\/33553"}],"wp:attachment":[{"href":"https:\/\/www.paudalho.pe.gov.br\/portal\/wp-json\/wp\/v2\/media?parent=33552"}],"wp:term":[{"taxonomy":"category","embeddable":true,"href":"https:\/\/www.paudalho.pe.gov.br\/portal\/wp-json\/wp\/v2\/categories?post=33552"},{"taxonomy":"post_tag","embeddable":true,"href":"https:\/\/www.paudalho.pe.gov.br\/portal\/wp-json\/wp\/v2\/tags?post=33552"}],"curies":[{"name":"wp","href":"https:\/\/api.w.org\/{rel}","templated":true}]}}