{"id":33549,"date":"2024-06-03T08:21:00","date_gmt":"2024-06-03T11:21:00","guid":{"rendered":"https:\/\/www.paudalho.pe.gov.br\/portal\/?p=33549"},"modified":"2024-06-17T15:25:12","modified_gmt":"2024-06-17T18:25:12","slug":"educacao-do-paudalho-participa-do-forum-extraordinario-da-undime-pe-2024","status":"publish","type":"post","link":"https:\/\/www.paudalho.pe.gov.br\/portal\/educacao-do-paudalho-participa-do-forum-extraordinario-da-undime-pe-2024\/","title":{"rendered":"Educa\u00e7\u00e3o do Paudalho participa do F\u00f3rum Extraordin\u00e1rio da Undime\/PE 2024"},"content":{"rendered":"\n<p>Nos dias 27 e 28 de maio a Secretaria de Educa\u00e7\u00e3o e Esportes representou o munic\u00edpio no F\u00f3rum Extraordin\u00e1rio da Undime\/PE 2024, realizado pela Uni\u00e3o dos Dirigentes Municipais de Educa\u00e7\u00e3o de Pernambuco (Undime\/PE). O evento ocorreu no Hotel Beach Class By H\u00f4m, no bairro de Boa Viagem, em Recife.<\/p>\n\n\n\n<p>Com o tema &#8220;Educa\u00e7\u00e3o municipal pernambucana em tempos de desafios: Caminhos para o fortalecimento da Gest\u00e3o&#8221;, o evento teve como objetivo compartilhar com os participantes um momento de imers\u00e3o \u00e0s pautas mais discutidas da educa\u00e7\u00e3o p\u00fablica na atualidade, trazendo para os debates grandes nomes da educa\u00e7\u00e3o nacional.&nbsp;<\/p>\n\n\n\n<p>Com car\u00e1ter formativo, a a\u00e7\u00e3o foi destinado exclusivamente aos Dirigentes Municipais de Educa\u00e7\u00e3o, t\u00e9cnicos (as) das Secretarias Municipais de Educa\u00e7\u00e3o que atuam afrente dos diversos programas e a\u00e7\u00f5es educacionais da rede. A Programa\u00e7\u00e3o contar\u00e1 com temas e discuss\u00f5es voltadas \u00e0 Avalia\u00e7\u00e3o da Aprendizagem, Educa\u00e7\u00e3o do Campo, assim como aos Programas Governamentais , Educa\u00e7\u00e3o Integral, Alfabetiza\u00e7\u00e3o, dentre outros.<\/p>\n","protected":false},"excerpt":{"rendered":"<p>Nos dias 27 e 28 de maio a Secretaria de Educa\u00e7\u00e3o e Esportes representou o munic\u00edpio no F\u00f3rum Extraordin\u00e1rio da Undime\/PE 2024, realizado pela Uni\u00e3o dos Dirigentes Municipais de Educa\u00e7\u00e3o de Pernambuco (Undime\/PE). O evento ocorreu no Hotel Beach Class By H\u00f4m, no bairro de Boa Viagem, em Recife. Com o tema &#8220;Educa\u00e7\u00e3o municipal pernambucana [&hellip;]<\/p>\n","protected":false},"author":11,"featured_media":33550,"comment_status":"open","ping_status":"open","sticky":false,"template":"","format":"standard","meta":{"_jetpack_newsletter_access":"","_jetpack_dont_email_post_to_subs":false,"_jetpack_newsletter_tier_id":0,"_jetpack_memberships_contains_paywalled_content":false,"_jetpack_memberships_contains_paid_content":false,"footnotes":""},"categories":[2,520,1],"tags":[30,1503,1201,1504],"class_list":["post-33549","post","type-post","status-publish","format-standard","has-post-thumbnail","hentry","category-destaque","category-educacao-2","category-noticias","tag-educacao","tag-forum-extraordinario-da-undime","tag-secretaria-de-educacao-e-esportes","tag-undime"],"jetpack_featured_media_url":"https:\/\/www.paudalho.pe.gov.br\/portal\/wp-content\/uploads\/2024\/06\/unidem.jpg","jetpack_sharing_enabled":true,"jetpack_shortlink":"https:\/\/wp.me\/p98mS2-8J7","_links":{"self":[{"href":"https:\/\/www.paudalho.pe.gov.br\/portal\/wp-json\/wp\/v2\/posts\/33549","targetHints":{"allow":["GET"]}}],"collection":[{"href":"https:\/\/www.paudalho.pe.gov.br\/portal\/wp-json\/wp\/v2\/posts"}],"about":[{"href":"https:\/\/www.paudalho.pe.gov.br\/portal\/wp-json\/wp\/v2\/types\/post"}],"author":[{"embeddable":true,"href":"https:\/\/www.paudalho.pe.gov.br\/portal\/wp-json\/wp\/v2\/users\/11"}],"replies":[{"embeddable":true,"href":"https:\/\/www.paudalho.pe.gov.br\/portal\/wp-json\/wp\/v2\/comments?post=33549"}],"version-history":[{"count":1,"href":"https:\/\/www.paudalho.pe.gov.br\/portal\/wp-json\/wp\/v2\/posts\/33549\/revisions"}],"predecessor-version":[{"id":33551,"href":"https:\/\/www.paudalho.pe.gov.br\/portal\/wp-json\/wp\/v2\/posts\/33549\/revisions\/33551"}],"wp:featuredmedia":[{"embeddable":true,"href":"https:\/\/www.paudalho.pe.gov.br\/portal\/wp-json\/wp\/v2\/media\/33550"}],"wp:attachment":[{"href":"https:\/\/www.paudalho.pe.gov.br\/portal\/wp-json\/wp\/v2\/media?parent=33549"}],"wp:term":[{"taxonomy":"category","embeddable":true,"href":"https:\/\/www.paudalho.pe.gov.br\/portal\/wp-json\/wp\/v2\/categories?post=33549"},{"taxonomy":"post_tag","embeddable":true,"href":"https:\/\/www.paudalho.pe.gov.br\/portal\/wp-json\/wp\/v2\/tags?post=33549"}],"curies":[{"name":"wp","href":"https:\/\/api.w.org\/{rel}","templated":true}]}}