{"id":33542,"date":"2024-06-17T08:50:00","date_gmt":"2024-06-17T11:50:00","guid":{"rendered":"https:\/\/www.paudalho.pe.gov.br\/portal\/?p=33542"},"modified":"2024-06-17T14:51:58","modified_gmt":"2024-06-17T17:51:58","slug":"paudalho-realiza-2o-forum-comunitario-selo-unicef-2021-2024-nesta-quarta-feira-19","status":"publish","type":"post","link":"https:\/\/www.paudalho.pe.gov.br\/portal\/paudalho-realiza-2o-forum-comunitario-selo-unicef-2021-2024-nesta-quarta-feira-19\/","title":{"rendered":"Paudalho realiza 2\u00ba F\u00f3rum Comunit\u00e1rio Selo UNICEF 2021-2024 nesta quarta-feira (19)"},"content":{"rendered":"\n<p>A Prefeitura do Paudalho, em parceria com o Conselho Municipal dos Direitos da Crian\u00e7a e do Adolescente do Paudalho (COMDICA) e o N\u00facleo de Cidadania dos Adolescentes (NUCA), realizar\u00e1 nesta quarta-feira (19) o 2\u00ba F\u00f3rum Comunit\u00e1rio do Selo UNICEF 2021-2024, onde ser\u00e3o apresentados os resultados do Plano de A\u00e7\u00e3o planejado pela sociedade civil em parceria com o poder p\u00fablico. O evento ocorrer\u00e1 no Clube Estrela do Paudalho, localizado no Centro, a partir das 8h30, com inscri\u00e7\u00f5es atrav\u00e9s do link: <a href=\"https:\/\/docs.google.com\/forms\/d\/e\/1FAIpQLScfoAuqq21zBhm3Yvr9_AKNN7z9mzII3onr2SPPlJ0kPenJkw\/viewform?usp=sf_link\">CLIQUE AQUI.<\/a><\/p>\n\n\n\n<p>Com o tema \u201cConstruindo o futuro, garantindo os Direitos das Crian\u00e7as e dos Adolescentes de Paudalho\u201d, a a\u00e7\u00e3o d\u00e1 continuidade ao trabalho iniciado no 1\u00ba F\u00f3rum Comunit\u00e1rio, que foi realizado em 2022, no qual foi o poder p\u00fablico em conjunto com cidad\u00e3os paudalhenses planejou as a\u00e7\u00f5es relacionadas ao Selo UNICEF, para enfrentar os principais problemas do munic\u00edpio, que tinha como objetivo ser implementado pela gest\u00e3o municipal ao longo dos quatro anos do ciclo do Selo UNICEF.<\/p>\n\n\n\n<p>Agora, no segundo encontro, os resultados deste Plano de A\u00e7\u00e3o ser\u00e3o apresentados \u00e0 comunidade quando, novamente, a participa\u00e7\u00e3o dos cidad\u00e3os do munic\u00edpio \u00e9 fundamental para garantir que as pol\u00edticas p\u00fablicas para crian\u00e7as e adolescentes funcionem, e que permane\u00e7am ap\u00f3s o fim deste ciclo do Selo UNICEF.<\/p>\n\n\n\n<p>Al\u00e9m disso, durante o evento tamb\u00e9m ser\u00e3o ofertados diversos servi\u00e7os, como: local para alistamento militar, emiss\u00e3o da primeira via do RG, atendimentos de sa\u00fade, inscri\u00e7\u00f5es para cursos da Casa das Juventudes e muito mais.<\/p>\n\n\n\n<p><strong>Selo UNICEF 2021-2024<\/strong><\/p>\n\n\n\n<p>O selo UNICEF \u00e9 uma iniciativa do Fundo das Na\u00e7\u00f5es Unidas para a Inf\u00e2ncia (UNICEF) para estimular e reconhecer avan\u00e7os reais e positivos na promo\u00e7\u00e3o, realiza\u00e7\u00e3o e garantia dos direitos das crian\u00e7as e adolescentes em munic\u00edpios do semin\u00e1rio. Ao se inscrever no selo UNICEF, o munic\u00edpio passa a fazer parte de uma estrat\u00e9gia para, a partir de situa\u00e7\u00f5es concretas de seu contexto, estruturar um conjunto de a\u00e7\u00f5es intersetoriais para promover direitos espec\u00edficos de crian\u00e7as e adolescentes e, com isso, inserir-se numa din\u00e2mica global para contribuir no alcance da Agenda 2023 para o Desenvolvimento Sustent\u00e1vel e dos Objetivos do Desenvolvimento Sustent\u00e1vel (ODS).<\/p>\n\n\n\n<p><strong>Servi\u00e7o:<\/strong><\/p>\n\n\n\n<p>&nbsp;2\u00ba F\u00f3rum Comunit\u00e1rio do Selo UNICEF 2021-2024<\/p>\n\n\n\n<p>Data: Quarta-feira, 19 de junho<\/p>\n\n\n\n<p>Hor\u00e1rio: A partir de 8h30<\/p>\n\n\n\n<p>Local: Clube Estrela do Paudalho, Centro<\/p>\n\n\n\n<p>Link de inscri\u00e7\u00e3o: <a href=\"https:\/\/docs.google.com\/forms\/d\/e\/1FAIpQLScfoAuqq21zBhm3Yvr9_AKNN7z9mzII3onr2SPPlJ0kPenJkw\/viewform\">https:\/\/docs.google.com\/forms\/d\/e\/1FAIpQLScfoAuqq21zBhm3Yvr9_AKNN7z9mzII3onr2SPPlJ0kPenJkw\/viewform<\/a>&nbsp;<\/p>\n","protected":false},"excerpt":{"rendered":"<p>A Prefeitura do Paudalho, em parceria com o Conselho Municipal dos Direitos da Crian\u00e7a e do Adolescente do Paudalho (COMDICA) e o N\u00facleo de Cidadania dos Adolescentes (NUCA), realizar\u00e1 nesta quarta-feira (19) o 2\u00ba F\u00f3rum Comunit\u00e1rio do Selo UNICEF 2021-2024, onde ser\u00e3o apresentados os resultados do Plano de A\u00e7\u00e3o planejado pela sociedade civil em parceria [&hellip;]<\/p>\n","protected":false},"author":11,"featured_media":33545,"comment_status":"open","ping_status":"open","sticky":false,"template":"","format":"standard","meta":{"_jetpack_newsletter_access":"","_jetpack_dont_email_post_to_subs":false,"_jetpack_newsletter_tier_id":0,"_jetpack_memberships_contains_paywalled_content":false,"_jetpack_memberships_contains_paid_content":false,"footnotes":""},"categories":[2,1],"tags":[1497,180,1499,1500,1498],"class_list":["post-33542","post","type-post","status-publish","format-standard","has-post-thumbnail","hentry","category-destaque","category-noticias","tag-2o-forum-comunitario-selo-unicef-2021-2024","tag-comdica","tag-conselho-municipal-dos-direitos-da-crianca-e-do-adolescente-do-paudalho","tag-nucleo-de-cidadania-dos-adolescentes","tag-unicef"],"jetpack_featured_media_url":"https:\/\/www.paudalho.pe.gov.br\/portal\/wp-content\/uploads\/2024\/06\/FORUM-UNICEF-PAUDALHO.jpg","jetpack_sharing_enabled":true,"jetpack_shortlink":"https:\/\/wp.me\/p98mS2-8J0","_links":{"self":[{"href":"https:\/\/www.paudalho.pe.gov.br\/portal\/wp-json\/wp\/v2\/posts\/33542","targetHints":{"allow":["GET"]}}],"collection":[{"href":"https:\/\/www.paudalho.pe.gov.br\/portal\/wp-json\/wp\/v2\/posts"}],"about":[{"href":"https:\/\/www.paudalho.pe.gov.br\/portal\/wp-json\/wp\/v2\/types\/post"}],"author":[{"embeddable":true,"href":"https:\/\/www.paudalho.pe.gov.br\/portal\/wp-json\/wp\/v2\/users\/11"}],"replies":[{"embeddable":true,"href":"https:\/\/www.paudalho.pe.gov.br\/portal\/wp-json\/wp\/v2\/comments?post=33542"}],"version-history":[{"count":1,"href":"https:\/\/www.paudalho.pe.gov.br\/portal\/wp-json\/wp\/v2\/posts\/33542\/revisions"}],"predecessor-version":[{"id":33544,"href":"https:\/\/www.paudalho.pe.gov.br\/portal\/wp-json\/wp\/v2\/posts\/33542\/revisions\/33544"}],"wp:featuredmedia":[{"embeddable":true,"href":"https:\/\/www.paudalho.pe.gov.br\/portal\/wp-json\/wp\/v2\/media\/33545"}],"wp:attachment":[{"href":"https:\/\/www.paudalho.pe.gov.br\/portal\/wp-json\/wp\/v2\/media?parent=33542"}],"wp:term":[{"taxonomy":"category","embeddable":true,"href":"https:\/\/www.paudalho.pe.gov.br\/portal\/wp-json\/wp\/v2\/categories?post=33542"},{"taxonomy":"post_tag","embeddable":true,"href":"https:\/\/www.paudalho.pe.gov.br\/portal\/wp-json\/wp\/v2\/tags?post=33542"}],"curies":[{"name":"wp","href":"https:\/\/api.w.org\/{rel}","templated":true}]}}