{"id":3340,"date":"2018-07-04T14:32:41","date_gmt":"2018-07-04T17:32:41","guid":{"rendered":"http:\/\/www.paudalho.pe.gov.br\/portal\/?p=3340"},"modified":"2018-07-19T16:01:56","modified_gmt":"2018-07-19T19:01:56","slug":"prefeitura-avanca-e-implanta-cooperativa-de-costura-e-confeccao-em-paudalho","status":"publish","type":"post","link":"https:\/\/www.paudalho.pe.gov.br\/portal\/prefeitura-avanca-e-implanta-cooperativa-de-costura-e-confeccao-em-paudalho\/","title":{"rendered":"Prefeitura avan\u00e7a e implanta Cooperativa de Costura e Confec\u00e7\u00e3o em Paudalho"},"content":{"rendered":"<p>Mais uma conquista para o Munic\u00edpio! A Prefeitura do Paudalho em parceria com a Associa\u00e7\u00e3o M\u00e1rio Lemos Falc\u00e3o de Apoio a Cultura e a Educa\u00e7\u00e3o (AMFACE) inaugura no pr\u00f3ximo dia 19 de julho a Cooperativa em Costura de Paudalho que vai ofertar capacita\u00e7\u00e3o em costura industrial \u00e0 popula\u00e7\u00e3o. O projeto ocorrer\u00e1 em tr\u00eas turnos, de segunda-feira a sexta-feira e vai atender cerca de 300 pessoas na sede da Cooperativa que fica pr\u00f3xima \u00e0 Pra\u00e7a Pedro Coutinho, no Centro da cidade. As inscri\u00e7\u00f5es come\u00e7ar\u00e3o no dia 20 de julho e os interessados devem estar munidos de Identidade (RG), CPF, comprovante de resid\u00eancia e, se tiver o N\u00famero de Identifica\u00e7\u00e3o Social (NIS).<\/p>\n\r\n\t\t<style type='text\/css'>\r\n\t\t\t#gallery-1 {\r\n\t\t\t\tmargin: auto;\r\n\t\t\t}\r\n\t\t\t#gallery-1 .gallery-item {\r\n\t\t\t\tfloat: left;\r\n\t\t\t\tmargin-top: 10px;\r\n\t\t\t\ttext-align: center;\r\n\t\t\t\twidth: 33%;\r\n\t\t\t}\r\n\t\t\t#gallery-1 img {\r\n\t\t\t\tborder: 2px solid #cfcfcf;\r\n\t\t\t}\r\n\t\t\t#gallery-1 .gallery-caption {\r\n\t\t\t\tmargin-left: 0;\r\n\t\t\t}\r\n\t\t<\/style>\r\n\t\t<!-- see gallery_shortcode() in wp-includes\/media.php -->\n\t\t<div data-carousel-extra='{\"blog_id\":1,\"permalink\":\"https:\\\/\\\/www.paudalho.pe.gov.br\\\/portal\\\/prefeitura-avanca-e-implanta-cooperativa-de-costura-e-confeccao-em-paudalho\\\/\"}' id='gallery-1' class='gallery galleryid-3340 gallery-columns-3 gallery-size-thumbnail gallery1'><script type=\"text\/javascript\">\r\n\/\/ <![CDATA[\r\n\tjQuery(document).ready(function () {\r\n\t\tjQuery(\".gallery1 a\").attr(\"rel\",\"gallery1\");\t\r\n\t\tjQuery('a[rel=\"gallery1\"]').colorbox({maxWidth:\"95%\", maxHeight:\"95%\",title: function(){ return jQuery(this).children().attr(\"alt\"); }, });\r\n\t});\r\n\/\/ ]]>\r\n<\/script>\n<dl class=\"gallery-item\">\n<dt class=\"gallery-icon\">\r\n<a href=\"https:\/\/www.paudalho.pe.gov.br\/portal\/wp-content\/uploads\/2018\/07\/dc65b192-0c57-4f7f-b5d2-6ef71675a06b.jpg\" title=\"Foto: Mauro Lima\/PMP\" rel=\"gallery1\"><img loading=\"lazy\" decoding=\"async\" src=\"https:\/\/www.paudalho.pe.gov.br\/portal\/wp-content\/uploads\/2018\/07\/dc65b192-0c57-4f7f-b5d2-6ef71675a06b-200x160.jpg\" width=\"150\" height=\"120\" alt=\"Foto: Mauro Lima\/PMP\" \/><\/a>\r\n<\/dt><dd class=\"gallery-caption\" id=\"caption3345\"><span class=\"imagecaption\">Foto: Mauro Lima\/PMP<\/span><br \/>\n<\/dd><\/dl><dl class=\"gallery-item\">\n<dt class=\"gallery-icon\">\r\n<a href=\"https:\/\/www.paudalho.pe.gov.br\/portal\/wp-content\/uploads\/2018\/07\/97e281b4-3414-499f-ac9f-4b043a048e32.jpg\" title=\"Foto: Mauro Lima\/PMP\" rel=\"gallery1\"><img loading=\"lazy\" decoding=\"async\" src=\"https:\/\/www.paudalho.pe.gov.br\/portal\/wp-content\/uploads\/2018\/07\/97e281b4-3414-499f-ac9f-4b043a048e32-200x160.jpg\" width=\"150\" height=\"120\" alt=\"Foto: Mauro Lima\/PMP\" \/><\/a>\r\n<\/dt><dd class=\"gallery-caption\" id=\"caption3344\"><span class=\"imagecaption\">Foto: Mauro Lima\/PMP<\/span><br \/>\n<\/dd><\/dl><dl class=\"gallery-item\">\n<dt class=\"gallery-icon\">\r\n<a href=\"https:\/\/www.paudalho.pe.gov.br\/portal\/wp-content\/uploads\/2018\/07\/e1d6f21f-4c56-4355-b306-68041c7cada9.jpg\" title=\"Foto: Mauro Lima\/PMP\" rel=\"gallery1\"><img loading=\"lazy\" decoding=\"async\" src=\"https:\/\/www.paudalho.pe.gov.br\/portal\/wp-content\/uploads\/2018\/07\/e1d6f21f-4c56-4355-b306-68041c7cada9-200x160.jpg\" width=\"150\" height=\"120\" alt=\"Foto: Mauro Lima\/PMP\" \/><\/a>\r\n<\/dt><dd class=\"gallery-caption\" id=\"caption3343\"><span class=\"imagecaption\">Foto: Mauro Lima\/PMP<\/span><br \/>\n<\/dd><\/dl><br style=\"clear: both\" \/><dl class=\"gallery-item\">\n<dt class=\"gallery-icon\">\r\n<a href=\"https:\/\/www.paudalho.pe.gov.br\/portal\/wp-content\/uploads\/2018\/07\/d1b6482e-0bf4-447c-84ca-2a22ad5bb6e6.jpg\" title=\"Foto: Mauro Lima\/PM\" rel=\"gallery1\"><img loading=\"lazy\" decoding=\"async\" src=\"https:\/\/www.paudalho.pe.gov.br\/portal\/wp-content\/uploads\/2018\/07\/d1b6482e-0bf4-447c-84ca-2a22ad5bb6e6-200x160.jpg\" width=\"150\" height=\"120\" alt=\"Foto: Mauro Lima\/PM\" \/><\/a>\r\n<\/dt><dd class=\"gallery-caption\" id=\"caption3346\"><span class=\"imagecaption\">Foto: Mauro Lima\/PM<\/span><br \/>\n<\/dd><\/dl><dl class=\"gallery-item\">\n<dt class=\"gallery-icon\">\r\n<a href=\"https:\/\/www.paudalho.pe.gov.br\/portal\/wp-content\/uploads\/2018\/07\/75b63202-591a-439a-9f20-7a803624dd36.jpg\" title=\"Foto: Mauro Lima\/PM\" rel=\"gallery1\"><img loading=\"lazy\" decoding=\"async\" src=\"https:\/\/www.paudalho.pe.gov.br\/portal\/wp-content\/uploads\/2018\/07\/75b63202-591a-439a-9f20-7a803624dd36-200x160.jpg\" width=\"150\" height=\"120\" alt=\"Foto: Mauro Lima\/PM\" \/><\/a>\r\n<\/dt><dd class=\"gallery-caption\" id=\"caption3347\"><span class=\"imagecaption\">Foto: Mauro Lima\/PM<\/span><br \/>\n<\/dd><\/dl>\r\n\t\t\t<br style='clear: both' \/>\r\n\t\t<\/div>\n\n<h2>Ampla estrutura<\/h2>\n<p>O projeto da Cooperativa foi criado em 27 de outubro de 2017. A sede possui ampla estrutura com ar-condicionado, mobili\u00e1rio, computador, mesa de modelagem, 10 maquinas industriais e uma maquina de bordado. Segundo a presidente da AMFACE, Faf\u00e1 Fialho, outro objetivo \u00e9 dar condi\u00e7\u00f5es de trabalho aos paudalhenses. \u201cA prefeitura nos deu todo o apoio e assim foi feito. Estamos aqui com toda a infraestrutura o que vai trazer renda e emprego as pessoas do Munic\u00edpio\u201d, comentou<\/p>\n<p>A Cooperativa ainda vai contar com a visita dos t\u00e9cnicos da empresa Makital, respons\u00e1vel pelo maquin\u00e1rio do projeto. De acordo com o representante da organiza\u00e7\u00e3o, Rubval Soares Farias Filho, os t\u00e9cnicos v\u00e3o ensinar os primeiros passos de como usar os equipamentos. \u201cVamos dar todo o suporte \u00e0s costureiras e aos operadores de como operar a maquina, deixar a maquina no ponto, para a produ\u00e7\u00e3o n\u00e3o parar. Estamos felizes em poder participar da iniciativa\u201d, disse.<\/p>\n<p>Emocionada, uma das incentivadoras da cooperativa, \u00c2ngela Cahu, comentou da alegria de ver o projeto ganhar \u201cvida\u201d. \u201c Pra mim \u00e9 uma satisfa\u00e7\u00e3o muito grande, Foi um desafio para reunir essas mulheres, essas pessoas, para fazer parte da cooperativa e eu estou muito feliz, porque vai atingir as pessoas\u201d, detalhou.<\/p>\n<p>&nbsp;<\/p>\n<div id=\"attachment_3342\" style=\"width: 564px\" class=\"wp-caption alignnone\"><img loading=\"lazy\" decoding=\"async\" aria-describedby=\"caption-attachment-3342\" data-attachment-id=\"3342\" data-permalink=\"https:\/\/www.paudalho.pe.gov.br\/portal\/prefeitura-avanca-e-implanta-cooperativa-de-costura-e-confeccao-em-paudalho\/7a77df80-0dba-4c2f-95ab-afbc22e63b2f\/\" data-orig-file=\"https:\/\/www.paudalho.pe.gov.br\/portal\/wp-content\/uploads\/2018\/07\/7a77df80-0dba-4c2f-95ab-afbc22e63b2f.jpg\" data-orig-size=\"1280,960\" data-comments-opened=\"1\" data-image-meta=\"{&quot;aperture&quot;:&quot;0&quot;,&quot;credit&quot;:&quot;&quot;,&quot;camera&quot;:&quot;&quot;,&quot;caption&quot;:&quot;&quot;,&quot;created_timestamp&quot;:&quot;0&quot;,&quot;copyright&quot;:&quot;&quot;,&quot;focal_length&quot;:&quot;0&quot;,&quot;iso&quot;:&quot;0&quot;,&quot;shutter_speed&quot;:&quot;0&quot;,&quot;title&quot;:&quot;&quot;,&quot;orientation&quot;:&quot;0&quot;}\" data-image-title=\"7a77df80-0dba-4c2f-95ab-afbc22e63b2f\" data-image-description=\"\" data-image-caption=\"&lt;p&gt;Foto: Mauro Lima\/PMP&lt;\/p&gt;\n\" data-medium-file=\"https:\/\/www.paudalho.pe.gov.br\/portal\/wp-content\/uploads\/2018\/07\/7a77df80-0dba-4c2f-95ab-afbc22e63b2f-350x230.jpg\" data-large-file=\"https:\/\/www.paudalho.pe.gov.br\/portal\/wp-content\/uploads\/2018\/07\/7a77df80-0dba-4c2f-95ab-afbc22e63b2f-800x450.jpg\" class=\" wp-image-3342\" src=\"http:\/\/www.paudalho.pe.gov.br\/portal\/wp-content\/uploads\/2018\/07\/7a77df80-0dba-4c2f-95ab-afbc22e63b2f-350x230.jpg\" alt=\"\" width=\"554\" height=\"364\" \/><p id=\"caption-attachment-3342\" class=\"wp-caption-text\">Foto: Mauro Lima\/PMP<\/p><\/div>\n<p>A Prefeitura do Paudalho segue comprometida em promover o bem-estar da popula\u00e7\u00e3o atrav\u00e9s de projetos e a\u00e7\u00f5es que, em meio a crise, deem possibilidades aos cidad\u00e3os constru\u00edrem suas pr\u00f3prias hist\u00f3rias com dignidade e respeito.<\/p>\n<p><strong>Ou\u00e7a as informa\u00e7\u00f5es com Thales K\u00edrion:\u00a0<\/strong><\/p>\n<!--[if lt IE 9]><script>document.createElement('audio');<\/script><![endif]-->\n<audio class=\"wp-audio-shortcode\" id=\"audio-3340-1\" preload=\"none\" style=\"width: 100%;\" controls=\"controls\"><source type=\"audio\/mpeg\" src=\"http:\/\/www.paudalho.pe.gov.br\/portal\/wp-content\/uploads\/2018\/07\/MAT\u00c9RIA-INAUGURA\u00c7\u00c3O-COOPERATIVA-P.04.07-online-audio-converter.com_.mp3?_=1\" \/><a href=\"http:\/\/www.paudalho.pe.gov.br\/portal\/wp-content\/uploads\/2018\/07\/MAT\u00c9RIA-INAUGURA\u00c7\u00c3O-COOPERATIVA-P.04.07-online-audio-converter.com_.mp3\">http:\/\/www.paudalho.pe.gov.br\/portal\/wp-content\/uploads\/2018\/07\/MAT\u00c9RIA-INAUGURA\u00c7\u00c3O-COOPERATIVA-P.04.07-online-audio-converter.com_.mp3<\/a><\/audio>\n<p>&nbsp;<\/p>\n<p>&nbsp;<\/p>\n","protected":false},"excerpt":{"rendered":"<p>Mais uma conquista para o Munic\u00edpio! A Prefeitura do Paudalho em parceria com a Associa\u00e7\u00e3o M\u00e1rio Lemos Falc\u00e3o de Apoio a Cultura e a Educa\u00e7\u00e3o (AMFACE) inaugura no pr\u00f3ximo dia 19 de julho a Cooperativa em Costura de Paudalho que vai ofertar capacita\u00e7\u00e3o em costura industrial \u00e0 popula\u00e7\u00e3o. O projeto ocorrer\u00e1 em tr\u00eas turnos, de [&hellip;]<\/p>\n","protected":false},"author":4,"featured_media":3341,"comment_status":"open","ping_status":"open","sticky":false,"template":"","format":"standard","meta":{"_jetpack_newsletter_access":"","_jetpack_dont_email_post_to_subs":false,"_jetpack_newsletter_tier_id":0,"_jetpack_memberships_contains_paywalled_content":false,"_jetpack_memberships_contains_paid_content":false,"footnotes":""},"categories":[2,1],"tags":[204,342,117],"class_list":["post-3340","post","type-post","status-publish","format-standard","has-post-thumbnail","hentry","category-destaque","category-noticias","tag-capacitacao","tag-cooperativa-de-costura-e-confeccao-do-paudalho","tag-curso"],"jetpack_featured_media_url":"https:\/\/www.paudalho.pe.gov.br\/portal\/wp-content\/uploads\/2018\/07\/3bfa122c-fee0-450b-9eb5-ed389f08e909.jpg","jetpack_sharing_enabled":true,"jetpack_shortlink":"https:\/\/wp.me\/p98mS2-RS","_links":{"self":[{"href":"https:\/\/www.paudalho.pe.gov.br\/portal\/wp-json\/wp\/v2\/posts\/3340","targetHints":{"allow":["GET"]}}],"collection":[{"href":"https:\/\/www.paudalho.pe.gov.br\/portal\/wp-json\/wp\/v2\/posts"}],"about":[{"href":"https:\/\/www.paudalho.pe.gov.br\/portal\/wp-json\/wp\/v2\/types\/post"}],"author":[{"embeddable":true,"href":"https:\/\/www.paudalho.pe.gov.br\/portal\/wp-json\/wp\/v2\/users\/4"}],"replies":[{"embeddable":true,"href":"https:\/\/www.paudalho.pe.gov.br\/portal\/wp-json\/wp\/v2\/comments?post=3340"}],"version-history":[{"count":9,"href":"https:\/\/www.paudalho.pe.gov.br\/portal\/wp-json\/wp\/v2\/posts\/3340\/revisions"}],"predecessor-version":[{"id":3510,"href":"https:\/\/www.paudalho.pe.gov.br\/portal\/wp-json\/wp\/v2\/posts\/3340\/revisions\/3510"}],"wp:featuredmedia":[{"embeddable":true,"href":"https:\/\/www.paudalho.pe.gov.br\/portal\/wp-json\/wp\/v2\/media\/3341"}],"wp:attachment":[{"href":"https:\/\/www.paudalho.pe.gov.br\/portal\/wp-json\/wp\/v2\/media?parent=3340"}],"wp:term":[{"taxonomy":"category","embeddable":true,"href":"https:\/\/www.paudalho.pe.gov.br\/portal\/wp-json\/wp\/v2\/categories?post=3340"},{"taxonomy":"post_tag","embeddable":true,"href":"https:\/\/www.paudalho.pe.gov.br\/portal\/wp-json\/wp\/v2\/tags?post=3340"}],"curies":[{"name":"wp","href":"https:\/\/api.w.org\/{rel}","templated":true}]}}