{"id":33394,"date":"2024-06-11T09:14:00","date_gmt":"2024-06-11T12:14:00","guid":{"rendered":"https:\/\/www.paudalho.pe.gov.br\/portal\/?p=33394"},"modified":"2024-06-11T11:47:15","modified_gmt":"2024-06-11T14:47:15","slug":"educacao-de-paudalho-recebe-novo-onibus-do-governo-do-estado","status":"publish","type":"post","link":"https:\/\/www.paudalho.pe.gov.br\/portal\/educacao-de-paudalho-recebe-novo-onibus-do-governo-do-estado\/","title":{"rendered":"Educa\u00e7\u00e3o de Paudalho recebe novo \u00f4nibus do Governo do Estado"},"content":{"rendered":"\n<p>Na segunda-feira (10), durante o Semin\u00e1rio Colabora\u00e7\u00e3o em Foco: Avan\u00e7ando Juntos pela Educa\u00e7\u00e3o em Pernambuco, realizado pelo Governo do Estado de Pernambuco, a Prefeitura do Paudalho e demais munic\u00edpios do estado foram contemplados com a entrega de \u00f4nibus escolares para auxiliar no transporte dos alunos. Al\u00e9m dos autom\u00f3veis, tamb\u00e9m foi apresentado o projeto de constru\u00e7\u00e3o de creches, onde ser\u00e3o atendidos diversos munic\u00edpios pernambucanos, com 51 creches no primeiro lote.<\/p>\n\n\n\n<p>\u201c<em>Tanto as creches quanto o \u00f4nibus escolar vem em boa hora para ajudar a educa\u00e7\u00e3o nos munic\u00edpios. Muito obrigado ao Governo do Estado de Pernambuco pela iniciativa<\/em>\u201d, declarou o Prefeito de Paudalho, Marcelo Gouveia, que esteve presente no evento.&nbsp;<\/p>\n\n\n\n<p>Os \u00f4nibus entregues possuem aparelhos de ar-condicionado e rampa de acessibilidade que permitem ao estudante com defici\u00eancia ou com mobilidade reduzida o acesso ao interior do transporte.<\/p>\n","protected":false},"excerpt":{"rendered":"<p>Na segunda-feira (10), durante o Semin\u00e1rio Colabora\u00e7\u00e3o em Foco: Avan\u00e7ando Juntos pela Educa\u00e7\u00e3o em Pernambuco, realizado pelo Governo do Estado de Pernambuco, a Prefeitura do Paudalho e demais munic\u00edpios do estado foram contemplados com a entrega de \u00f4nibus escolares para auxiliar no transporte dos alunos. Al\u00e9m dos autom\u00f3veis, tamb\u00e9m foi apresentado o projeto de constru\u00e7\u00e3o [&hellip;]<\/p>\n","protected":false},"author":11,"featured_media":33395,"comment_status":"open","ping_status":"open","sticky":false,"template":"","format":"standard","meta":{"_jetpack_newsletter_access":"","_jetpack_dont_email_post_to_subs":false,"_jetpack_newsletter_tier_id":0,"_jetpack_memberships_contains_paywalled_content":false,"_jetpack_memberships_contains_paid_content":false,"footnotes":""},"categories":[2,520,1],"tags":[30,1492,1491,106],"class_list":["post-33394","post","type-post","status-publish","format-standard","has-post-thumbnail","hentry","category-destaque","category-educacao-2","category-noticias","tag-educacao","tag-governo-do-estado","tag-onibus-escolar","tag-secretaria-de-educacao"],"jetpack_featured_media_url":"https:\/\/www.paudalho.pe.gov.br\/portal\/wp-content\/uploads\/2024\/06\/ONIBUS-EDUCACAO-scaled.jpeg","jetpack_sharing_enabled":true,"jetpack_shortlink":"https:\/\/wp.me\/p98mS2-8GC","_links":{"self":[{"href":"https:\/\/www.paudalho.pe.gov.br\/portal\/wp-json\/wp\/v2\/posts\/33394","targetHints":{"allow":["GET"]}}],"collection":[{"href":"https:\/\/www.paudalho.pe.gov.br\/portal\/wp-json\/wp\/v2\/posts"}],"about":[{"href":"https:\/\/www.paudalho.pe.gov.br\/portal\/wp-json\/wp\/v2\/types\/post"}],"author":[{"embeddable":true,"href":"https:\/\/www.paudalho.pe.gov.br\/portal\/wp-json\/wp\/v2\/users\/11"}],"replies":[{"embeddable":true,"href":"https:\/\/www.paudalho.pe.gov.br\/portal\/wp-json\/wp\/v2\/comments?post=33394"}],"version-history":[{"count":1,"href":"https:\/\/www.paudalho.pe.gov.br\/portal\/wp-json\/wp\/v2\/posts\/33394\/revisions"}],"predecessor-version":[{"id":33396,"href":"https:\/\/www.paudalho.pe.gov.br\/portal\/wp-json\/wp\/v2\/posts\/33394\/revisions\/33396"}],"wp:featuredmedia":[{"embeddable":true,"href":"https:\/\/www.paudalho.pe.gov.br\/portal\/wp-json\/wp\/v2\/media\/33395"}],"wp:attachment":[{"href":"https:\/\/www.paudalho.pe.gov.br\/portal\/wp-json\/wp\/v2\/media?parent=33394"}],"wp:term":[{"taxonomy":"category","embeddable":true,"href":"https:\/\/www.paudalho.pe.gov.br\/portal\/wp-json\/wp\/v2\/categories?post=33394"},{"taxonomy":"post_tag","embeddable":true,"href":"https:\/\/www.paudalho.pe.gov.br\/portal\/wp-json\/wp\/v2\/tags?post=33394"}],"curies":[{"name":"wp","href":"https:\/\/api.w.org\/{rel}","templated":true}]}}