{"id":33289,"date":"2024-06-10T11:32:25","date_gmt":"2024-06-10T14:32:25","guid":{"rendered":"https:\/\/www.paudalho.pe.gov.br\/portal\/?p=33289"},"modified":"2024-06-10T11:32:25","modified_gmt":"2024-06-10T14:32:25","slug":"paudalho-marca-presenca-no-vi-forum-nacional-de-presidentes-dos-conselhos-municipais-de-educacao-em-sergipe","status":"publish","type":"post","link":"https:\/\/www.paudalho.pe.gov.br\/portal\/paudalho-marca-presenca-no-vi-forum-nacional-de-presidentes-dos-conselhos-municipais-de-educacao-em-sergipe\/","title":{"rendered":"Paudalho marca presen\u00e7a no\u00a0 VI F\u00f3rum Nacional de Presidentes dos Conselhos Municipais de Educa\u00e7\u00e3o, em Sergipe"},"content":{"rendered":"\n<p>De 5 a 7 de junho, a Prefeitura do Paudalho, por meio da Secretaria de Educa\u00e7\u00e3o e Esportes, esteve presente no VI F\u00f3rum Nacional de Presidentes dos Conselhos Municipais de Educa\u00e7\u00e3o e do II Semin\u00e1rio Nacional do CACS FUNDEB, em Sergipe. Esteve representando o munic\u00edpio o secret\u00e1rio de Educa\u00e7\u00e3o e Esportes, Professor Jos\u00e9 Dion\u00edzio, junto com os conselheiros municipais do CACS FUNDEB, CAE e CME.<\/p>\n\n\n\n<p>Aberto aos Conselhos da Educa\u00e7\u00e3o e t\u00e9cnicos da Educa\u00e7\u00e3o, durante o F\u00f3rum, foram discutidas quest\u00f5es espec\u00edficas de cunho e compet\u00eancia dos Conselhos Municipais da Educa\u00e7\u00e3o, como os desafios e perspectivas do Plano de Educa\u00e7\u00e3o 2024-2034. J\u00e1 o Semin\u00e1rio Nacional do CACS FUNDEB teve como finalidade promover reflex\u00f5es para o empoderamento dos Conselhos do FUNDEB, al\u00e9m de forma\u00e7\u00e3o que favore\u00e7a as atribui\u00e7\u00f5es dos conselheiros e conselheiras.<\/p>\n","protected":false},"excerpt":{"rendered":"<p>De 5 a 7 de junho, a Prefeitura do Paudalho, por meio da Secretaria de Educa\u00e7\u00e3o e Esportes, esteve presente no VI F\u00f3rum Nacional de Presidentes dos Conselhos Municipais de Educa\u00e7\u00e3o e do II Semin\u00e1rio Nacional do CACS FUNDEB, em Sergipe. Esteve representando o munic\u00edpio o secret\u00e1rio de Educa\u00e7\u00e3o e Esportes, Professor Jos\u00e9 Dion\u00edzio, junto [&hellip;]<\/p>\n","protected":false},"author":11,"featured_media":33294,"comment_status":"open","ping_status":"open","sticky":false,"template":"","format":"standard","meta":{"_jetpack_newsletter_access":"","_jetpack_dont_email_post_to_subs":false,"_jetpack_newsletter_tier_id":0,"_jetpack_memberships_contains_paywalled_content":false,"_jetpack_memberships_contains_paid_content":false,"footnotes":""},"categories":[2,520,1],"tags":[1490,30,106],"class_list":["post-33289","post","type-post","status-publish","format-standard","has-post-thumbnail","hentry","category-destaque","category-educacao-2","category-noticias","tag-conselho-municipal-de-educacao","tag-educacao","tag-secretaria-de-educacao"],"jetpack_featured_media_url":"https:\/\/www.paudalho.pe.gov.br\/portal\/wp-content\/uploads\/2024\/06\/EDUCACAO-01.png","jetpack_sharing_enabled":true,"jetpack_shortlink":"https:\/\/wp.me\/p98mS2-8EV","_links":{"self":[{"href":"https:\/\/www.paudalho.pe.gov.br\/portal\/wp-json\/wp\/v2\/posts\/33289","targetHints":{"allow":["GET"]}}],"collection":[{"href":"https:\/\/www.paudalho.pe.gov.br\/portal\/wp-json\/wp\/v2\/posts"}],"about":[{"href":"https:\/\/www.paudalho.pe.gov.br\/portal\/wp-json\/wp\/v2\/types\/post"}],"author":[{"embeddable":true,"href":"https:\/\/www.paudalho.pe.gov.br\/portal\/wp-json\/wp\/v2\/users\/11"}],"replies":[{"embeddable":true,"href":"https:\/\/www.paudalho.pe.gov.br\/portal\/wp-json\/wp\/v2\/comments?post=33289"}],"version-history":[{"count":1,"href":"https:\/\/www.paudalho.pe.gov.br\/portal\/wp-json\/wp\/v2\/posts\/33289\/revisions"}],"predecessor-version":[{"id":33295,"href":"https:\/\/www.paudalho.pe.gov.br\/portal\/wp-json\/wp\/v2\/posts\/33289\/revisions\/33295"}],"wp:featuredmedia":[{"embeddable":true,"href":"https:\/\/www.paudalho.pe.gov.br\/portal\/wp-json\/wp\/v2\/media\/33294"}],"wp:attachment":[{"href":"https:\/\/www.paudalho.pe.gov.br\/portal\/wp-json\/wp\/v2\/media?parent=33289"}],"wp:term":[{"taxonomy":"category","embeddable":true,"href":"https:\/\/www.paudalho.pe.gov.br\/portal\/wp-json\/wp\/v2\/categories?post=33289"},{"taxonomy":"post_tag","embeddable":true,"href":"https:\/\/www.paudalho.pe.gov.br\/portal\/wp-json\/wp\/v2\/tags?post=33289"}],"curies":[{"name":"wp","href":"https:\/\/api.w.org\/{rel}","templated":true}]}}