{"id":33153,"date":"2024-06-03T10:29:00","date_gmt":"2024-06-03T13:29:00","guid":{"rendered":"https:\/\/www.paudalho.pe.gov.br\/portal\/?p=33153"},"modified":"2024-06-03T15:27:17","modified_gmt":"2024-06-03T18:27:17","slug":"divulgado-edital-de-chamamento-publico-para-compor-grade-de-eventos-culturais-de-2024","status":"publish","type":"post","link":"https:\/\/www.paudalho.pe.gov.br\/portal\/divulgado-edital-de-chamamento-publico-para-compor-grade-de-eventos-culturais-de-2024\/","title":{"rendered":"Divulgado Edital de Chamamento P\u00fablico para compor grade de eventos culturais de 2024"},"content":{"rendered":"\n<p>A Prefeitura do Paudalho, por meio da Secretaria de Cultura, Turismo, Lazer e Juventudes, lan\u00e7ou o Edital de Chamamento P\u00fablico para Credenciamento de Atra\u00e7\u00f5es Art\u00edsticas Locais para comporem a grade de apresenta\u00e7\u00f5es art\u00edsticas das festividades culturais do munic\u00edpio, no ano de 2024. Diferente de anos anteriores, o Edital de Credenciamento 001\/2024 tem prazo de inscri\u00e7\u00e3o de um ano, com per\u00edodo de 03 de junho de 2024 at\u00e9 03 de junho de 2025.<\/p>\n\n\n\n<p>O Edital tem como objetivo preencher a grade de programa\u00e7\u00e3o das diversas festividades que ocorrem durante todo o ano de 2024, realizadas pela Prefeitura Municipal do Paudalho. Os interessados devem levar a Ficha de Inscri\u00e7\u00e3o preenchida, documentos e comprova\u00e7\u00f5es exigidas na sede da Secretaria de Cultura, localizada\u00a0 na Pra\u00e7a Joaquim Nabuco, popularmente conhecida como Pra\u00e7a do Ros\u00e1rio, Centro da cidade, junto com os documentos exigidos, de segunda-feira a sexta-feira, durante o hor\u00e1rio das 8h \u00e0s 13h.<\/p>\n\n\n\n<p><strong>Confira o Edital abaixo:<\/strong><\/p>\n\n\n\n<div data-wp-interactive=\"core\/file\" class=\"wp-block-file\"><object data-wp-bind--hidden=\"!state.hasPdfPreview\" hidden class=\"wp-block-file__embed\" data=\"https:\/\/www.paudalho.pe.gov.br\/portal\/wp-content\/uploads\/2024\/06\/EDITAL.-CHAMAMENTO-No-001.2024-Artistas-locais-03.06.24.pdf\" type=\"application\/pdf\" style=\"width:100%;height:600px\" aria-label=\"Incorporado de EDITAL.-CHAMAMENTO-No-001.2024-Artistas-locais-03.06.24.\"><\/object><a id=\"wp-block-file--media-f6b4177d-4ee0-4c90-a69c-e91721610a90\" href=\"https:\/\/www.paudalho.pe.gov.br\/portal\/wp-content\/uploads\/2024\/06\/EDITAL.-CHAMAMENTO-No-001.2024-Artistas-locais-03.06.24.pdf\">EDITAL.-CHAMAMENTO-No-001.2024-Artistas-locais-03.06.24<\/a><a href=\"https:\/\/www.paudalho.pe.gov.br\/portal\/wp-content\/uploads\/2024\/06\/EDITAL.-CHAMAMENTO-No-001.2024-Artistas-locais-03.06.24.pdf\" class=\"wp-block-file__button wp-element-button\" download aria-describedby=\"wp-block-file--media-f6b4177d-4ee0-4c90-a69c-e91721610a90\">Baixar<\/a><\/div>\n","protected":false},"excerpt":{"rendered":"<p>A Prefeitura do Paudalho, por meio da Secretaria de Cultura, Turismo, Lazer e Juventudes, lan\u00e7ou o Edital de Chamamento P\u00fablico para Credenciamento de Atra\u00e7\u00f5es Art\u00edsticas Locais para comporem a grade de apresenta\u00e7\u00f5es art\u00edsticas das festividades culturais do munic\u00edpio, no ano de 2024. Diferente de anos anteriores, o Edital de Credenciamento 001\/2024 tem prazo de inscri\u00e7\u00e3o [&hellip;]<\/p>\n","protected":false},"author":11,"featured_media":33004,"comment_status":"open","ping_status":"open","sticky":false,"template":"","format":"standard","meta":{"_jetpack_newsletter_access":"","_jetpack_dont_email_post_to_subs":false,"_jetpack_newsletter_tier_id":0,"_jetpack_memberships_contains_paywalled_content":false,"_jetpack_memberships_contains_paid_content":false,"footnotes":""},"categories":[6,1184,2,1],"tags":[1483,1484,68,697,1482,196],"class_list":["post-33153","post","type-post","status-publish","format-standard","has-post-thumbnail","hentry","category-cultura","category-cultura-2","category-destaque","category-noticias","tag-chamamento-publico-para-credenciamento-de-atracoes-artisticas-locais","tag-compor-grade-de-apreswntacoes","tag-cultura","tag-edital","tag-edital-de-chamamento","tag-secretaria-de-cultura"],"jetpack_featured_media_url":"https:\/\/www.paudalho.pe.gov.br\/portal\/wp-content\/uploads\/2024\/05\/CARNAVAL-PAUDALHO11-800x450-1.jpg","jetpack_sharing_enabled":true,"jetpack_shortlink":"https:\/\/wp.me\/p98mS2-8CJ","_links":{"self":[{"href":"https:\/\/www.paudalho.pe.gov.br\/portal\/wp-json\/wp\/v2\/posts\/33153","targetHints":{"allow":["GET"]}}],"collection":[{"href":"https:\/\/www.paudalho.pe.gov.br\/portal\/wp-json\/wp\/v2\/posts"}],"about":[{"href":"https:\/\/www.paudalho.pe.gov.br\/portal\/wp-json\/wp\/v2\/types\/post"}],"author":[{"embeddable":true,"href":"https:\/\/www.paudalho.pe.gov.br\/portal\/wp-json\/wp\/v2\/users\/11"}],"replies":[{"embeddable":true,"href":"https:\/\/www.paudalho.pe.gov.br\/portal\/wp-json\/wp\/v2\/comments?post=33153"}],"version-history":[{"count":1,"href":"https:\/\/www.paudalho.pe.gov.br\/portal\/wp-json\/wp\/v2\/posts\/33153\/revisions"}],"predecessor-version":[{"id":33155,"href":"https:\/\/www.paudalho.pe.gov.br\/portal\/wp-json\/wp\/v2\/posts\/33153\/revisions\/33155"}],"wp:featuredmedia":[{"embeddable":true,"href":"https:\/\/www.paudalho.pe.gov.br\/portal\/wp-json\/wp\/v2\/media\/33004"}],"wp:attachment":[{"href":"https:\/\/www.paudalho.pe.gov.br\/portal\/wp-json\/wp\/v2\/media?parent=33153"}],"wp:term":[{"taxonomy":"category","embeddable":true,"href":"https:\/\/www.paudalho.pe.gov.br\/portal\/wp-json\/wp\/v2\/categories?post=33153"},{"taxonomy":"post_tag","embeddable":true,"href":"https:\/\/www.paudalho.pe.gov.br\/portal\/wp-json\/wp\/v2\/tags?post=33153"}],"curies":[{"name":"wp","href":"https:\/\/api.w.org\/{rel}","templated":true}]}}