{"id":33151,"date":"2024-05-31T14:29:42","date_gmt":"2024-05-31T17:29:42","guid":{"rendered":"https:\/\/www.paudalho.pe.gov.br\/portal\/?p=33151"},"modified":"2024-05-31T14:29:42","modified_gmt":"2024-05-31T17:29:42","slug":"prefeitura-do-paudalho-realiza-reuniao-para-o-sao-joao-com-vendedores-ambulantes-na-quarta-feira-5","status":"publish","type":"post","link":"https:\/\/www.paudalho.pe.gov.br\/portal\/prefeitura-do-paudalho-realiza-reuniao-para-o-sao-joao-com-vendedores-ambulantes-na-quarta-feira-5\/","title":{"rendered":"Prefeitura do Paudalho realiza reuni\u00e3o para o S\u00e3o Jo\u00e3o com vendedores ambulantes na quarta-feira (5)"},"content":{"rendered":"\n<p>O S\u00e3o Jo\u00e3o est\u00e1 chegando e a Prefeitura do Paudalho j\u00e1 est\u00e1 se preparando para o festejo de 2024. Por isso, na quarta-feira, 5 de junho, por meio da Secretaria de Cultura, Turismo, Lazer e Juventudes, ser\u00e3o realizadas reuni\u00f5es com os vendedores ambulantes no Audit\u00f3rio do P\u00e1tio da Feira, localizado no Centro da cidade.<\/p>\n\n\n\n<p>Durante a reuni\u00e3o ser\u00e3o explicados detalhes importantes, como localiza\u00e7\u00e3o, regras de opera\u00e7\u00e3o, seguran\u00e7a e outras informa\u00e7\u00f5es essenciais para o bom andamento do evento. O encontro com ambulantes que utilizam carros de m\u00e3o ocorre \u00e0s 14h, e com barraqueiros \u00e0s 15h.<\/p>\n","protected":false},"excerpt":{"rendered":"<p>O S\u00e3o Jo\u00e3o est\u00e1 chegando e a Prefeitura do Paudalho j\u00e1 est\u00e1 se preparando para o festejo de 2024. Por isso, na quarta-feira, 5 de junho, por meio da Secretaria de Cultura, Turismo, Lazer e Juventudes, ser\u00e3o realizadas reuni\u00f5es com os vendedores ambulantes no Audit\u00f3rio do P\u00e1tio da Feira, localizado no Centro da cidade. Durante [&hellip;]<\/p>\n","protected":false},"author":11,"featured_media":19915,"comment_status":"open","ping_status":"open","sticky":false,"template":"","format":"standard","meta":{"_jetpack_newsletter_access":"","_jetpack_dont_email_post_to_subs":false,"_jetpack_newsletter_tier_id":0,"_jetpack_memberships_contains_paywalled_content":false,"_jetpack_memberships_contains_paid_content":false,"footnotes":""},"categories":[6,1184,2,1,749],"tags":[1481,1480,294,1461,196],"class_list":["post-33151","post","type-post","status-publish","format-standard","has-post-thumbnail","hentry","category-cultura","category-cultura-2","category-destaque","category-noticias","category-sao-joao","tag-planejamento","tag-reuniao-com-ambulantes","tag-sao-joao","tag-sao-joao-2024","tag-secretaria-de-cultura"],"jetpack_featured_media_url":"https:\/\/www.paudalho.pe.gov.br\/portal\/wp-content\/uploads\/2021\/10\/160167238_290717479077819_2603706663670437387_n.jpg","jetpack_sharing_enabled":true,"jetpack_shortlink":"https:\/\/wp.me\/p98mS2-8CH","_links":{"self":[{"href":"https:\/\/www.paudalho.pe.gov.br\/portal\/wp-json\/wp\/v2\/posts\/33151","targetHints":{"allow":["GET"]}}],"collection":[{"href":"https:\/\/www.paudalho.pe.gov.br\/portal\/wp-json\/wp\/v2\/posts"}],"about":[{"href":"https:\/\/www.paudalho.pe.gov.br\/portal\/wp-json\/wp\/v2\/types\/post"}],"author":[{"embeddable":true,"href":"https:\/\/www.paudalho.pe.gov.br\/portal\/wp-json\/wp\/v2\/users\/11"}],"replies":[{"embeddable":true,"href":"https:\/\/www.paudalho.pe.gov.br\/portal\/wp-json\/wp\/v2\/comments?post=33151"}],"version-history":[{"count":1,"href":"https:\/\/www.paudalho.pe.gov.br\/portal\/wp-json\/wp\/v2\/posts\/33151\/revisions"}],"predecessor-version":[{"id":33152,"href":"https:\/\/www.paudalho.pe.gov.br\/portal\/wp-json\/wp\/v2\/posts\/33151\/revisions\/33152"}],"wp:featuredmedia":[{"embeddable":true,"href":"https:\/\/www.paudalho.pe.gov.br\/portal\/wp-json\/wp\/v2\/media\/19915"}],"wp:attachment":[{"href":"https:\/\/www.paudalho.pe.gov.br\/portal\/wp-json\/wp\/v2\/media?parent=33151"}],"wp:term":[{"taxonomy":"category","embeddable":true,"href":"https:\/\/www.paudalho.pe.gov.br\/portal\/wp-json\/wp\/v2\/categories?post=33151"},{"taxonomy":"post_tag","embeddable":true,"href":"https:\/\/www.paudalho.pe.gov.br\/portal\/wp-json\/wp\/v2\/tags?post=33151"}],"curies":[{"name":"wp","href":"https:\/\/api.w.org\/{rel}","templated":true}]}}