{"id":33144,"date":"2024-05-29T08:12:00","date_gmt":"2024-05-29T11:12:00","guid":{"rendered":"https:\/\/www.paudalho.pe.gov.br\/portal\/?p=33144"},"modified":"2024-05-29T13:34:25","modified_gmt":"2024-05-29T16:34:25","slug":"em-paudalho-iniciada-a-campanha-de-vacinacao-contra-poliomielite","status":"publish","type":"post","link":"https:\/\/www.paudalho.pe.gov.br\/portal\/em-paudalho-iniciada-a-campanha-de-vacinacao-contra-poliomielite\/","title":{"rendered":"Em Paudalho, iniciada a campanha de vacina\u00e7\u00e3o contra poliomielite"},"content":{"rendered":"\n<p>A Prefeitura do Paudalho, por meio da Secretaria de Sa\u00fade, abra\u00e7a a Campanha Nacional de Vacina\u00e7\u00e3o contra poliomielite, tamb\u00e9m conhecida como paralisia infantil. At\u00e9 o dia 14 de junho, a vacina contra o v\u00edrus estar\u00e1 dispon\u00edvel em todas as Unidades B\u00e1sicas de Sa\u00fade, com objetivo de imunizar todas as crian\u00e7as menores de cinco anos.<\/p>\n\n\n\n<p>A Campanha Nacional tem como meta vacinar, no m\u00ednimo, 95% do p\u00fablico-alvo, que abrange cerca de 13 milh\u00f5es de crian\u00e7as menores de cinco anos. A expectativa da campanha \u00e9 reduzir o n\u00famero de crian\u00e7as n\u00e3o vacinadas e o risco de reintrodu\u00e7\u00e3o do poliov\u00edrus no Brasil. Mobilizando a popula\u00e7\u00e3o para garantir que a poliomielite continue erradicada no pa\u00eds, no dia 8 de junho ser\u00e1 realizado tamb\u00e9m o Dia D de vacina\u00e7\u00e3o.<\/p>\n","protected":false},"excerpt":{"rendered":"<p>A Prefeitura do Paudalho, por meio da Secretaria de Sa\u00fade, abra\u00e7a a Campanha Nacional de Vacina\u00e7\u00e3o contra poliomielite, tamb\u00e9m conhecida como paralisia infantil. At\u00e9 o dia 14 de junho, a vacina contra o v\u00edrus estar\u00e1 dispon\u00edvel em todas as Unidades B\u00e1sicas de Sa\u00fade, com objetivo de imunizar todas as crian\u00e7as menores de cinco anos. A [&hellip;]<\/p>\n","protected":false},"author":11,"featured_media":33147,"comment_status":"open","ping_status":"open","sticky":false,"template":"","format":"standard","meta":{"_jetpack_newsletter_access":"","_jetpack_dont_email_post_to_subs":false,"_jetpack_newsletter_tier_id":0,"_jetpack_memberships_contains_paywalled_content":false,"_jetpack_memberships_contains_paid_content":false,"footnotes":""},"categories":[2,1,3,1227],"tags":[648,1477,16,168],"class_list":["post-33144","post","type-post","status-publish","format-standard","has-post-thumbnail","hentry","category-destaque","category-noticias","category-saude","category-saude-2","tag-campanha-de-vacinacao","tag-poliomielite","tag-saude","tag-secretaria-de-saude"],"jetpack_featured_media_url":"https:\/\/www.paudalho.pe.gov.br\/portal\/wp-content\/uploads\/2024\/05\/VACINA-POLIO.jpeg","jetpack_sharing_enabled":true,"jetpack_shortlink":"https:\/\/wp.me\/p98mS2-8CA","_links":{"self":[{"href":"https:\/\/www.paudalho.pe.gov.br\/portal\/wp-json\/wp\/v2\/posts\/33144","targetHints":{"allow":["GET"]}}],"collection":[{"href":"https:\/\/www.paudalho.pe.gov.br\/portal\/wp-json\/wp\/v2\/posts"}],"about":[{"href":"https:\/\/www.paudalho.pe.gov.br\/portal\/wp-json\/wp\/v2\/types\/post"}],"author":[{"embeddable":true,"href":"https:\/\/www.paudalho.pe.gov.br\/portal\/wp-json\/wp\/v2\/users\/11"}],"replies":[{"embeddable":true,"href":"https:\/\/www.paudalho.pe.gov.br\/portal\/wp-json\/wp\/v2\/comments?post=33144"}],"version-history":[{"count":1,"href":"https:\/\/www.paudalho.pe.gov.br\/portal\/wp-json\/wp\/v2\/posts\/33144\/revisions"}],"predecessor-version":[{"id":33146,"href":"https:\/\/www.paudalho.pe.gov.br\/portal\/wp-json\/wp\/v2\/posts\/33144\/revisions\/33146"}],"wp:featuredmedia":[{"embeddable":true,"href":"https:\/\/www.paudalho.pe.gov.br\/portal\/wp-json\/wp\/v2\/media\/33147"}],"wp:attachment":[{"href":"https:\/\/www.paudalho.pe.gov.br\/portal\/wp-json\/wp\/v2\/media?parent=33144"}],"wp:term":[{"taxonomy":"category","embeddable":true,"href":"https:\/\/www.paudalho.pe.gov.br\/portal\/wp-json\/wp\/v2\/categories?post=33144"},{"taxonomy":"post_tag","embeddable":true,"href":"https:\/\/www.paudalho.pe.gov.br\/portal\/wp-json\/wp\/v2\/tags?post=33144"}],"curies":[{"name":"wp","href":"https:\/\/api.w.org\/{rel}","templated":true}]}}