{"id":33021,"date":"2024-05-24T08:57:00","date_gmt":"2024-05-24T11:57:00","guid":{"rendered":"https:\/\/www.paudalho.pe.gov.br\/portal\/?p=33021"},"modified":"2024-05-24T10:18:57","modified_gmt":"2024-05-24T13:18:57","slug":"prefeitura-do-paudalho-assina-ordem-de-servico-do-asfalto-da-estrada-que-liga-as-comunidades-de-belem-e-rosarinho","status":"publish","type":"post","link":"https:\/\/www.paudalho.pe.gov.br\/portal\/prefeitura-do-paudalho-assina-ordem-de-servico-do-asfalto-da-estrada-que-liga-as-comunidades-de-belem-e-rosarinho\/","title":{"rendered":"Prefeitura do Paudalho assina Ordem de Servi\u00e7o do asfalto da estrada que liga as comunidades de Bel\u00e9m e Rosarinho"},"content":{"rendered":"\n<p>A noite da quinta-feira (23) foi de festa para as comunidades de Bel\u00e9m, Rosarinho e Desterro. A Prefeitura do Paudalho deu a largada para o in\u00edcio das obras do asfalto da estrada que liga as localidades com a solenidade de assinatura da Ordem de Servi\u00e7o na pra\u00e7a central de Rosarinho. Com recurso pr\u00f3prio do munic\u00edpio, a pavimenta\u00e7\u00e3o ter\u00e1 2km de extens\u00e3o e um investimento de cerca de R$1,5 milh\u00e3o, levando dignidade, seguran\u00e7a, possibilitando a locomo\u00e7\u00e3o dos moradores e a realiza\u00e7\u00e3o de um sonho t\u00e3o aguardado pela popula\u00e7\u00e3o.<\/p>\n\n\n\n<p>\u201c<em>Quando Raquel Lyra assumiu, na primeira oportunidade que eu tive com ela, eu disse \u2018vamos resolver aquela bagun\u00e7a que foi feita em Rosarinho e Desterro\u2019. A primeira foi uma obra do Governo do Estado, j\u00e1 essa est\u00e1 saindo dos cofres da prefeitura, por que o povo de Rosarinho, Desterro e Bel\u00e9m merecem. N\u00e3o foi o Governo do Estado, n\u00e3o, foi a prefeitura municipal de Paudalho.<\/em>\u201d, disse o prefeito do munic\u00edpio, Marcelo Gouveia, durante o evento. \u201c<em>Isso \u00e9 compromisso, comprometimento e \u00e9 trabalho. E \u00e9 assim que a gente melhora a vida do povo. \u00c9 assim que a gente luta por dignidade.<\/em>\u201d<\/p>\n","protected":false},"excerpt":{"rendered":"<p>A noite da quinta-feira (23) foi de festa para as comunidades de Bel\u00e9m, Rosarinho e Desterro. A Prefeitura do Paudalho deu a largada para o in\u00edcio das obras do asfalto da estrada que liga as localidades com a solenidade de assinatura da Ordem de Servi\u00e7o na pra\u00e7a central de Rosarinho. Com recurso pr\u00f3prio do munic\u00edpio, [&hellip;]<\/p>\n","protected":false},"author":11,"featured_media":33022,"comment_status":"open","ping_status":"open","sticky":false,"template":"","format":"standard","meta":{"_jetpack_newsletter_access":"","_jetpack_dont_email_post_to_subs":false,"_jetpack_newsletter_tier_id":0,"_jetpack_memberships_contains_paywalled_content":false,"_jetpack_memberships_contains_paid_content":false,"footnotes":""},"categories":[2,1,35],"tags":[1475,36,364],"class_list":["post-33021","post","type-post","status-publish","format-standard","has-post-thumbnail","hentry","category-destaque","category-noticias","category-obras","tag-asfalto-rosarinho","tag-obras","tag-ordem-de-servico"],"jetpack_featured_media_url":"https:\/\/www.paudalho.pe.gov.br\/portal\/wp-content\/uploads\/2024\/05\/MG_9116-scaled.jpg","jetpack_sharing_enabled":true,"jetpack_shortlink":"https:\/\/wp.me\/p98mS2-8AB","_links":{"self":[{"href":"https:\/\/www.paudalho.pe.gov.br\/portal\/wp-json\/wp\/v2\/posts\/33021","targetHints":{"allow":["GET"]}}],"collection":[{"href":"https:\/\/www.paudalho.pe.gov.br\/portal\/wp-json\/wp\/v2\/posts"}],"about":[{"href":"https:\/\/www.paudalho.pe.gov.br\/portal\/wp-json\/wp\/v2\/types\/post"}],"author":[{"embeddable":true,"href":"https:\/\/www.paudalho.pe.gov.br\/portal\/wp-json\/wp\/v2\/users\/11"}],"replies":[{"embeddable":true,"href":"https:\/\/www.paudalho.pe.gov.br\/portal\/wp-json\/wp\/v2\/comments?post=33021"}],"version-history":[{"count":1,"href":"https:\/\/www.paudalho.pe.gov.br\/portal\/wp-json\/wp\/v2\/posts\/33021\/revisions"}],"predecessor-version":[{"id":33023,"href":"https:\/\/www.paudalho.pe.gov.br\/portal\/wp-json\/wp\/v2\/posts\/33021\/revisions\/33023"}],"wp:featuredmedia":[{"embeddable":true,"href":"https:\/\/www.paudalho.pe.gov.br\/portal\/wp-json\/wp\/v2\/media\/33022"}],"wp:attachment":[{"href":"https:\/\/www.paudalho.pe.gov.br\/portal\/wp-json\/wp\/v2\/media?parent=33021"}],"wp:term":[{"taxonomy":"category","embeddable":true,"href":"https:\/\/www.paudalho.pe.gov.br\/portal\/wp-json\/wp\/v2\/categories?post=33021"},{"taxonomy":"post_tag","embeddable":true,"href":"https:\/\/www.paudalho.pe.gov.br\/portal\/wp-json\/wp\/v2\/tags?post=33021"}],"curies":[{"name":"wp","href":"https:\/\/api.w.org\/{rel}","templated":true}]}}