{"id":33001,"date":"2024-05-17T11:41:26","date_gmt":"2024-05-17T14:41:26","guid":{"rendered":"https:\/\/www.paudalho.pe.gov.br\/portal\/?p=33001"},"modified":"2024-05-17T11:44:06","modified_gmt":"2024-05-17T14:44:06","slug":"prorrogado-edital-de-chamamento-publico-para-compor-grade-de-eventos-culturais-de-2024","status":"publish","type":"post","link":"https:\/\/www.paudalho.pe.gov.br\/portal\/prorrogado-edital-de-chamamento-publico-para-compor-grade-de-eventos-culturais-de-2024\/","title":{"rendered":"Prorrogadas as inscri\u00e7\u00f5es do Edital de Chamamento P\u00fablico para compor grade de eventos culturais de 2024"},"content":{"rendered":"\n<p>A Prefeitura do Paudalho, por meio da Secretaria de Cultura, Turismo, Lazer e Juventudes, anunciou nesta sexta-feira (17) a prorroga\u00e7\u00e3o do <a href=\"https:\/\/www.paudalho.pe.gov.br\/portal\/divulgado-edital-de-chamamento-publico-para-eventos-culturais-de-2024\/\" data-type=\"link\" data-id=\"https:\/\/www.paudalho.pe.gov.br\/portal\/divulgado-edital-de-chamamento-publico-para-eventos-culturais-de-2024\/\">Edital de Chamamento P\u00fablico para Credenciamento de Atra\u00e7\u00f5es Art\u00edsticas Locais<\/a> para comporem a grade de apresenta\u00e7\u00f5es art\u00edsticas das festividades culturais do munic\u00edpio, no ano de 2024. As inscri\u00e7\u00f5es ir\u00e3o se estender at\u00e9 quarta-feira, 22 de maio.<\/p>\n\n\n\n<p>O Edital tem como objetivo preencher a grade de programa\u00e7\u00e3o das diversas festividades que ocorrem durante todo o ano de 2024, realizadas pela Prefeitura Municipal do Paudalho. Os interessados devem levar a Ficha de Inscri\u00e7\u00e3o preenchida, documentos e comprova\u00e7\u00f5es exigidas na sede da Secretaria de Cultura, localizada&nbsp; na Pra\u00e7a Joaquim Nabuco, popularmente conhecida como Pra\u00e7a do Ros\u00e1rio, Centro da cidade, junto com os documentos exigidos, durante o hor\u00e1rio das 8h \u00e0s 16h.<\/p>\n\n\n\n<p><strong>Confira o novo calend\u00e1rio:<\/strong><\/p>\n\n\n\n<div data-wp-interactive=\"core\/file\" class=\"wp-block-file\"><object data-wp-bind--hidden=\"!state.hasPdfPreview\" hidden class=\"wp-block-file__embed\" data=\"https:\/\/www.paudalho.pe.gov.br\/portal\/wp-content\/uploads\/2024\/05\/Publicacao-Edital-Artistas-Locais-2024-Prorrogacao-Calendario-17.05.2024-PDF.pdf\" type=\"application\/pdf\" style=\"width:100%;height:600px\" aria-label=\"Incorporado de Publicacao-Edital-Artistas-Locais-2024-Prorrogacao-Calendario-17.05.2024-PDF.\"><\/object><a id=\"wp-block-file--media-7d87ba7f-572b-4b22-b3ec-e653e36ae8c3\" href=\"https:\/\/www.paudalho.pe.gov.br\/portal\/wp-content\/uploads\/2024\/05\/Publicacao-Edital-Artistas-Locais-2024-Prorrogacao-Calendario-17.05.2024-PDF.pdf\">Publicacao-Edital-Artistas-Locais-2024-Prorrogacao-Calendario-17.05.2024-PDF<\/a><a href=\"https:\/\/www.paudalho.pe.gov.br\/portal\/wp-content\/uploads\/2024\/05\/Publicacao-Edital-Artistas-Locais-2024-Prorrogacao-Calendario-17.05.2024-PDF.pdf\" class=\"wp-block-file__button wp-element-button\" download aria-describedby=\"wp-block-file--media-7d87ba7f-572b-4b22-b3ec-e653e36ae8c3\">Baixar<\/a><\/div>\n","protected":false},"excerpt":{"rendered":"<p>A Prefeitura do Paudalho, por meio da Secretaria de Cultura, Turismo, Lazer e Juventudes, anunciou nesta sexta-feira (17) a prorroga\u00e7\u00e3o do Edital de Chamamento P\u00fablico para Credenciamento de Atra\u00e7\u00f5es Art\u00edsticas Locais para comporem a grade de apresenta\u00e7\u00f5es art\u00edsticas das festividades culturais do munic\u00edpio, no ano de 2024. As inscri\u00e7\u00f5es ir\u00e3o se estender at\u00e9 quarta-feira, 22 [&hellip;]<\/p>\n","protected":false},"author":11,"featured_media":33004,"comment_status":"open","ping_status":"open","sticky":false,"template":"","format":"standard","meta":{"_jetpack_newsletter_access":"","_jetpack_dont_email_post_to_subs":false,"_jetpack_newsletter_tier_id":0,"_jetpack_memberships_contains_paywalled_content":false,"_jetpack_memberships_contains_paid_content":false,"footnotes":""},"categories":[1184,2,1],"tags":[1472,697,1471,196],"class_list":["post-33001","post","type-post","status-publish","format-standard","has-post-thumbnail","hentry","category-cultura-2","category-destaque","category-noticias","tag-chamamento-publico","tag-edital","tag-edital-de-chamamento-publico-para-compor-grade-de-eventos-culturais-de-2024","tag-secretaria-de-cultura"],"jetpack_featured_media_url":"https:\/\/www.paudalho.pe.gov.br\/portal\/wp-content\/uploads\/2024\/05\/CARNAVAL-PAUDALHO11-800x450-1.jpg","jetpack_sharing_enabled":true,"jetpack_shortlink":"https:\/\/wp.me\/p98mS2-8Ah","_links":{"self":[{"href":"https:\/\/www.paudalho.pe.gov.br\/portal\/wp-json\/wp\/v2\/posts\/33001","targetHints":{"allow":["GET"]}}],"collection":[{"href":"https:\/\/www.paudalho.pe.gov.br\/portal\/wp-json\/wp\/v2\/posts"}],"about":[{"href":"https:\/\/www.paudalho.pe.gov.br\/portal\/wp-json\/wp\/v2\/types\/post"}],"author":[{"embeddable":true,"href":"https:\/\/www.paudalho.pe.gov.br\/portal\/wp-json\/wp\/v2\/users\/11"}],"replies":[{"embeddable":true,"href":"https:\/\/www.paudalho.pe.gov.br\/portal\/wp-json\/wp\/v2\/comments?post=33001"}],"version-history":[{"count":3,"href":"https:\/\/www.paudalho.pe.gov.br\/portal\/wp-json\/wp\/v2\/posts\/33001\/revisions"}],"predecessor-version":[{"id":33007,"href":"https:\/\/www.paudalho.pe.gov.br\/portal\/wp-json\/wp\/v2\/posts\/33001\/revisions\/33007"}],"wp:featuredmedia":[{"embeddable":true,"href":"https:\/\/www.paudalho.pe.gov.br\/portal\/wp-json\/wp\/v2\/media\/33004"}],"wp:attachment":[{"href":"https:\/\/www.paudalho.pe.gov.br\/portal\/wp-json\/wp\/v2\/media?parent=33001"}],"wp:term":[{"taxonomy":"category","embeddable":true,"href":"https:\/\/www.paudalho.pe.gov.br\/portal\/wp-json\/wp\/v2\/categories?post=33001"},{"taxonomy":"post_tag","embeddable":true,"href":"https:\/\/www.paudalho.pe.gov.br\/portal\/wp-json\/wp\/v2\/tags?post=33001"}],"curies":[{"name":"wp","href":"https:\/\/api.w.org\/{rel}","templated":true}]}}