{"id":32992,"date":"2024-05-10T12:07:00","date_gmt":"2024-05-10T15:07:00","guid":{"rendered":"https:\/\/www.paudalho.pe.gov.br\/portal\/?p=32992"},"modified":"2024-05-13T17:57:06","modified_gmt":"2024-05-13T20:57:06","slug":"em-paudalho-programa-familia-na-escola-une-pais-e-professores-com-foco-no-desenvolvimento-dos-alunos","status":"publish","type":"post","link":"https:\/\/www.paudalho.pe.gov.br\/portal\/em-paudalho-programa-familia-na-escola-une-pais-e-professores-com-foco-no-desenvolvimento-dos-alunos\/","title":{"rendered":"Em Paudalho, Programa Fam\u00edlia na Escola une pais e professores com foco no desenvolvimento dos alunos"},"content":{"rendered":"\n<p>A presen\u00e7a e participa\u00e7\u00e3o das fam\u00edlias nas escolas s\u00e3o necess\u00e1rias para o desenvolvimento completo das crian\u00e7as, formando uma teia que se estende das sala de aula para casa, e vice-versa. Sabendo disso, em Paudalho foi lan\u00e7ado o Programa Fam\u00edlia na Escola, que tem como objetivo apoiar \u00e0s unidades escolares nas quest\u00f5es pedag\u00f3gicas com envolvimento dos pais e respons\u00e1veis, visando fomentar sua participa\u00e7\u00e3o na vida escolar dos alunos.<\/p>\n\n\n\n<p>O plano foi criado a partir da escuta nas escolas, sendo a Escola Municipal Severino Jos\u00e9 Valentim, na comunidade de Ch\u00e3 do Ouro, e a Escola Municipal Cicero Lopes, em Fonte de Aldeia, contempladas com a fase pilotos, colocando em pr\u00e1tica tr\u00eas eixos: Conex\u00e3o, para fortalecer a rela\u00e7\u00e3o entre a fam\u00edlia e a escola, visando uma maior participa\u00e7\u00e3o na vida educacional dos estudantes; Aprendizagem, ajudando os alunos a refletirem sobre seus sonhos e objetivos; e Futuro, proporcionando o planejamento consciente do futuro dos estudantes, incentivando-os a constru\u00edrem seu projeto de vida e se prepararem para o mundo do trabalho.&nbsp;<\/p>\n\n\n\n<p><strong>Lan\u00e7amento<\/strong><\/p>\n\n\n\n<p>O Projeto foi lan\u00e7ado na Escola Municipal Cicero Lopes na \u00faltima quinta-feira, 9 de maio, com a Semana da Fam\u00edlia, onde foi realizada \ufeff\ufeffoficina de artesanato familiar e exposi\u00e7\u00e3o de trabalhos dos alunos. O evento ainda contou com a presen\u00e7a do ator e professor, Pl\u00ednio Maciel, que conduziu uma oficina teatral para integrar alunos e familiares, e Iris Silvestre, atriz e educadora, que guiou uma experi\u00eancia imersiva na arte da express\u00e3o corporal para fortalecer la\u00e7os familiares.<\/p>\n","protected":false},"excerpt":{"rendered":"<p>A presen\u00e7a e participa\u00e7\u00e3o das fam\u00edlias nas escolas s\u00e3o necess\u00e1rias para o desenvolvimento completo das crian\u00e7as, formando uma teia que se estende das sala de aula para casa, e vice-versa. Sabendo disso, em Paudalho foi lan\u00e7ado o Programa Fam\u00edlia na Escola, que tem como objetivo apoiar \u00e0s unidades escolares nas quest\u00f5es pedag\u00f3gicas com envolvimento dos [&hellip;]<\/p>\n","protected":false},"author":11,"featured_media":32993,"comment_status":"open","ping_status":"open","sticky":false,"template":"","format":"standard","meta":{"_jetpack_newsletter_access":"","_jetpack_dont_email_post_to_subs":false,"_jetpack_newsletter_tier_id":0,"_jetpack_memberships_contains_paywalled_content":false,"_jetpack_memberships_contains_paid_content":false,"footnotes":""},"categories":[2,520,1],"tags":[30,1468,1201],"class_list":["post-32992","post","type-post","status-publish","format-standard","has-post-thumbnail","hentry","category-destaque","category-educacao-2","category-noticias","tag-educacao","tag-programa-familia-na-escola","tag-secretaria-de-educacao-e-esportes"],"jetpack_featured_media_url":"https:\/\/www.paudalho.pe.gov.br\/portal\/wp-content\/uploads\/2024\/05\/WhatsApp-Image-2024-05-09-at-19.56.20.jpeg","jetpack_sharing_enabled":true,"jetpack_shortlink":"https:\/\/wp.me\/p98mS2-8A8","_links":{"self":[{"href":"https:\/\/www.paudalho.pe.gov.br\/portal\/wp-json\/wp\/v2\/posts\/32992","targetHints":{"allow":["GET"]}}],"collection":[{"href":"https:\/\/www.paudalho.pe.gov.br\/portal\/wp-json\/wp\/v2\/posts"}],"about":[{"href":"https:\/\/www.paudalho.pe.gov.br\/portal\/wp-json\/wp\/v2\/types\/post"}],"author":[{"embeddable":true,"href":"https:\/\/www.paudalho.pe.gov.br\/portal\/wp-json\/wp\/v2\/users\/11"}],"replies":[{"embeddable":true,"href":"https:\/\/www.paudalho.pe.gov.br\/portal\/wp-json\/wp\/v2\/comments?post=32992"}],"version-history":[{"count":1,"href":"https:\/\/www.paudalho.pe.gov.br\/portal\/wp-json\/wp\/v2\/posts\/32992\/revisions"}],"predecessor-version":[{"id":32994,"href":"https:\/\/www.paudalho.pe.gov.br\/portal\/wp-json\/wp\/v2\/posts\/32992\/revisions\/32994"}],"wp:featuredmedia":[{"embeddable":true,"href":"https:\/\/www.paudalho.pe.gov.br\/portal\/wp-json\/wp\/v2\/media\/32993"}],"wp:attachment":[{"href":"https:\/\/www.paudalho.pe.gov.br\/portal\/wp-json\/wp\/v2\/media?parent=32992"}],"wp:term":[{"taxonomy":"category","embeddable":true,"href":"https:\/\/www.paudalho.pe.gov.br\/portal\/wp-json\/wp\/v2\/categories?post=32992"},{"taxonomy":"post_tag","embeddable":true,"href":"https:\/\/www.paudalho.pe.gov.br\/portal\/wp-json\/wp\/v2\/tags?post=32992"}],"curies":[{"name":"wp","href":"https:\/\/api.w.org\/{rel}","templated":true}]}}