{"id":32986,"date":"2024-05-13T12:34:00","date_gmt":"2024-05-13T15:34:00","guid":{"rendered":"https:\/\/www.paudalho.pe.gov.br\/portal\/?p=32986"},"modified":"2024-05-13T14:34:21","modified_gmt":"2024-05-13T17:34:21","slug":"prefeitura-do-paudalho-promove-campanhas-de-combate-ao-abuso-e-exploracao-sexual-contra-criancas-e-adolescentes","status":"publish","type":"post","link":"https:\/\/www.paudalho.pe.gov.br\/portal\/prefeitura-do-paudalho-promove-campanhas-de-combate-ao-abuso-e-exploracao-sexual-contra-criancas-e-adolescentes\/","title":{"rendered":"Prefeitura do Paudalho promove campanhas de combate ao abuso e explora\u00e7\u00e3o sexual contra crian\u00e7as e adolescentes"},"content":{"rendered":"\n<p>Neste m\u00eas \u00e9 realizada a campanha Maio Laranja de combate ao abuso e explora\u00e7\u00e3o sexual de crian\u00e7as e adolescentes, e a Prefeitura do Paudalho, por meio da Secretaria de Desenvolvimento e Assist\u00eancia Social (Sedas), agendou uma programa\u00e7\u00e3o completa que ocorre do dia 13 at\u00e9 28 de maio, com palestras e rodas de conversas, tendo seu \u00e1pice na Caminhada Fa\u00e7a Bonito.<\/p>\n\n\n\n<p>Al\u00e9m de rodas de conversas abertas ao p\u00fablico, a Sedas tamb\u00e9m realizar\u00e1 atividades com a Rede Municipal de Ensino, com a Casa das Juventudes, com fam\u00edlias vinculadas ao Servi\u00e7o de Conviv\u00eancia e Fortalecimento de V\u00ednculos e com o Centro de Refer\u00eancia de Assist\u00eancia Social.<\/p>\n\n\n\n<p>No dia 24 de maio, tanto os participantes das palestras e rodas de conversas quanto a popula\u00e7\u00e3o geral poder\u00e1 andar unidos na Caminhada Fa\u00e7a Bonito, que ter\u00e1 a concentra\u00e7\u00e3o na entrada da cidade, a partir das 8h, percorrendo as principais ruas do munic\u00edpio, exigindo e conscientizando sobre o fim do abuso e explora\u00e7\u00e3o sexual de crian\u00e7as e adolescentes.<\/p>\n\n\n\n<p><strong>Confira a programa\u00e7\u00e3o completa do m\u00eas:&nbsp;<\/strong><\/p>\n\n\n\n<p>Roda de Conversa sobre o Maio Laranja<\/p>\n\n\n\n<p>Data: 13 de maio<\/p>\n\n\n\n<p>Hor\u00e1rio: 9h<\/p>\n\n\n\n<p>Local: UBS Primavera II<\/p>\n\n\n\n<p>Roda de Conversa sobre o Maio Laranja<\/p>\n\n\n\n<p>Data: 14 de maio<\/p>\n\n\n\n<p>Hor\u00e1rio: 9h<\/p>\n\n\n\n<p>Local: UBS Primavera I, III e IV (pr\u00f3ximo a quadra)<\/p>\n\n\n\n<p>Palestra com fam\u00edlias vinculadas ao Cras Paudalho<\/p>\n\n\n\n<p>Data: 14 de maio<\/p>\n\n\n\n<p>Hor\u00e1rio: 14h<\/p>\n\n\n\n<p>Local: Cras Primavera<\/p>\n\n\n\n<p>Palestra com fam\u00edlias vinculadas ao SCFV<\/p>\n\n\n\n<p>Data: 14 de maio<\/p>\n\n\n\n<p>Hor\u00e1rio:<\/p>\n\n\n\n<p>\u00c0s 9h com grupo de crian\u00e7as e adolescentes<\/p>\n\n\n\n<p>\u00c0s 14h com grupo da pessoa idosa<\/p>\n\n\n\n<p>Local: Servi\u00e7o de Conviv\u00eancia e Fortalecimento de V\u00ednculos (SCFV), no Alto Do Cruzeiro<\/p>\n\n\n\n<p>Roda de Conversa Juventudes em Di\u00e1logo<\/p>\n\n\n\n<p>Data: 14 de maio<\/p>\n\n\n\n<p>Hor\u00e1rio: 14h<\/p>\n\n\n\n<p>Local: Casa das Juventudes, no Alto do Cruzeiro<\/p>\n\n\n\n<p>Palestra com fam\u00edlias vinculadas ao Cras Paudalho<\/p>\n\n\n\n<p>Data: 15 de maio<\/p>\n\n\n\n<p>Hor\u00e1rio: 9h<\/p>\n\n\n\n<p>Local: Cras Primavera<\/p>\n\n\n\n<p>Roda de Conversa: Escolas que fazem bonito!<\/p>\n\n\n\n<p>Data: 16 de maio<\/p>\n\n\n\n<p>Hor\u00e1rio: 9h<\/p>\n\n\n\n<p>Local: Escola Municipal Samap<\/p>\n\n\n\n<p>Entrevista Paudalho Fa\u00e7a Bonito!<\/p>\n\n\n\n<p>Data: 17 de maio<\/p>\n\n\n\n<p>Hor\u00e1rio: 13h<\/p>\n\n\n\n<p>Local: R\u00e1dio Paudalho FM 98.5<\/p>\n\n\n\n<p>Roda de Conversa: Juventudes em Di\u00e1logo<\/p>\n\n\n\n<p>Data: 20 de maio<\/p>\n\n\n\n<p>Hor\u00e1rio: 14h<\/p>\n\n\n\n<p>Local: Casa das Juventudes, no Alto do Cruzeiro<\/p>\n\n\n\n<p>Roda de Conversa: Escolas que fazem bonito!<\/p>\n\n\n\n<p>Data: 21 de maio<\/p>\n\n\n\n<p>Hor\u00e1rio: 14h<\/p>\n\n\n\n<p>Local: Escola Municipal S\u00e3o Bernardo<\/p>\n\n\n\n<p>Roda de Conversa: Escolas que fazem bonito!<\/p>\n\n\n\n<p>Data: 23 de maio<\/p>\n\n\n\n<p>Hor\u00e1rio: 9h<\/p>\n\n\n\n<p>Local: Escola Municipal Herculano Bandeira de Melo Filho<\/p>\n\n\n\n<p>Caminhada Fa\u00e7a Bonito!<\/p>\n\n\n\n<p>Data: 24 de maio<\/p>\n\n\n\n<p>Hor\u00e1rio: 9h<\/p>\n\n\n\n<p>Concentra\u00e7\u00e3o: entrada do munic\u00edpio de Paudalho<\/p>\n\n\n\n<p>Palestra com fam\u00edlias vinculadas ao Cras Paudalho<\/p>\n\n\n\n<p>Data: 28 de maio<\/p>\n\n\n\n<p>Hor\u00e1rio: 14h<\/p>\n\n\n\n<p>Local: Cras Primavera<\/p>\n","protected":false},"excerpt":{"rendered":"<p>Neste m\u00eas \u00e9 realizada a campanha Maio Laranja de combate ao abuso e explora\u00e7\u00e3o sexual de crian\u00e7as e adolescentes, e a Prefeitura do Paudalho, por meio da Secretaria de Desenvolvimento e Assist\u00eancia Social (Sedas), agendou uma programa\u00e7\u00e3o completa que ocorre do dia 13 at\u00e9 28 de maio, com palestras e rodas de conversas, tendo seu [&hellip;]<\/p>\n","protected":false},"author":11,"featured_media":32989,"comment_status":"open","ping_status":"open","sticky":false,"template":"","format":"standard","meta":{"_jetpack_newsletter_access":"","_jetpack_dont_email_post_to_subs":false,"_jetpack_newsletter_tier_id":0,"_jetpack_memberships_contains_paywalled_content":false,"_jetpack_memberships_contains_paid_content":false,"footnotes":""},"categories":[850,2,1],"tags":[1207,1467,124],"class_list":["post-32986","post","type-post","status-publish","format-standard","has-post-thumbnail","hentry","category-assistencia-social","category-destaque","category-noticias","tag-caminhada-faca-bonito","tag-maio-laranja","tag-secretaria-de-desenvolvimento-e-assistencia-social"],"jetpack_featured_media_url":"https:\/\/www.paudalho.pe.gov.br\/portal\/wp-content\/uploads\/2024\/05\/MAIO-LARANJA-2.jpg","jetpack_sharing_enabled":true,"jetpack_shortlink":"https:\/\/wp.me\/p98mS2-8A2","_links":{"self":[{"href":"https:\/\/www.paudalho.pe.gov.br\/portal\/wp-json\/wp\/v2\/posts\/32986","targetHints":{"allow":["GET"]}}],"collection":[{"href":"https:\/\/www.paudalho.pe.gov.br\/portal\/wp-json\/wp\/v2\/posts"}],"about":[{"href":"https:\/\/www.paudalho.pe.gov.br\/portal\/wp-json\/wp\/v2\/types\/post"}],"author":[{"embeddable":true,"href":"https:\/\/www.paudalho.pe.gov.br\/portal\/wp-json\/wp\/v2\/users\/11"}],"replies":[{"embeddable":true,"href":"https:\/\/www.paudalho.pe.gov.br\/portal\/wp-json\/wp\/v2\/comments?post=32986"}],"version-history":[{"count":2,"href":"https:\/\/www.paudalho.pe.gov.br\/portal\/wp-json\/wp\/v2\/posts\/32986\/revisions"}],"predecessor-version":[{"id":32991,"href":"https:\/\/www.paudalho.pe.gov.br\/portal\/wp-json\/wp\/v2\/posts\/32986\/revisions\/32991"}],"wp:featuredmedia":[{"embeddable":true,"href":"https:\/\/www.paudalho.pe.gov.br\/portal\/wp-json\/wp\/v2\/media\/32989"}],"wp:attachment":[{"href":"https:\/\/www.paudalho.pe.gov.br\/portal\/wp-json\/wp\/v2\/media?parent=32986"}],"wp:term":[{"taxonomy":"category","embeddable":true,"href":"https:\/\/www.paudalho.pe.gov.br\/portal\/wp-json\/wp\/v2\/categories?post=32986"},{"taxonomy":"post_tag","embeddable":true,"href":"https:\/\/www.paudalho.pe.gov.br\/portal\/wp-json\/wp\/v2\/tags?post=32986"}],"curies":[{"name":"wp","href":"https:\/\/api.w.org\/{rel}","templated":true}]}}