{"id":3298,"date":"2018-07-03T11:52:33","date_gmt":"2018-07-03T14:52:33","guid":{"rendered":"http:\/\/www.paudalho.pe.gov.br\/portal\/?p=3298"},"modified":"2018-07-03T13:35:35","modified_gmt":"2018-07-03T16:35:35","slug":"moradores-comemoram-inauguracao-da-upa-paudalho","status":"publish","type":"post","link":"https:\/\/www.paudalho.pe.gov.br\/portal\/moradores-comemoram-inauguracao-da-upa-paudalho\/","title":{"rendered":"Moradores comemoram inaugura\u00e7\u00e3o da UPA Paudalho"},"content":{"rendered":"<p>A not\u00edcia de que a Unidade de Pronto Atendimento (UPA) Laura Bandeira de Melo \u2013 Paudalho ser\u00e1 inaugurada nesta quinta-feira (5) alegrou os mun\u00edcipes, que h\u00e1 muitos anos esperavam pela conquista. O evento ocorre a partir das 19h30, na unidade que fica pr\u00f3xima \u00e0 entrada da cidade. A dona de casa, Rafaela dos Santos de 27 anos, comemorou a informa\u00e7\u00e3o. \u201c\u00c9 bom, n\u00e9? Eu estou achando \u00f3timo. Eu me sinto muito feliz porque quando n\u00e3o tinha a gente precisava sair da cidade\u201d, destacou.<\/p>\n<p>O local prestar\u00e1 servi\u00e7os de urg\u00eancia e emerg\u00eancia de baixa e m\u00e9dia complexidade, sem agendamento, sete dias por semana e 24 horas por dia . De acordo com a Secretaria Municipal de Sa\u00fade, a meta \u00e9 realizar 150 atendimentos por dia e 4.500 por m\u00eas. O local, totalmente equipado, ofertar\u00e1 uma estrutura de qualidade com profissionais da sa\u00fade capacitados.<\/p>\n<h2><strong>Atendimentos<\/strong><\/h2>\n<p>Entre os atendimentos, a UPA Paudalho ofertar\u00e1 servi\u00e7os para situa\u00e7\u00f5es como dores de cabe\u00e7a forte, dores no peito, dores nas costas, falta de ar, v\u00f4mito com sangue, queda com desmaio, convuls\u00e3o, formigamento no rosto (conhecido como boca torta), engasgo (adultos e crian\u00e7as), sangramento sem motivo, desmaios, envenenamento, ferimento e cortes simples ou queimaduras e tamb\u00e9m ser\u00e3o atendidos os casos de trauma para os primeiros cuidados, entre outros.<\/p>\n<p>A artes\u00e3 Simone Maria, de 50 anos, comentou que a unidade vai trazer mais seguran\u00e7a aos mun\u00edcipes. \u201cMe sinto mais segura porque agora a gente n\u00e3o vai mais precisar sair de Paudalho para outras cidades. \u00c9 bem melhor!\u201d, comentou.<\/p>\n<div id=\"attachment_3300\" style=\"width: 560px\" class=\"wp-caption alignnone\"><img loading=\"lazy\" decoding=\"async\" aria-describedby=\"caption-attachment-3300\" data-attachment-id=\"3300\" data-permalink=\"https:\/\/www.paudalho.pe.gov.br\/portal\/moradores-comemoram-inauguracao-da-upa-paudalho\/dc55e82d-7b69-43fe-9257-8a925a2e6297\/\" data-orig-file=\"https:\/\/www.paudalho.pe.gov.br\/portal\/wp-content\/uploads\/2018\/07\/dc55e82d-7b69-43fe-9257-8a925a2e6297.jpg\" data-orig-size=\"1280,960\" data-comments-opened=\"1\" data-image-meta=\"{&quot;aperture&quot;:&quot;0&quot;,&quot;credit&quot;:&quot;&quot;,&quot;camera&quot;:&quot;&quot;,&quot;caption&quot;:&quot;&quot;,&quot;created_timestamp&quot;:&quot;0&quot;,&quot;copyright&quot;:&quot;&quot;,&quot;focal_length&quot;:&quot;0&quot;,&quot;iso&quot;:&quot;0&quot;,&quot;shutter_speed&quot;:&quot;0&quot;,&quot;title&quot;:&quot;&quot;,&quot;orientation&quot;:&quot;0&quot;}\" data-image-title=\"dc55e82d-7b69-43fe-9257-8a925a2e6297\" data-image-description=\"\" data-image-caption=\"\" data-medium-file=\"https:\/\/www.paudalho.pe.gov.br\/portal\/wp-content\/uploads\/2018\/07\/dc55e82d-7b69-43fe-9257-8a925a2e6297-350x230.jpg\" data-large-file=\"https:\/\/www.paudalho.pe.gov.br\/portal\/wp-content\/uploads\/2018\/07\/dc55e82d-7b69-43fe-9257-8a925a2e6297-800x450.jpg\" class=\"wp-image-3300\" src=\"http:\/\/www.paudalho.pe.gov.br\/portal\/wp-content\/uploads\/2018\/07\/dc55e82d-7b69-43fe-9257-8a925a2e6297-350x230.jpg\" alt=\"\" width=\"550\" height=\"361\" \/><p id=\"caption-attachment-3300\" class=\"wp-caption-text\">Foto: Thales K\u00edrion\/PMP<\/p><\/div>\n<h2><strong>\u00a0<\/strong><strong>Protocolo de urg\u00eancia<\/strong><\/h2>\n<p>Os pacientes ser\u00e3o acolhidos e classificados conforme a gravidade do caso, seguindo o protocolo de urg\u00eancia, casos de maior gravidade para o menos grave. Para isso, ser\u00e3o utilizadas as cores vermelha, laranja, amarela, verde e azul, o que vai organizar a prioridade dos atendimentos. Ap\u00f3s a classifica\u00e7\u00e3o, o usu\u00e1rio \u00e9 direcionado ao m\u00e9dico.<br \/>\nVermelho \u2013 Emerg\u00eancia: paciente necessita de atendimento imediato no qual existe risco de morte.<\/p>\n<p>Amarelo \u2013 Urg\u00eancia: paciente necessita de atendimento r\u00e1pido, mas n\u00e3o \u00e9 situa\u00e7\u00e3o de emerg\u00eancia, podendo aguardar que seja atendido os mais graves.<\/p>\n<p>Verde \u2013 Pouco urgente: paciente tem uma situa\u00e7\u00e3o menos grave, mas exige atendimento m\u00e9dico, devendo ficar na unidade aguardando o atendimento.<\/p>\n<p>Azul \u2013 N\u00e3o urgente: paciente tem uma situa\u00e7\u00e3o n\u00e3o grave, de menor complexidade entre todas as situa\u00e7\u00f5es e sem problemas recentes de urg\u00eancia, mas receber\u00e1 atendimento e ficar\u00e1 aguardando pela ordem de classifica\u00e7\u00e3o.<\/p>\n<p>A UPA Paudalho disp\u00f5e de salas e consult\u00f3rios montados para atender cada situa\u00e7\u00e3o: Sala vermelha, sala amarela e consult\u00f3rios para os atendimentos verde e azul.<\/p>\n<p><strong>Ou\u00e7a as informa\u00e7\u00f5es com Thales K\u00edrion:\u00a0<\/strong><\/p>\n<!--[if lt IE 9]><script>document.createElement('audio');<\/script><![endif]-->\n<audio class=\"wp-audio-shortcode\" id=\"audio-3298-1\" preload=\"none\" style=\"width: 100%;\" controls=\"controls\"><source type=\"audio\/mpeg\" src=\"http:\/\/www.paudalho.pe.gov.br\/portal\/wp-content\/uploads\/2018\/07\/MAT\u00c9RIA-UPA-PAUDALHO-03-07.mp3?_=1\" \/><a href=\"http:\/\/www.paudalho.pe.gov.br\/portal\/wp-content\/uploads\/2018\/07\/MAT\u00c9RIA-UPA-PAUDALHO-03-07.mp3\">http:\/\/www.paudalho.pe.gov.br\/portal\/wp-content\/uploads\/2018\/07\/MAT\u00c9RIA-UPA-PAUDALHO-03-07.mp3<\/a><\/audio>\n<p>&nbsp;<\/p>\n","protected":false},"excerpt":{"rendered":"<p>A not\u00edcia de que a Unidade de Pronto Atendimento (UPA) Laura Bandeira de Melo \u2013 Paudalho ser\u00e1 inaugurada nesta quinta-feira (5) alegrou os mun\u00edcipes, que h\u00e1 muitos anos esperavam pela conquista. O evento ocorre a partir das 19h30, na unidade que fica pr\u00f3xima \u00e0 entrada da cidade. A dona de casa, Rafaela dos Santos de [&hellip;]<\/p>\n","protected":false},"author":4,"featured_media":3324,"comment_status":"open","ping_status":"open","sticky":false,"template":"","format":"standard","meta":{"_jetpack_newsletter_access":"","_jetpack_dont_email_post_to_subs":false,"_jetpack_newsletter_tier_id":0,"_jetpack_memberships_contains_paywalled_content":false,"_jetpack_memberships_contains_paid_content":false,"footnotes":""},"categories":[2,1,3],"tags":[339,16,340],"class_list":["post-3298","post","type-post","status-publish","format-standard","has-post-thumbnail","hentry","category-destaque","category-noticias","category-saude","tag-inauguracao","tag-saude","tag-upa-paudalho"],"jetpack_featured_media_url":"https:\/\/www.paudalho.pe.gov.br\/portal\/wp-content\/uploads\/2018\/07\/7e32b044-3dcb-4cfb-b5c7-a3c575eb24a3.jpg","jetpack_sharing_enabled":true,"jetpack_shortlink":"https:\/\/wp.me\/p98mS2-Rc","_links":{"self":[{"href":"https:\/\/www.paudalho.pe.gov.br\/portal\/wp-json\/wp\/v2\/posts\/3298","targetHints":{"allow":["GET"]}}],"collection":[{"href":"https:\/\/www.paudalho.pe.gov.br\/portal\/wp-json\/wp\/v2\/posts"}],"about":[{"href":"https:\/\/www.paudalho.pe.gov.br\/portal\/wp-json\/wp\/v2\/types\/post"}],"author":[{"embeddable":true,"href":"https:\/\/www.paudalho.pe.gov.br\/portal\/wp-json\/wp\/v2\/users\/4"}],"replies":[{"embeddable":true,"href":"https:\/\/www.paudalho.pe.gov.br\/portal\/wp-json\/wp\/v2\/comments?post=3298"}],"version-history":[{"count":4,"href":"https:\/\/www.paudalho.pe.gov.br\/portal\/wp-json\/wp\/v2\/posts\/3298\/revisions"}],"predecessor-version":[{"id":3326,"href":"https:\/\/www.paudalho.pe.gov.br\/portal\/wp-json\/wp\/v2\/posts\/3298\/revisions\/3326"}],"wp:featuredmedia":[{"embeddable":true,"href":"https:\/\/www.paudalho.pe.gov.br\/portal\/wp-json\/wp\/v2\/media\/3324"}],"wp:attachment":[{"href":"https:\/\/www.paudalho.pe.gov.br\/portal\/wp-json\/wp\/v2\/media?parent=3298"}],"wp:term":[{"taxonomy":"category","embeddable":true,"href":"https:\/\/www.paudalho.pe.gov.br\/portal\/wp-json\/wp\/v2\/categories?post=3298"},{"taxonomy":"post_tag","embeddable":true,"href":"https:\/\/www.paudalho.pe.gov.br\/portal\/wp-json\/wp\/v2\/tags?post=3298"}],"curies":[{"name":"wp","href":"https:\/\/api.w.org\/{rel}","templated":true}]}}