{"id":32974,"date":"2024-05-10T11:03:24","date_gmt":"2024-05-10T14:03:24","guid":{"rendered":"https:\/\/www.paudalho.pe.gov.br\/portal\/?p=32974"},"modified":"2024-05-10T11:03:24","modified_gmt":"2024-05-10T14:03:24","slug":"prefeitura-do-paudalho-realiza-reuniao-com-o-conselho-municipal-de-politicas-culturais-sobre-politica-nacional-aldir-blanc","status":"publish","type":"post","link":"https:\/\/www.paudalho.pe.gov.br\/portal\/prefeitura-do-paudalho-realiza-reuniao-com-o-conselho-municipal-de-politicas-culturais-sobre-politica-nacional-aldir-blanc\/","title":{"rendered":"Prefeitura do Paudalho realiza reuni\u00e3o com o Conselho Municipal de Pol\u00edticas Culturais sobre Pol\u00edtica Nacional Aldir Blanc"},"content":{"rendered":"\n<p>Na \u00faltima quarta-feira (8) a Prefeitura do Paudalho por meio da Secretaria de Cultura, Turismo, Lazer e Juventude realizou uma reuni\u00e3o com o objetivo de construir o Plano Anual de Aplica\u00e7\u00e3o de Recursos (PAAR) da Pol\u00edtica Nacional Aldir Blanc (PNAB), em conjunto com o Conselho Municipal de Pol\u00edticas Culturais.<\/p>\n\n\n\n<p><strong>O que \u00e9 a PNAB?<\/strong><\/p>\n\n\n\n<p>A Pol\u00edtica Nacional Aldir Blanc (PNAB), institu\u00edda pela Lei n\u00ba 14.399, de 08 de julho de 2022, tem como objetivo fomentar a cultura em todos estados, munic\u00edpios e Distrito Federal.<\/p>\n\n\n\n<p>Com recursos previstos at\u00e9 2027, a PNAB tem como objetivo estruturar o sistema federativo de financiamento \u00e0 cultura, mediante repasses da Uni\u00e3o aos demais entes federativos de forma continuada. Projetos e programas que integrem a PNAB receber\u00e3o investimentos regulares. Fomento que ser\u00e1 repassado a a\u00e7\u00f5es culturais por meio de editais para trabalhadoras(es) da \u00e1rea cultural, bem como pela execu\u00e7\u00e3o dos recursos de maneira direta.<\/p>\n\n\n\n<p>O PAAR \u00e9 um documento obrigat\u00f3rio previsto na Lei e visa detalhar o Plano de A\u00e7\u00e3o apresentado pelos entes federativos na plataforma Transferegov. Com ele \u00e9 poss\u00edvel aos entes planejarem a adequada execu\u00e7\u00e3o dos recursos da PNAB. E, \u00e0 sociedade, sugerir a\u00e7\u00f5es e acompanhar sua execu\u00e7\u00e3o, garantindo efici\u00eancia e transpar\u00eancia na gest\u00e3o p\u00fablica da cultura, sendo importante a elabora\u00e7\u00e3o do plano conforme orienta\u00e7\u00f5es do MinC ap\u00f3s a realiza\u00e7\u00e3o de escutas p\u00fablicas.<\/p>\n\n\n\n<figure class=\"wp-block-gallery has-nested-images columns-4 is-cropped wp-block-gallery-1 is-layout-flex wp-block-gallery-is-layout-flex\">\n<figure class=\"wp-block-image size-large\"><img loading=\"lazy\" decoding=\"async\" width=\"800\" height=\"450\" data-attachment-id=\"32975\" data-permalink=\"https:\/\/www.paudalho.pe.gov.br\/portal\/prefeitura-do-paudalho-realiza-reuniao-com-o-conselho-municipal-de-politicas-culturais-sobre-politica-nacional-aldir-blanc\/whatsapp-image-2024-05-09-at-19-11-12-1\/\" data-orig-file=\"https:\/\/www.paudalho.pe.gov.br\/portal\/wp-content\/uploads\/2024\/05\/WhatsApp-Image-2024-05-09-at-19.11.12-1.jpeg\" data-orig-size=\"1600,902\" data-comments-opened=\"1\" data-image-meta=\"{&quot;aperture&quot;:&quot;0&quot;,&quot;credit&quot;:&quot;&quot;,&quot;camera&quot;:&quot;&quot;,&quot;caption&quot;:&quot;&quot;,&quot;created_timestamp&quot;:&quot;0&quot;,&quot;copyright&quot;:&quot;&quot;,&quot;focal_length&quot;:&quot;0&quot;,&quot;iso&quot;:&quot;0&quot;,&quot;shutter_speed&quot;:&quot;0&quot;,&quot;title&quot;:&quot;&quot;,&quot;orientation&quot;:&quot;0&quot;}\" data-image-title=\"WhatsApp-Image-2024-05-09-at-19.11.12-1\" data-image-description=\"\" data-image-caption=\"\" data-medium-file=\"https:\/\/www.paudalho.pe.gov.br\/portal\/wp-content\/uploads\/2024\/05\/WhatsApp-Image-2024-05-09-at-19.11.12-1-350x230.jpeg\" data-large-file=\"https:\/\/www.paudalho.pe.gov.br\/portal\/wp-content\/uploads\/2024\/05\/WhatsApp-Image-2024-05-09-at-19.11.12-1-800x450.jpeg\" data-id=\"32975\" src=\"https:\/\/www.paudalho.pe.gov.br\/portal\/wp-content\/uploads\/2024\/05\/WhatsApp-Image-2024-05-09-at-19.11.12-1-800x450.jpeg\" alt=\"\" class=\"wp-image-32975\" srcset=\"https:\/\/www.paudalho.pe.gov.br\/portal\/wp-content\/uploads\/2024\/05\/WhatsApp-Image-2024-05-09-at-19.11.12-1-800x450.jpeg 800w, https:\/\/www.paudalho.pe.gov.br\/portal\/wp-content\/uploads\/2024\/05\/WhatsApp-Image-2024-05-09-at-19.11.12-1-768x433.jpeg 768w, https:\/\/www.paudalho.pe.gov.br\/portal\/wp-content\/uploads\/2024\/05\/WhatsApp-Image-2024-05-09-at-19.11.12-1-1536x866.jpeg 1536w, https:\/\/www.paudalho.pe.gov.br\/portal\/wp-content\/uploads\/2024\/05\/WhatsApp-Image-2024-05-09-at-19.11.12-1.jpeg 1600w\" sizes=\"auto, (max-width: 800px) 100vw, 800px\" \/><\/figure>\n\n\n\n<figure class=\"wp-block-image size-large\"><img loading=\"lazy\" decoding=\"async\" width=\"800\" height=\"450\" data-attachment-id=\"32976\" data-permalink=\"https:\/\/www.paudalho.pe.gov.br\/portal\/prefeitura-do-paudalho-realiza-reuniao-com-o-conselho-municipal-de-politicas-culturais-sobre-politica-nacional-aldir-blanc\/whatsapp-image-2024-05-09-at-19-11-12-2\/\" data-orig-file=\"https:\/\/www.paudalho.pe.gov.br\/portal\/wp-content\/uploads\/2024\/05\/WhatsApp-Image-2024-05-09-at-19.11.12-2.jpeg\" data-orig-size=\"1600,902\" data-comments-opened=\"1\" data-image-meta=\"{&quot;aperture&quot;:&quot;0&quot;,&quot;credit&quot;:&quot;&quot;,&quot;camera&quot;:&quot;&quot;,&quot;caption&quot;:&quot;&quot;,&quot;created_timestamp&quot;:&quot;0&quot;,&quot;copyright&quot;:&quot;&quot;,&quot;focal_length&quot;:&quot;0&quot;,&quot;iso&quot;:&quot;0&quot;,&quot;shutter_speed&quot;:&quot;0&quot;,&quot;title&quot;:&quot;&quot;,&quot;orientation&quot;:&quot;0&quot;}\" data-image-title=\"WhatsApp-Image-2024-05-09-at-19.11.12-2\" data-image-description=\"\" data-image-caption=\"\" data-medium-file=\"https:\/\/www.paudalho.pe.gov.br\/portal\/wp-content\/uploads\/2024\/05\/WhatsApp-Image-2024-05-09-at-19.11.12-2-350x230.jpeg\" data-large-file=\"https:\/\/www.paudalho.pe.gov.br\/portal\/wp-content\/uploads\/2024\/05\/WhatsApp-Image-2024-05-09-at-19.11.12-2-800x450.jpeg\" data-id=\"32976\" src=\"https:\/\/www.paudalho.pe.gov.br\/portal\/wp-content\/uploads\/2024\/05\/WhatsApp-Image-2024-05-09-at-19.11.12-2-800x450.jpeg\" alt=\"\" class=\"wp-image-32976\" srcset=\"https:\/\/www.paudalho.pe.gov.br\/portal\/wp-content\/uploads\/2024\/05\/WhatsApp-Image-2024-05-09-at-19.11.12-2-800x450.jpeg 800w, https:\/\/www.paudalho.pe.gov.br\/portal\/wp-content\/uploads\/2024\/05\/WhatsApp-Image-2024-05-09-at-19.11.12-2-768x433.jpeg 768w, https:\/\/www.paudalho.pe.gov.br\/portal\/wp-content\/uploads\/2024\/05\/WhatsApp-Image-2024-05-09-at-19.11.12-2-1536x866.jpeg 1536w, https:\/\/www.paudalho.pe.gov.br\/portal\/wp-content\/uploads\/2024\/05\/WhatsApp-Image-2024-05-09-at-19.11.12-2.jpeg 1600w\" sizes=\"auto, (max-width: 800px) 100vw, 800px\" \/><\/figure>\n\n\n\n<figure class=\"wp-block-image size-large\"><img loading=\"lazy\" decoding=\"async\" width=\"800\" height=\"450\" data-attachment-id=\"32978\" data-permalink=\"https:\/\/www.paudalho.pe.gov.br\/portal\/prefeitura-do-paudalho-realiza-reuniao-com-o-conselho-municipal-de-politicas-culturais-sobre-politica-nacional-aldir-blanc\/whatsapp-image-2024-05-09-at-19-11-12\/\" data-orig-file=\"https:\/\/www.paudalho.pe.gov.br\/portal\/wp-content\/uploads\/2024\/05\/WhatsApp-Image-2024-05-09-at-19.11.12.jpeg\" data-orig-size=\"1600,902\" data-comments-opened=\"1\" data-image-meta=\"{&quot;aperture&quot;:&quot;0&quot;,&quot;credit&quot;:&quot;&quot;,&quot;camera&quot;:&quot;&quot;,&quot;caption&quot;:&quot;&quot;,&quot;created_timestamp&quot;:&quot;0&quot;,&quot;copyright&quot;:&quot;&quot;,&quot;focal_length&quot;:&quot;0&quot;,&quot;iso&quot;:&quot;0&quot;,&quot;shutter_speed&quot;:&quot;0&quot;,&quot;title&quot;:&quot;&quot;,&quot;orientation&quot;:&quot;0&quot;}\" data-image-title=\"WhatsApp-Image-2024-05-09-at-19.11.12\" data-image-description=\"\" data-image-caption=\"\" data-medium-file=\"https:\/\/www.paudalho.pe.gov.br\/portal\/wp-content\/uploads\/2024\/05\/WhatsApp-Image-2024-05-09-at-19.11.12-350x230.jpeg\" data-large-file=\"https:\/\/www.paudalho.pe.gov.br\/portal\/wp-content\/uploads\/2024\/05\/WhatsApp-Image-2024-05-09-at-19.11.12-800x450.jpeg\" data-id=\"32978\" src=\"https:\/\/www.paudalho.pe.gov.br\/portal\/wp-content\/uploads\/2024\/05\/WhatsApp-Image-2024-05-09-at-19.11.12-800x450.jpeg\" alt=\"\" class=\"wp-image-32978\" srcset=\"https:\/\/www.paudalho.pe.gov.br\/portal\/wp-content\/uploads\/2024\/05\/WhatsApp-Image-2024-05-09-at-19.11.12-800x450.jpeg 800w, https:\/\/www.paudalho.pe.gov.br\/portal\/wp-content\/uploads\/2024\/05\/WhatsApp-Image-2024-05-09-at-19.11.12-768x433.jpeg 768w, https:\/\/www.paudalho.pe.gov.br\/portal\/wp-content\/uploads\/2024\/05\/WhatsApp-Image-2024-05-09-at-19.11.12-1536x866.jpeg 1536w, https:\/\/www.paudalho.pe.gov.br\/portal\/wp-content\/uploads\/2024\/05\/WhatsApp-Image-2024-05-09-at-19.11.12.jpeg 1600w\" sizes=\"auto, (max-width: 800px) 100vw, 800px\" \/><\/figure>\n\n\n\n<figure class=\"wp-block-image size-large\"><img loading=\"lazy\" decoding=\"async\" width=\"800\" height=\"450\" data-attachment-id=\"32981\" data-permalink=\"https:\/\/www.paudalho.pe.gov.br\/portal\/prefeitura-do-paudalho-realiza-reuniao-com-o-conselho-municipal-de-politicas-culturais-sobre-politica-nacional-aldir-blanc\/whatsapp-image-2024-05-09-at-19-11-13-1\/\" data-orig-file=\"https:\/\/www.paudalho.pe.gov.br\/portal\/wp-content\/uploads\/2024\/05\/WhatsApp-Image-2024-05-09-at-19.11.13-1.jpeg\" data-orig-size=\"1600,902\" data-comments-opened=\"1\" data-image-meta=\"{&quot;aperture&quot;:&quot;0&quot;,&quot;credit&quot;:&quot;&quot;,&quot;camera&quot;:&quot;&quot;,&quot;caption&quot;:&quot;&quot;,&quot;created_timestamp&quot;:&quot;0&quot;,&quot;copyright&quot;:&quot;&quot;,&quot;focal_length&quot;:&quot;0&quot;,&quot;iso&quot;:&quot;0&quot;,&quot;shutter_speed&quot;:&quot;0&quot;,&quot;title&quot;:&quot;&quot;,&quot;orientation&quot;:&quot;0&quot;}\" data-image-title=\"WhatsApp-Image-2024-05-09-at-19.11.13-1\" data-image-description=\"\" data-image-caption=\"\" data-medium-file=\"https:\/\/www.paudalho.pe.gov.br\/portal\/wp-content\/uploads\/2024\/05\/WhatsApp-Image-2024-05-09-at-19.11.13-1-350x230.jpeg\" data-large-file=\"https:\/\/www.paudalho.pe.gov.br\/portal\/wp-content\/uploads\/2024\/05\/WhatsApp-Image-2024-05-09-at-19.11.13-1-800x450.jpeg\" data-id=\"32981\" src=\"https:\/\/www.paudalho.pe.gov.br\/portal\/wp-content\/uploads\/2024\/05\/WhatsApp-Image-2024-05-09-at-19.11.13-1-800x450.jpeg\" alt=\"\" class=\"wp-image-32981\" srcset=\"https:\/\/www.paudalho.pe.gov.br\/portal\/wp-content\/uploads\/2024\/05\/WhatsApp-Image-2024-05-09-at-19.11.13-1-800x450.jpeg 800w, https:\/\/www.paudalho.pe.gov.br\/portal\/wp-content\/uploads\/2024\/05\/WhatsApp-Image-2024-05-09-at-19.11.13-1-768x433.jpeg 768w, https:\/\/www.paudalho.pe.gov.br\/portal\/wp-content\/uploads\/2024\/05\/WhatsApp-Image-2024-05-09-at-19.11.13-1-1536x866.jpeg 1536w, https:\/\/www.paudalho.pe.gov.br\/portal\/wp-content\/uploads\/2024\/05\/WhatsApp-Image-2024-05-09-at-19.11.13-1.jpeg 1600w\" sizes=\"auto, (max-width: 800px) 100vw, 800px\" \/><\/figure>\n\n\n\n<figure class=\"wp-block-image size-large\"><img loading=\"lazy\" decoding=\"async\" width=\"800\" height=\"450\" data-attachment-id=\"32980\" data-permalink=\"https:\/\/www.paudalho.pe.gov.br\/portal\/prefeitura-do-paudalho-realiza-reuniao-com-o-conselho-municipal-de-politicas-culturais-sobre-politica-nacional-aldir-blanc\/whatsapp-image-2024-05-09-at-19-11-13-2\/\" data-orig-file=\"https:\/\/www.paudalho.pe.gov.br\/portal\/wp-content\/uploads\/2024\/05\/WhatsApp-Image-2024-05-09-at-19.11.13-2.jpeg\" data-orig-size=\"1600,902\" data-comments-opened=\"1\" data-image-meta=\"{&quot;aperture&quot;:&quot;0&quot;,&quot;credit&quot;:&quot;&quot;,&quot;camera&quot;:&quot;&quot;,&quot;caption&quot;:&quot;&quot;,&quot;created_timestamp&quot;:&quot;0&quot;,&quot;copyright&quot;:&quot;&quot;,&quot;focal_length&quot;:&quot;0&quot;,&quot;iso&quot;:&quot;0&quot;,&quot;shutter_speed&quot;:&quot;0&quot;,&quot;title&quot;:&quot;&quot;,&quot;orientation&quot;:&quot;0&quot;}\" data-image-title=\"WhatsApp-Image-2024-05-09-at-19.11.13-2\" data-image-description=\"\" data-image-caption=\"\" data-medium-file=\"https:\/\/www.paudalho.pe.gov.br\/portal\/wp-content\/uploads\/2024\/05\/WhatsApp-Image-2024-05-09-at-19.11.13-2-350x230.jpeg\" data-large-file=\"https:\/\/www.paudalho.pe.gov.br\/portal\/wp-content\/uploads\/2024\/05\/WhatsApp-Image-2024-05-09-at-19.11.13-2-800x450.jpeg\" data-id=\"32980\" src=\"https:\/\/www.paudalho.pe.gov.br\/portal\/wp-content\/uploads\/2024\/05\/WhatsApp-Image-2024-05-09-at-19.11.13-2-800x450.jpeg\" alt=\"\" class=\"wp-image-32980\" srcset=\"https:\/\/www.paudalho.pe.gov.br\/portal\/wp-content\/uploads\/2024\/05\/WhatsApp-Image-2024-05-09-at-19.11.13-2-800x450.jpeg 800w, https:\/\/www.paudalho.pe.gov.br\/portal\/wp-content\/uploads\/2024\/05\/WhatsApp-Image-2024-05-09-at-19.11.13-2-768x433.jpeg 768w, https:\/\/www.paudalho.pe.gov.br\/portal\/wp-content\/uploads\/2024\/05\/WhatsApp-Image-2024-05-09-at-19.11.13-2-1536x866.jpeg 1536w, https:\/\/www.paudalho.pe.gov.br\/portal\/wp-content\/uploads\/2024\/05\/WhatsApp-Image-2024-05-09-at-19.11.13-2.jpeg 1600w\" sizes=\"auto, (max-width: 800px) 100vw, 800px\" \/><\/figure>\n\n\n\n<figure class=\"wp-block-image size-large\"><img loading=\"lazy\" decoding=\"async\" width=\"800\" height=\"450\" data-attachment-id=\"32979\" data-permalink=\"https:\/\/www.paudalho.pe.gov.br\/portal\/prefeitura-do-paudalho-realiza-reuniao-com-o-conselho-municipal-de-politicas-culturais-sobre-politica-nacional-aldir-blanc\/whatsapp-image-2024-05-09-at-19-11-13-3\/\" data-orig-file=\"https:\/\/www.paudalho.pe.gov.br\/portal\/wp-content\/uploads\/2024\/05\/WhatsApp-Image-2024-05-09-at-19.11.13-3.jpeg\" data-orig-size=\"1600,902\" data-comments-opened=\"1\" data-image-meta=\"{&quot;aperture&quot;:&quot;0&quot;,&quot;credit&quot;:&quot;&quot;,&quot;camera&quot;:&quot;&quot;,&quot;caption&quot;:&quot;&quot;,&quot;created_timestamp&quot;:&quot;0&quot;,&quot;copyright&quot;:&quot;&quot;,&quot;focal_length&quot;:&quot;0&quot;,&quot;iso&quot;:&quot;0&quot;,&quot;shutter_speed&quot;:&quot;0&quot;,&quot;title&quot;:&quot;&quot;,&quot;orientation&quot;:&quot;0&quot;}\" data-image-title=\"WhatsApp-Image-2024-05-09-at-19.11.13-3\" data-image-description=\"\" data-image-caption=\"\" data-medium-file=\"https:\/\/www.paudalho.pe.gov.br\/portal\/wp-content\/uploads\/2024\/05\/WhatsApp-Image-2024-05-09-at-19.11.13-3-350x230.jpeg\" data-large-file=\"https:\/\/www.paudalho.pe.gov.br\/portal\/wp-content\/uploads\/2024\/05\/WhatsApp-Image-2024-05-09-at-19.11.13-3-800x450.jpeg\" data-id=\"32979\" src=\"https:\/\/www.paudalho.pe.gov.br\/portal\/wp-content\/uploads\/2024\/05\/WhatsApp-Image-2024-05-09-at-19.11.13-3-800x450.jpeg\" alt=\"\" class=\"wp-image-32979\" srcset=\"https:\/\/www.paudalho.pe.gov.br\/portal\/wp-content\/uploads\/2024\/05\/WhatsApp-Image-2024-05-09-at-19.11.13-3-800x450.jpeg 800w, https:\/\/www.paudalho.pe.gov.br\/portal\/wp-content\/uploads\/2024\/05\/WhatsApp-Image-2024-05-09-at-19.11.13-3-768x433.jpeg 768w, https:\/\/www.paudalho.pe.gov.br\/portal\/wp-content\/uploads\/2024\/05\/WhatsApp-Image-2024-05-09-at-19.11.13-3-1536x866.jpeg 1536w, https:\/\/www.paudalho.pe.gov.br\/portal\/wp-content\/uploads\/2024\/05\/WhatsApp-Image-2024-05-09-at-19.11.13-3.jpeg 1600w\" sizes=\"auto, (max-width: 800px) 100vw, 800px\" \/><\/figure>\n\n\n\n<figure class=\"wp-block-image size-large\"><img loading=\"lazy\" decoding=\"async\" width=\"800\" height=\"450\" data-attachment-id=\"32977\" data-permalink=\"https:\/\/www.paudalho.pe.gov.br\/portal\/prefeitura-do-paudalho-realiza-reuniao-com-o-conselho-municipal-de-politicas-culturais-sobre-politica-nacional-aldir-blanc\/whatsapp-image-2024-05-09-at-19-11-13\/\" data-orig-file=\"https:\/\/www.paudalho.pe.gov.br\/portal\/wp-content\/uploads\/2024\/05\/WhatsApp-Image-2024-05-09-at-19.11.13.jpeg\" data-orig-size=\"1600,902\" data-comments-opened=\"1\" data-image-meta=\"{&quot;aperture&quot;:&quot;0&quot;,&quot;credit&quot;:&quot;&quot;,&quot;camera&quot;:&quot;&quot;,&quot;caption&quot;:&quot;&quot;,&quot;created_timestamp&quot;:&quot;0&quot;,&quot;copyright&quot;:&quot;&quot;,&quot;focal_length&quot;:&quot;0&quot;,&quot;iso&quot;:&quot;0&quot;,&quot;shutter_speed&quot;:&quot;0&quot;,&quot;title&quot;:&quot;&quot;,&quot;orientation&quot;:&quot;0&quot;}\" data-image-title=\"WhatsApp-Image-2024-05-09-at-19.11.13\" data-image-description=\"\" data-image-caption=\"\" data-medium-file=\"https:\/\/www.paudalho.pe.gov.br\/portal\/wp-content\/uploads\/2024\/05\/WhatsApp-Image-2024-05-09-at-19.11.13-350x230.jpeg\" data-large-file=\"https:\/\/www.paudalho.pe.gov.br\/portal\/wp-content\/uploads\/2024\/05\/WhatsApp-Image-2024-05-09-at-19.11.13-800x450.jpeg\" data-id=\"32977\" src=\"https:\/\/www.paudalho.pe.gov.br\/portal\/wp-content\/uploads\/2024\/05\/WhatsApp-Image-2024-05-09-at-19.11.13-800x450.jpeg\" alt=\"\" class=\"wp-image-32977\" srcset=\"https:\/\/www.paudalho.pe.gov.br\/portal\/wp-content\/uploads\/2024\/05\/WhatsApp-Image-2024-05-09-at-19.11.13-800x450.jpeg 800w, https:\/\/www.paudalho.pe.gov.br\/portal\/wp-content\/uploads\/2024\/05\/WhatsApp-Image-2024-05-09-at-19.11.13-768x433.jpeg 768w, https:\/\/www.paudalho.pe.gov.br\/portal\/wp-content\/uploads\/2024\/05\/WhatsApp-Image-2024-05-09-at-19.11.13-1536x866.jpeg 1536w, https:\/\/www.paudalho.pe.gov.br\/portal\/wp-content\/uploads\/2024\/05\/WhatsApp-Image-2024-05-09-at-19.11.13.jpeg 1600w\" sizes=\"auto, (max-width: 800px) 100vw, 800px\" \/><\/figure>\n<\/figure>\n","protected":false},"excerpt":{"rendered":"<p>Na \u00faltima quarta-feira (8) a Prefeitura do Paudalho por meio da Secretaria de Cultura, Turismo, Lazer e Juventude realizou uma reuni\u00e3o com o objetivo de construir o Plano Anual de Aplica\u00e7\u00e3o de Recursos (PAAR) da Pol\u00edtica Nacional Aldir Blanc (PNAB), em conjunto com o Conselho Municipal de Pol\u00edticas Culturais. O que \u00e9 a PNAB? A [&hellip;]<\/p>\n","protected":false},"author":11,"featured_media":32978,"comment_status":"open","ping_status":"open","sticky":false,"template":"","format":"standard","meta":{"_jetpack_newsletter_access":"","_jetpack_dont_email_post_to_subs":false,"_jetpack_newsletter_tier_id":0,"_jetpack_memberships_contains_paywalled_content":false,"_jetpack_memberships_contains_paid_content":false,"footnotes":""},"categories":[1184,2,1],"tags":[1465,1464,1463,196],"class_list":["post-32974","post","type-post","status-publish","format-standard","has-post-thumbnail","hentry","category-cultura-2","category-destaque","category-noticias","tag-conselho-municipal-de-politicas-culturais","tag-plano-anual-de-aplicacao-de-recursos","tag-politica-nacional-aldir-blanc","tag-secretaria-de-cultura"],"jetpack_featured_media_url":"https:\/\/www.paudalho.pe.gov.br\/portal\/wp-content\/uploads\/2024\/05\/WhatsApp-Image-2024-05-09-at-19.11.12.jpeg","jetpack_sharing_enabled":true,"jetpack_shortlink":"https:\/\/wp.me\/p98mS2-8zQ","_links":{"self":[{"href":"https:\/\/www.paudalho.pe.gov.br\/portal\/wp-json\/wp\/v2\/posts\/32974","targetHints":{"allow":["GET"]}}],"collection":[{"href":"https:\/\/www.paudalho.pe.gov.br\/portal\/wp-json\/wp\/v2\/posts"}],"about":[{"href":"https:\/\/www.paudalho.pe.gov.br\/portal\/wp-json\/wp\/v2\/types\/post"}],"author":[{"embeddable":true,"href":"https:\/\/www.paudalho.pe.gov.br\/portal\/wp-json\/wp\/v2\/users\/11"}],"replies":[{"embeddable":true,"href":"https:\/\/www.paudalho.pe.gov.br\/portal\/wp-json\/wp\/v2\/comments?post=32974"}],"version-history":[{"count":1,"href":"https:\/\/www.paudalho.pe.gov.br\/portal\/wp-json\/wp\/v2\/posts\/32974\/revisions"}],"predecessor-version":[{"id":32982,"href":"https:\/\/www.paudalho.pe.gov.br\/portal\/wp-json\/wp\/v2\/posts\/32974\/revisions\/32982"}],"wp:featuredmedia":[{"embeddable":true,"href":"https:\/\/www.paudalho.pe.gov.br\/portal\/wp-json\/wp\/v2\/media\/32978"}],"wp:attachment":[{"href":"https:\/\/www.paudalho.pe.gov.br\/portal\/wp-json\/wp\/v2\/media?parent=32974"}],"wp:term":[{"taxonomy":"category","embeddable":true,"href":"https:\/\/www.paudalho.pe.gov.br\/portal\/wp-json\/wp\/v2\/categories?post=32974"},{"taxonomy":"post_tag","embeddable":true,"href":"https:\/\/www.paudalho.pe.gov.br\/portal\/wp-json\/wp\/v2\/tags?post=32974"}],"curies":[{"name":"wp","href":"https:\/\/api.w.org\/{rel}","templated":true}]}}