{"id":32938,"date":"2024-04-22T09:21:00","date_gmt":"2024-04-22T12:21:00","guid":{"rendered":"https:\/\/www.paudalho.pe.gov.br\/portal\/?p=32938"},"modified":"2024-04-23T13:27:31","modified_gmt":"2024-04-23T16:27:31","slug":"casa-das-juventudes-e-cedecop-realizam-evento-em-alusao-ao-mes-de-conscientizacao-sobre-o-autismo","status":"publish","type":"post","link":"https:\/\/www.paudalho.pe.gov.br\/portal\/casa-das-juventudes-e-cedecop-realizam-evento-em-alusao-ao-mes-de-conscientizacao-sobre-o-autismo\/","title":{"rendered":"Casa das Juventudes e CEDECOP realizam evento em alus\u00e3o ao M\u00eas de Conscientiza\u00e7\u00e3o sobre o Autismo"},"content":{"rendered":"\n<p>Em alus\u00e3o a campanha Abril Azul, M\u00eas de Conscientiza\u00e7\u00e3o sobre o Autismo, a Prefeitura do Paudalho por meio da Secretaria de Cultura, Turismo, Lazer e Juventude, atrav\u00e9s da Casa das Juventudes, realiza nesta sexta-feira (26), \u00e0s 13h, evento com o tema \u201cAbril Azul, na Conscientiza\u00e7\u00e3o do Autismo, Valorize as Capacidades e Respeite os Limites\u201d. A a\u00e7\u00e3o ser\u00e1 parte do projeto Das Cores Que Remetem A Vida, que ocorre mensalmente na Casa, localizada no Alto do Cruzeiro.<\/p>\n\n\n\n<p>Durante a a\u00e7\u00e3o ser\u00e1 realizado palestras para pais e respons\u00e1veis, abordando temas relevantes relacionados ao Transtorno do Espectro Autista (TEA), suas caracter\u00edsticas e estrat\u00e9gias de apoio. Al\u00e9m disso, tamb\u00e9m ocorrer\u00e1 atividades espec\u00edficas para os jovens autistas orientados por profissionais capacitados na \u00e1rea, promovendo intera\u00e7\u00e3o e desenvolvimento.<\/p>\n\n\n\n<p>O evento ser\u00e1 uma parceria da Casa das Juventudes com o Centro de Desenvolvimento Cognitivo e Psicomotor (CEDECOP), servi\u00e7o da Secretaria de Educa\u00e7\u00e3o e Esportes que acompanha os alunos da Rede Municipal de Ensino que apresentem algum dist\u00farbio ou transtorno, com atendimento psicol\u00f3gico, fisioterap\u00eautico, nutricional, neuropediatria, entre outros.Para participar, os interessados devem se inscrever atrav\u00e9s do link: <a href=\"https:\/\/forms.gle\/ho38QH1WAc3k5kh68\"><strong>https:\/\/forms.gle\/ho38QH1WAc3k5kh68<\/strong><\/a>, ou presencialmente na Casa das Juventudes ou no CEDECOP.<\/p>\n","protected":false},"excerpt":{"rendered":"<p>Em alus\u00e3o a campanha Abril Azul, M\u00eas de Conscientiza\u00e7\u00e3o sobre o Autismo, a Prefeitura do Paudalho por meio da Secretaria de Cultura, Turismo, Lazer e Juventude, atrav\u00e9s da Casa das Juventudes, realiza nesta sexta-feira (26), \u00e0s 13h, evento com o tema \u201cAbril Azul, na Conscientiza\u00e7\u00e3o do Autismo, Valorize as Capacidades e Respeite os Limites\u201d. A [&hellip;]<\/p>\n","protected":false},"author":11,"featured_media":32939,"comment_status":"open","ping_status":"open","sticky":false,"template":"","format":"standard","meta":{"_jetpack_newsletter_access":"","_jetpack_dont_email_post_to_subs":false,"_jetpack_newsletter_tier_id":0,"_jetpack_memberships_contains_paywalled_content":false,"_jetpack_memberships_contains_paid_content":false,"footnotes":""},"categories":[1184,2,793,1],"tags":[1450,1452,816,1449,1093],"class_list":["post-32938","post","type-post","status-publish","format-standard","has-post-thumbnail","hentry","category-cultura-2","category-destaque","category-juventudes","category-noticias","tag-abril-azul","tag-autismo","tag-casa-das-juventudes","tag-cedecop","tag-centro-de-desenvolvimento-cognitivo-e-psicomotor"],"jetpack_featured_media_url":"https:\/\/www.paudalho.pe.gov.br\/portal\/wp-content\/uploads\/2024\/04\/Snapinsta.app_324878500_711746220336418_4624121656629033271_n_1080.jpg","jetpack_sharing_enabled":true,"jetpack_shortlink":"https:\/\/wp.me\/p98mS2-8zg","_links":{"self":[{"href":"https:\/\/www.paudalho.pe.gov.br\/portal\/wp-json\/wp\/v2\/posts\/32938","targetHints":{"allow":["GET"]}}],"collection":[{"href":"https:\/\/www.paudalho.pe.gov.br\/portal\/wp-json\/wp\/v2\/posts"}],"about":[{"href":"https:\/\/www.paudalho.pe.gov.br\/portal\/wp-json\/wp\/v2\/types\/post"}],"author":[{"embeddable":true,"href":"https:\/\/www.paudalho.pe.gov.br\/portal\/wp-json\/wp\/v2\/users\/11"}],"replies":[{"embeddable":true,"href":"https:\/\/www.paudalho.pe.gov.br\/portal\/wp-json\/wp\/v2\/comments?post=32938"}],"version-history":[{"count":1,"href":"https:\/\/www.paudalho.pe.gov.br\/portal\/wp-json\/wp\/v2\/posts\/32938\/revisions"}],"predecessor-version":[{"id":32940,"href":"https:\/\/www.paudalho.pe.gov.br\/portal\/wp-json\/wp\/v2\/posts\/32938\/revisions\/32940"}],"wp:featuredmedia":[{"embeddable":true,"href":"https:\/\/www.paudalho.pe.gov.br\/portal\/wp-json\/wp\/v2\/media\/32939"}],"wp:attachment":[{"href":"https:\/\/www.paudalho.pe.gov.br\/portal\/wp-json\/wp\/v2\/media?parent=32938"}],"wp:term":[{"taxonomy":"category","embeddable":true,"href":"https:\/\/www.paudalho.pe.gov.br\/portal\/wp-json\/wp\/v2\/categories?post=32938"},{"taxonomy":"post_tag","embeddable":true,"href":"https:\/\/www.paudalho.pe.gov.br\/portal\/wp-json\/wp\/v2\/tags?post=32938"}],"curies":[{"name":"wp","href":"https:\/\/api.w.org\/{rel}","templated":true}]}}