{"id":3286,"date":"2018-07-02T00:54:37","date_gmt":"2018-07-02T03:54:37","guid":{"rendered":"http:\/\/www.paudalho.pe.gov.br\/portal\/?p=3286"},"modified":"2018-07-02T01:02:52","modified_gmt":"2018-07-02T04:02:52","slug":"upa-paudalho-sera-inaugurada-nesta-quinta-feira-5","status":"publish","type":"post","link":"https:\/\/www.paudalho.pe.gov.br\/portal\/upa-paudalho-sera-inaugurada-nesta-quinta-feira-5\/","title":{"rendered":"UPA Paudalho ser\u00e1 inaugurada nesta quinta-feira (5)"},"content":{"rendered":"<p>E a mudan\u00e7a continua ocorrendo no Munic\u00edpio do Paudalho. Outra conquista a ser comemorada \u00e9 a inaugura\u00e7\u00e3o da Unidade de Pronto Atendimento Laura Bandeira de Melo (UPA) &#8211; Paudalho, que ocorrer\u00e1 na pr\u00f3xima quinta-feira (5), a partir das 19h30. O local realizar\u00e1 atendimento prestando servi\u00e7os de urg\u00eancia e emerg\u00eancia de baixa e m\u00e9dia complexidade, sem agendamento, sete dias por semana e 24 horas por dia . De acordo com a Secretaria Municipal de Sa\u00fade, a meta \u00e9 realizar 150 atendimentos por dia e 4.500 por m\u00eas. O local, totalmente equipado, ofertar\u00e1 uma estrutura de qualidade com profissionais da sa\u00fade capacitados.<\/p>\n<p>Entre os atendimentos, a UPA Paudalho ofertar\u00e1 servi\u00e7os para situa\u00e7\u00f5es como dores de cabe\u00e7a forte, dores no peito, dores nas costas, falta de ar, v\u00f4mito com sangue, queda com desmaio, convuls\u00e3o, formigamento no rosto (conhecido como boca torta), engasgo (adultos e crian\u00e7as), sangramento sem motivo, desmaios, envenenamento, ferimento e cortes simples ou queimaduras e tamb\u00e9m ser\u00e3o atendidos os casos de trauma para os primeiros cuidados, entre outros.<\/p>\n<h2><strong>Protocolo de urg\u00eancia<\/strong><\/h2>\n<p>Os pacientes ser\u00e3o acolhidos e classificados conforme a gravidade do caso, seguindo o protocolo de urg\u00eancia, casos de maior gravidade para o menos grave. Para isso, ser\u00e3o utilizadas as cores vermelha, laranja, amarela, verde e azul, o que vai organizar a prioridade dos atendimentos. Ap\u00f3s a classifica\u00e7\u00e3o, o usu\u00e1rio \u00e9 direcionado ao m\u00e9dico.<\/p>\n<p>Vermelho \u2013 Emerg\u00eancia: paciente necessita de atendimento imediato no qual existe risco de morte.<\/p>\n<p>Amarelo \u2013 Urg\u00eancia: paciente necessita de atendimento r\u00e1pido, mas n\u00e3o \u00e9 situa\u00e7\u00e3o de emerg\u00eancia, podendo aguardar que seja atendido os mais graves.<\/p>\n<p>Verde \u2013 Pouco urgente: paciente tem uma situa\u00e7\u00e3o menos grave, mas exige atendimento m\u00e9dico, devendo ficar na unidade aguardando o atendimento.<\/p>\n<p>Azul \u2013 N\u00e3o urgente: paciente tem uma situa\u00e7\u00e3o n\u00e3o grave, de menor sem complexidade de todas as situa\u00e7\u00f5es e sem problemas recente de urg\u00eancia, mas receber\u00e1 atendimento e ficar\u00e1 aguardando pela ordem de classifica\u00e7\u00e3o.<\/p>\n<p>A UPA Paudalho disp\u00f5e de salas e consult\u00f3rios montados para atender cada situa\u00e7\u00e3o: Sala vermelha, sala amarela e consult\u00f3rios para os atendimentos verde e azul.<\/p>\n","protected":false},"excerpt":{"rendered":"<p>E a mudan\u00e7a continua ocorrendo no Munic\u00edpio do Paudalho. Outra conquista a ser comemorada \u00e9 a inaugura\u00e7\u00e3o da Unidade de Pronto Atendimento Laura Bandeira de Melo (UPA) &#8211; Paudalho, que ocorrer\u00e1 na pr\u00f3xima quinta-feira (5), a partir das 19h30. O local realizar\u00e1 atendimento prestando servi\u00e7os de urg\u00eancia e emerg\u00eancia de baixa e m\u00e9dia complexidade, sem [&hellip;]<\/p>\n","protected":false},"author":4,"featured_media":3287,"comment_status":"open","ping_status":"open","sticky":false,"template":"","format":"standard","meta":{"_jetpack_newsletter_access":"","_jetpack_dont_email_post_to_subs":false,"_jetpack_newsletter_tier_id":0,"_jetpack_memberships_contains_paywalled_content":false,"_jetpack_memberships_contains_paid_content":false,"footnotes":""},"categories":[2,1,3],"tags":[339,22,338,340],"class_list":["post-3286","post","type-post","status-publish","format-standard","has-post-thumbnail","hentry","category-destaque","category-noticias","category-saude","tag-inauguracao","tag-prefeitura-do-paudalho","tag-upa","tag-upa-paudalho"],"jetpack_featured_media_url":"https:\/\/www.paudalho.pe.gov.br\/portal\/wp-content\/uploads\/2018\/07\/34688e94-bc49-41f4-a3a8-e9651618e483.jpg","jetpack_sharing_enabled":true,"jetpack_shortlink":"https:\/\/wp.me\/p98mS2-R0","_links":{"self":[{"href":"https:\/\/www.paudalho.pe.gov.br\/portal\/wp-json\/wp\/v2\/posts\/3286","targetHints":{"allow":["GET"]}}],"collection":[{"href":"https:\/\/www.paudalho.pe.gov.br\/portal\/wp-json\/wp\/v2\/posts"}],"about":[{"href":"https:\/\/www.paudalho.pe.gov.br\/portal\/wp-json\/wp\/v2\/types\/post"}],"author":[{"embeddable":true,"href":"https:\/\/www.paudalho.pe.gov.br\/portal\/wp-json\/wp\/v2\/users\/4"}],"replies":[{"embeddable":true,"href":"https:\/\/www.paudalho.pe.gov.br\/portal\/wp-json\/wp\/v2\/comments?post=3286"}],"version-history":[{"count":9,"href":"https:\/\/www.paudalho.pe.gov.br\/portal\/wp-json\/wp\/v2\/posts\/3286\/revisions"}],"predecessor-version":[{"id":3296,"href":"https:\/\/www.paudalho.pe.gov.br\/portal\/wp-json\/wp\/v2\/posts\/3286\/revisions\/3296"}],"wp:featuredmedia":[{"embeddable":true,"href":"https:\/\/www.paudalho.pe.gov.br\/portal\/wp-json\/wp\/v2\/media\/3287"}],"wp:attachment":[{"href":"https:\/\/www.paudalho.pe.gov.br\/portal\/wp-json\/wp\/v2\/media?parent=3286"}],"wp:term":[{"taxonomy":"category","embeddable":true,"href":"https:\/\/www.paudalho.pe.gov.br\/portal\/wp-json\/wp\/v2\/categories?post=3286"},{"taxonomy":"post_tag","embeddable":true,"href":"https:\/\/www.paudalho.pe.gov.br\/portal\/wp-json\/wp\/v2\/tags?post=3286"}],"curies":[{"name":"wp","href":"https:\/\/api.w.org\/{rel}","templated":true}]}}