{"id":32851,"date":"2024-04-09T12:35:00","date_gmt":"2024-04-09T15:35:00","guid":{"rendered":"https:\/\/www.paudalho.pe.gov.br\/portal\/?p=32851"},"modified":"2024-04-11T10:38:29","modified_gmt":"2024-04-11T13:38:29","slug":"paudalho-realiza-acao-em-alusao-ao-dia-mundial-da-saude","status":"publish","type":"post","link":"https:\/\/www.paudalho.pe.gov.br\/portal\/paudalho-realiza-acao-em-alusao-ao-dia-mundial-da-saude\/","title":{"rendered":"Paudalho realiza a\u00e7\u00e3o em alus\u00e3o ao Dia Mundial da Sa\u00fade"},"content":{"rendered":"\n<p>Em celebra\u00e7\u00e3o ao Dia Mundial da Sa\u00fade, 7 de abril, a Prefeitura do Paudalho por meio da Secretaria de Sa\u00fade realizou nesta ter\u00e7a-feira (9) uma manh\u00e3 especial para movimentar os paudalhenses. A partir das 6h, na Pra\u00e7a Pedro Coutinho, Centro da cidade, foi realizado o aul\u00e3o e atividade f\u00edsica com as profissionais da Academia de Sa\u00fade, al\u00e9m de serem oferecidos os servi\u00e7os de aferi\u00e7\u00e3o de press\u00e3o, HGT e orienta\u00e7\u00e3o com profissionais de sa\u00fade.<\/p>\n\n\n\n<p>\u201c<em>Esse dia foi muito importante, tanto para mim como para outras mulheres que precisam ser incentivadas para essa academia, que \u00e9 bom para a nossa sa\u00fade<\/em>\u201d, comentou Marli, moradora da Asa Branca, que participou da a\u00e7\u00e3o e destacou a import\u00e2ncia do evento.<\/p>\n","protected":false},"excerpt":{"rendered":"<p>Em celebra\u00e7\u00e3o ao Dia Mundial da Sa\u00fade, 7 de abril, a Prefeitura do Paudalho por meio da Secretaria de Sa\u00fade realizou nesta ter\u00e7a-feira (9) uma manh\u00e3 especial para movimentar os paudalhenses. A partir das 6h, na Pra\u00e7a Pedro Coutinho, Centro da cidade, foi realizado o aul\u00e3o e atividade f\u00edsica com as profissionais da Academia de [&hellip;]<\/p>\n","protected":false},"author":11,"featured_media":32852,"comment_status":"open","ping_status":"open","sticky":false,"template":"","format":"standard","meta":{"_jetpack_newsletter_access":"","_jetpack_dont_email_post_to_subs":false,"_jetpack_newsletter_tier_id":0,"_jetpack_memberships_contains_paywalled_content":false,"_jetpack_memberships_contains_paid_content":false,"footnotes":""},"categories":[2,1,3,1227],"tags":[1447,1446,16,168],"class_list":["post-32851","post","type-post","status-publish","format-standard","has-post-thumbnail","hentry","category-destaque","category-noticias","category-saude","category-saude-2","tag-academia-de-saude","tag-dia-mundial-da-saude","tag-saude","tag-secretaria-de-saude"],"jetpack_featured_media_url":"https:\/\/www.paudalho.pe.gov.br\/portal\/wp-content\/uploads\/2024\/04\/WhatsApp-Image-2024-04-09-at-13.57.34-scaled.jpeg","jetpack_sharing_enabled":true,"jetpack_shortlink":"https:\/\/wp.me\/p98mS2-8xR","_links":{"self":[{"href":"https:\/\/www.paudalho.pe.gov.br\/portal\/wp-json\/wp\/v2\/posts\/32851","targetHints":{"allow":["GET"]}}],"collection":[{"href":"https:\/\/www.paudalho.pe.gov.br\/portal\/wp-json\/wp\/v2\/posts"}],"about":[{"href":"https:\/\/www.paudalho.pe.gov.br\/portal\/wp-json\/wp\/v2\/types\/post"}],"author":[{"embeddable":true,"href":"https:\/\/www.paudalho.pe.gov.br\/portal\/wp-json\/wp\/v2\/users\/11"}],"replies":[{"embeddable":true,"href":"https:\/\/www.paudalho.pe.gov.br\/portal\/wp-json\/wp\/v2\/comments?post=32851"}],"version-history":[{"count":1,"href":"https:\/\/www.paudalho.pe.gov.br\/portal\/wp-json\/wp\/v2\/posts\/32851\/revisions"}],"predecessor-version":[{"id":32853,"href":"https:\/\/www.paudalho.pe.gov.br\/portal\/wp-json\/wp\/v2\/posts\/32851\/revisions\/32853"}],"wp:featuredmedia":[{"embeddable":true,"href":"https:\/\/www.paudalho.pe.gov.br\/portal\/wp-json\/wp\/v2\/media\/32852"}],"wp:attachment":[{"href":"https:\/\/www.paudalho.pe.gov.br\/portal\/wp-json\/wp\/v2\/media?parent=32851"}],"wp:term":[{"taxonomy":"category","embeddable":true,"href":"https:\/\/www.paudalho.pe.gov.br\/portal\/wp-json\/wp\/v2\/categories?post=32851"},{"taxonomy":"post_tag","embeddable":true,"href":"https:\/\/www.paudalho.pe.gov.br\/portal\/wp-json\/wp\/v2\/tags?post=32851"}],"curies":[{"name":"wp","href":"https:\/\/api.w.org\/{rel}","templated":true}]}}