{"id":32848,"date":"2024-04-03T17:25:00","date_gmt":"2024-04-03T20:25:00","guid":{"rendered":"https:\/\/www.paudalho.pe.gov.br\/portal\/?p=32848"},"modified":"2024-04-10T23:29:12","modified_gmt":"2024-04-11T02:29:12","slug":"celebrando-o-mes-de-conscientizacao-sobre-o-autismo-paudalho-realiza-ii-encontro-formativo-para-os-profissionais-de-apoio-escolar","status":"publish","type":"post","link":"https:\/\/www.paudalho.pe.gov.br\/portal\/celebrando-o-mes-de-conscientizacao-sobre-o-autismo-paudalho-realiza-ii-encontro-formativo-para-os-profissionais-de-apoio-escolar\/","title":{"rendered":"Celebrando o M\u00eas de Conscientiza\u00e7\u00e3o sobre o Autismo, Paudalho realiza II Encontro Formativo Para os Profissionais de Apoio Escolar"},"content":{"rendered":"\n<p>Neste m\u00eas \u00e9 celebrado o Abril Azul, campanha em alus\u00e3o ao Dia Mundial da Conscientiza\u00e7\u00e3o do Autismo, 2 de abril. Para qualificar ainda mais os profissionais da Rede Municipal de Ensino, a Prefeitura do Paudalho, por meio da Secretaria de Educa\u00e7\u00e3o e Esportes, realizou o II Encontro Formativo Para os Profissionais de Apoio Escolar (PAE) no dia 3 de abril.<\/p>\n\n\n\n<p>No evento foram abordados os desafios da atua\u00e7\u00e3o do Profissional de Apoio Escolar e suas atribui\u00e7\u00f5es nas escolas, al\u00e9m disso o encontro formativo contou com um momento de escuta ativa para acolher as principais d\u00favidas da categoria.<\/p>\n","protected":false},"excerpt":{"rendered":"<p>Neste m\u00eas \u00e9 celebrado o Abril Azul, campanha em alus\u00e3o ao Dia Mundial da Conscientiza\u00e7\u00e3o do Autismo, 2 de abril. Para qualificar ainda mais os profissionais da Rede Municipal de Ensino, a Prefeitura do Paudalho, por meio da Secretaria de Educa\u00e7\u00e3o e Esportes, realizou o II Encontro Formativo Para os Profissionais de Apoio Escolar (PAE) [&hellip;]<\/p>\n","protected":false},"author":11,"featured_media":32849,"comment_status":"open","ping_status":"open","sticky":false,"template":"","format":"standard","meta":{"_jetpack_newsletter_access":"","_jetpack_dont_email_post_to_subs":false,"_jetpack_newsletter_tier_id":0,"_jetpack_memberships_contains_paywalled_content":false,"_jetpack_memberships_contains_paid_content":false,"footnotes":""},"categories":[2,520,1],"tags":[1444,1435,1443,1445,106],"class_list":["post-32848","post","type-post","status-publish","format-standard","has-post-thumbnail","hentry","category-destaque","category-educacao-2","category-noticias","tag-encontro-formativo-para-os-profissionais-de-apoio-escolar","tag-formacao","tag-mes-de-conscientizacao-sobre-o-autismo","tag-profissionais-de-apoio-escolar","tag-secretaria-de-educacao"],"jetpack_featured_media_url":"https:\/\/www.paudalho.pe.gov.br\/portal\/wp-content\/uploads\/2024\/04\/WhatsApp-Image-2024-04-03-at-16.13.28.jpeg","jetpack_sharing_enabled":true,"jetpack_shortlink":"https:\/\/wp.me\/p98mS2-8xO","_links":{"self":[{"href":"https:\/\/www.paudalho.pe.gov.br\/portal\/wp-json\/wp\/v2\/posts\/32848","targetHints":{"allow":["GET"]}}],"collection":[{"href":"https:\/\/www.paudalho.pe.gov.br\/portal\/wp-json\/wp\/v2\/posts"}],"about":[{"href":"https:\/\/www.paudalho.pe.gov.br\/portal\/wp-json\/wp\/v2\/types\/post"}],"author":[{"embeddable":true,"href":"https:\/\/www.paudalho.pe.gov.br\/portal\/wp-json\/wp\/v2\/users\/11"}],"replies":[{"embeddable":true,"href":"https:\/\/www.paudalho.pe.gov.br\/portal\/wp-json\/wp\/v2\/comments?post=32848"}],"version-history":[{"count":1,"href":"https:\/\/www.paudalho.pe.gov.br\/portal\/wp-json\/wp\/v2\/posts\/32848\/revisions"}],"predecessor-version":[{"id":32850,"href":"https:\/\/www.paudalho.pe.gov.br\/portal\/wp-json\/wp\/v2\/posts\/32848\/revisions\/32850"}],"wp:featuredmedia":[{"embeddable":true,"href":"https:\/\/www.paudalho.pe.gov.br\/portal\/wp-json\/wp\/v2\/media\/32849"}],"wp:attachment":[{"href":"https:\/\/www.paudalho.pe.gov.br\/portal\/wp-json\/wp\/v2\/media?parent=32848"}],"wp:term":[{"taxonomy":"category","embeddable":true,"href":"https:\/\/www.paudalho.pe.gov.br\/portal\/wp-json\/wp\/v2\/categories?post=32848"},{"taxonomy":"post_tag","embeddable":true,"href":"https:\/\/www.paudalho.pe.gov.br\/portal\/wp-json\/wp\/v2\/tags?post=32848"}],"curies":[{"name":"wp","href":"https:\/\/api.w.org\/{rel}","templated":true}]}}