{"id":32688,"date":"2024-04-10T12:02:16","date_gmt":"2024-04-10T15:02:16","guid":{"rendered":"https:\/\/www.paudalho.pe.gov.br\/portal\/?p=32688"},"modified":"2024-04-10T12:04:27","modified_gmt":"2024-04-10T15:04:27","slug":"prefeitura-do-paudalho-realiza-dia-d-de-vacinacao-contra-gripe-neste-sabado-13","status":"publish","type":"post","link":"https:\/\/www.paudalho.pe.gov.br\/portal\/prefeitura-do-paudalho-realiza-dia-d-de-vacinacao-contra-gripe-neste-sabado-13\/","title":{"rendered":"Prefeitura do Paudalho realiza \u201cDia D\u201d de vacina\u00e7\u00e3o contra gripe neste s\u00e1bado (13)"},"content":{"rendered":"\n<p>Seguindo a agenda nacional do Minist\u00e9rio da Sa\u00fade, desde mar\u00e7o a Prefeitura do Paudalho, por meio da Secretaria de Sa\u00fade, realiza a campanha de imuniza\u00e7\u00e3o contra a Influenza. Com o objetivo de atrair mais mun\u00edcipes e como a culmin\u00e2ncia do calend\u00e1rio da campanha, neste s\u00e1bado (13), a partir das 8h, ocorre o Dia D de vacina\u00e7\u00e3o contra gripe em todas as Unidades B\u00e1sicas de Sa\u00fade.&nbsp;<\/p>\n\n\n\n<p>Nesta primeira etapa da campanha, est\u00e3o sendo vacinadas pessoas do grupo priorit\u00e1rio, sendo elas:<\/p>\n\n\n\n<ul class=\"wp-block-list\">\n<li>Pessoas idosas<\/li>\n\n\n\n<li>Trabalhadores de sa\u00fade<\/li>\n\n\n\n<li>Crian\u00e7as a partir de 6 meses e menores de 6 anos<\/li>\n\n\n\n<li>Gestantes e pu\u00e9rperas<\/li>\n\n\n\n<li>Pessoas com comorbidades e com defici\u00eancia permanente<\/li>\n\n\n\n<li>Professores<\/li>\n\n\n\n<li>Caminhoneiros<\/li>\n\n\n\n<li>Trabalhadores do transporte coletivo<\/li>\n\n\n\n<li>Trabalhadores portu\u00e1rios<\/li>\n\n\n\n<li>For\u00e7as de seguran\u00e7a e salvamento<\/li>\n\n\n\n<li>For\u00e7as armadas<\/li>\n\n\n\n<li>Povos ind\u00edgenas<\/li>\n\n\n\n<li>Pessoas em situa\u00e7\u00e3o de rua<\/li>\n\n\n\n<li>Funcion\u00e1rios do sistema prisional<\/li>\n\n\n\n<li>Popula\u00e7\u00e3o privada de liberdade e adolescentes e jovens em medidas socioeducativas (entre 12 a 21 anos)<\/li>\n<\/ul>\n\n\n\n<p>Posteriormente, a campanha ir\u00e1 englobar outros perfis, garantindo assim que todos tenham acesso \u00e0 vacina\u00e7\u00e3o. Sendo aplicada a vacina trivalente, a a\u00e7\u00e3o garante que a popula\u00e7\u00e3o estar\u00e1 protegida contra os principais v\u00edrus em circula\u00e7\u00e3o no Brasil.<\/p>\n","protected":false},"excerpt":{"rendered":"<p>Seguindo a agenda nacional do Minist\u00e9rio da Sa\u00fade, desde mar\u00e7o a Prefeitura do Paudalho, por meio da Secretaria de Sa\u00fade, realiza a campanha de imuniza\u00e7\u00e3o contra a Influenza. Com o objetivo de atrair mais mun\u00edcipes e como a culmin\u00e2ncia do calend\u00e1rio da campanha, neste s\u00e1bado (13), a partir das 8h, ocorre o Dia D de [&hellip;]<\/p>\n","protected":false},"author":11,"featured_media":32702,"comment_status":"open","ping_status":"open","sticky":false,"template":"","format":"standard","meta":{"_jetpack_newsletter_access":"","_jetpack_dont_email_post_to_subs":false,"_jetpack_newsletter_tier_id":0,"_jetpack_memberships_contains_paywalled_content":false,"_jetpack_memberships_contains_paid_content":false,"footnotes":""},"categories":[2,1,1227],"tags":[1442,16,168,314],"class_list":["post-32688","post","type-post","status-publish","format-standard","has-post-thumbnail","hentry","category-destaque","category-noticias","category-saude-2","tag-dia-d-contra-gripe","tag-saude","tag-secretaria-de-saude","tag-vacinacao"],"jetpack_featured_media_url":"https:\/\/www.paudalho.pe.gov.br\/portal\/wp-content\/uploads\/2024\/04\/Captura-de-tela-2024-04-10-120402.png","jetpack_sharing_enabled":true,"jetpack_shortlink":"https:\/\/wp.me\/p98mS2-8ve","_links":{"self":[{"href":"https:\/\/www.paudalho.pe.gov.br\/portal\/wp-json\/wp\/v2\/posts\/32688","targetHints":{"allow":["GET"]}}],"collection":[{"href":"https:\/\/www.paudalho.pe.gov.br\/portal\/wp-json\/wp\/v2\/posts"}],"about":[{"href":"https:\/\/www.paudalho.pe.gov.br\/portal\/wp-json\/wp\/v2\/types\/post"}],"author":[{"embeddable":true,"href":"https:\/\/www.paudalho.pe.gov.br\/portal\/wp-json\/wp\/v2\/users\/11"}],"replies":[{"embeddable":true,"href":"https:\/\/www.paudalho.pe.gov.br\/portal\/wp-json\/wp\/v2\/comments?post=32688"}],"version-history":[{"count":2,"href":"https:\/\/www.paudalho.pe.gov.br\/portal\/wp-json\/wp\/v2\/posts\/32688\/revisions"}],"predecessor-version":[{"id":32701,"href":"https:\/\/www.paudalho.pe.gov.br\/portal\/wp-json\/wp\/v2\/posts\/32688\/revisions\/32701"}],"wp:featuredmedia":[{"embeddable":true,"href":"https:\/\/www.paudalho.pe.gov.br\/portal\/wp-json\/wp\/v2\/media\/32702"}],"wp:attachment":[{"href":"https:\/\/www.paudalho.pe.gov.br\/portal\/wp-json\/wp\/v2\/media?parent=32688"}],"wp:term":[{"taxonomy":"category","embeddable":true,"href":"https:\/\/www.paudalho.pe.gov.br\/portal\/wp-json\/wp\/v2\/categories?post=32688"},{"taxonomy":"post_tag","embeddable":true,"href":"https:\/\/www.paudalho.pe.gov.br\/portal\/wp-json\/wp\/v2\/tags?post=32688"}],"curies":[{"name":"wp","href":"https:\/\/api.w.org\/{rel}","templated":true}]}}