{"id":3261,"date":"2018-06-28T13:57:11","date_gmt":"2018-06-28T16:57:11","guid":{"rendered":"http:\/\/www.paudalho.pe.gov.br\/portal\/?p=3261"},"modified":"2018-06-30T01:37:46","modified_gmt":"2018-06-30T04:37:46","slug":"paudalho-e-o-1o-municipio-do-interior-a-implantar-o-sistema-nacional-de-seguranca-alimentar-e-nutricional-atraves-do-comsea-e-caisan","status":"publish","type":"post","link":"https:\/\/www.paudalho.pe.gov.br\/portal\/paudalho-e-o-1o-municipio-do-interior-a-implantar-o-sistema-nacional-de-seguranca-alimentar-e-nutricional-atraves-do-comsea-e-caisan\/","title":{"rendered":"Paudalho \u00e9 o 1\u00ba Munic\u00edpio do Interior a implantar o Sistema Nacional de Seguran\u00e7a Alimentar e Nutricional atrav\u00e9s do Comsea e  Caisan"},"content":{"rendered":"<p>O direito \u00e0 alimenta\u00e7\u00e3o est\u00e1 inclu\u00eddo no Artigo 6\u00ba da Constitui\u00e7\u00e3o Federal Brasileira entre os direitos sociais individuais e coletivos de todo o brasileiro. Com o objetivo de garantir essa determina\u00e7\u00e3o, a Prefeitura do Paudalho realizou na manh\u00e3 desta quinta-feira (28) a posse do Conselho Municipal de Seguran\u00e7a Alimentar do Paudalho (Comsea) e da C\u00e2mara Municipal Intersecretaria de Seguran\u00e7a Alimentar (Caisan). Com a formaliza\u00e7\u00e3o, a cidade passa a integrar o Sistema Nacional de Seguran\u00e7a Alimentar que tem foco em a\u00e7\u00f5es de garantia do direito \u00e0 alimenta\u00e7\u00e3o e a qualidade dos produtos consumidos no Munic\u00edpio.<\/p>\n<p>Na pr\u00e1tica, o prefeito da cidade, Marcelo Gouveia, assinar\u00e1 um termo de ades\u00e3o e o Conselho e a C\u00e2mara ter\u00e3o um ano para realizar um plano de seguran\u00e7a alimentar que promover\u00e1 pol\u00edticas p\u00fablicas voltadas ao tema. Entre as a\u00e7\u00f5es, o projeto auxiliar\u00e1 na qualidade de alimentos em equipamentos p\u00fablicos, como feiras livres e escolas, al\u00e9m de promover o direito \u00e0 alimenta\u00e7\u00e3o.<\/p>\n<p>De acordo com o articulador do Sistema Nacional de Seguran\u00e7a Alimentar e Nutrional (Sisan) e representante da Universidade Federal Rural de Pernambuco (UFRPE), Reginaldo Xavier, Paudalho \u00e9 o primeiro munic\u00edpio do interior (Mata Norte, Agreste e Sert\u00e3o) a implantar o Consea e o Caisan. \u201cA gente acompanha 17 munic\u00edpios e interessante \u00e9 que Paudalho hoje consegue ser o primeiro Munic\u00edpio, entre esses, que implantou a Caisan E O Comsea ao mesmo tempo. Paudalho agora consegue se igualar a Jaboat\u00e3o, Recife e Olinda\u201d, disse.<\/p>\n<div id=\"attachment_3263\" style=\"width: 560px\" class=\"wp-caption alignnone\"><img loading=\"lazy\" decoding=\"async\" aria-describedby=\"caption-attachment-3263\" data-attachment-id=\"3263\" data-permalink=\"https:\/\/www.paudalho.pe.gov.br\/portal\/paudalho-e-o-1o-municipio-do-interior-a-implantar-o-sistema-nacional-de-seguranca-alimentar-e-nutricional-atraves-do-comsea-e-caisan\/cca994f4-08e2-4d79-a654-3ac39b1cabf0\/\" data-orig-file=\"https:\/\/www.paudalho.pe.gov.br\/portal\/wp-content\/uploads\/2018\/06\/cca994f4-08e2-4d79-a654-3ac39b1cabf0.jpg\" data-orig-size=\"1280,960\" data-comments-opened=\"1\" data-image-meta=\"{&quot;aperture&quot;:&quot;0&quot;,&quot;credit&quot;:&quot;&quot;,&quot;camera&quot;:&quot;&quot;,&quot;caption&quot;:&quot;&quot;,&quot;created_timestamp&quot;:&quot;0&quot;,&quot;copyright&quot;:&quot;&quot;,&quot;focal_length&quot;:&quot;0&quot;,&quot;iso&quot;:&quot;0&quot;,&quot;shutter_speed&quot;:&quot;0&quot;,&quot;title&quot;:&quot;&quot;,&quot;orientation&quot;:&quot;0&quot;}\" data-image-title=\"cca994f4-08e2-4d79-a654-3ac39b1cabf0\" data-image-description=\"\" data-image-caption=\"&lt;p&gt;Foto: Thales K\u00edrion &lt;\/p&gt;\n\" data-medium-file=\"https:\/\/www.paudalho.pe.gov.br\/portal\/wp-content\/uploads\/2018\/06\/cca994f4-08e2-4d79-a654-3ac39b1cabf0-350x230.jpg\" data-large-file=\"https:\/\/www.paudalho.pe.gov.br\/portal\/wp-content\/uploads\/2018\/06\/cca994f4-08e2-4d79-a654-3ac39b1cabf0-800x450.jpg\" class=\" wp-image-3263\" src=\"http:\/\/www.paudalho.pe.gov.br\/portal\/wp-content\/uploads\/2018\/06\/cca994f4-08e2-4d79-a654-3ac39b1cabf0-350x230.jpg\" alt=\"\" width=\"550\" height=\"361\" \/><p id=\"caption-attachment-3263\" class=\"wp-caption-text\">Foto: Thales K\u00edrion\/PMP<\/p><\/div>\n<h2>Entendendo o que \u00e9 o Comsea<\/h2>\n<p>O Comsea \u00e9 um espa\u00e7o institucional para o controle social e participa\u00e7\u00e3o da sociedade na formula\u00e7\u00e3o, monitoramento e avalia\u00e7\u00e3o de pol\u00edticas p\u00fablicas de seguran\u00e7a alimentar e nutricional, que visa promover a realiza\u00e7\u00e3o progressiva do Direito Humano \u00e0 Alimenta\u00e7\u00e3o Adequada, em colabora\u00e7\u00e3o com as demais inst\u00e2ncias do Sisan.<\/p>\n<p>O Conselho em Paudalho \u00e9 integrado por oito entidades da sociedade civil, dentro de diversos seguimentos entre eles: igrejas e organiza\u00e7\u00f5es n\u00e3o governamentais, al\u00e9m de quatro Secretarias Municipais (Sa\u00fade, Educa\u00e7\u00e3o, Desenvolvimento e Assist\u00eancia Social e a Secretaria Executiva de Meio Ambiente).<\/p>\n<p>A secretaria de Desenvolvimento e Assist\u00eancia Social, Valqu\u00edria Marinho, comemorou a implanta\u00e7\u00e3o. \u201cPaudalho \u00e9 hoje o \u00fanico Munic\u00edpio do Interior de Pernambuco que est\u00e1 implantando essa pol\u00edtica. N\u00f3s sabemos da necessidade, da car\u00eancia n\u00e3o s\u00f3 alimentar, mas tamb\u00e9m nutricional. Ent\u00e3o a implanta\u00e7\u00e3o da pol\u00edtica vem para fortalecer os la\u00e7os juntos com as entidades n\u00e3o governamentais que est\u00e3o compondo o Comsea, que s\u00e3o entidades muito comprometidas com a causa, com o controle social. E hoje a gente pode dizer que estamos avan\u00e7ando\u201d, destacou.<\/p>\n<div id=\"attachment_3264\" style=\"width: 561px\" class=\"wp-caption alignnone\"><img loading=\"lazy\" decoding=\"async\" aria-describedby=\"caption-attachment-3264\" data-attachment-id=\"3264\" data-permalink=\"https:\/\/www.paudalho.pe.gov.br\/portal\/paudalho-e-o-1o-municipio-do-interior-a-implantar-o-sistema-nacional-de-seguranca-alimentar-e-nutricional-atraves-do-comsea-e-caisan\/03029ec7-0b2a-4b02-8b3f-bc81b3f3ce9e\/\" data-orig-file=\"https:\/\/www.paudalho.pe.gov.br\/portal\/wp-content\/uploads\/2018\/06\/03029ec7-0b2a-4b02-8b3f-bc81b3f3ce9e.jpg\" data-orig-size=\"1280,960\" data-comments-opened=\"1\" data-image-meta=\"{&quot;aperture&quot;:&quot;0&quot;,&quot;credit&quot;:&quot;&quot;,&quot;camera&quot;:&quot;&quot;,&quot;caption&quot;:&quot;&quot;,&quot;created_timestamp&quot;:&quot;0&quot;,&quot;copyright&quot;:&quot;&quot;,&quot;focal_length&quot;:&quot;0&quot;,&quot;iso&quot;:&quot;0&quot;,&quot;shutter_speed&quot;:&quot;0&quot;,&quot;title&quot;:&quot;&quot;,&quot;orientation&quot;:&quot;0&quot;}\" data-image-title=\"03029ec7-0b2a-4b02-8b3f-bc81b3f3ce9e\" data-image-description=\"\" data-image-caption=\"&lt;p&gt;Foto: Thales K\u00edrion\/PMP&lt;\/p&gt;\n\" data-medium-file=\"https:\/\/www.paudalho.pe.gov.br\/portal\/wp-content\/uploads\/2018\/06\/03029ec7-0b2a-4b02-8b3f-bc81b3f3ce9e-350x230.jpg\" data-large-file=\"https:\/\/www.paudalho.pe.gov.br\/portal\/wp-content\/uploads\/2018\/06\/03029ec7-0b2a-4b02-8b3f-bc81b3f3ce9e-800x450.jpg\" class=\" wp-image-3264\" src=\"http:\/\/www.paudalho.pe.gov.br\/portal\/wp-content\/uploads\/2018\/06\/03029ec7-0b2a-4b02-8b3f-bc81b3f3ce9e-350x230.jpg\" alt=\"\" width=\"551\" height=\"362\" \/><p id=\"caption-attachment-3264\" class=\"wp-caption-text\">Foto: Thales K\u00edrion\/PMP<\/p><\/div>\n<p>Na solenidade, Josiane Monteiro foi empossada como presidente do Comsea. Para ela, a atua\u00e7\u00e3o do Conselho vai melhorar a qualidade de vida dos paudalhenses. \u201cA pr\u00e1tica desse conselho ela perpassa por entre seguimentos diversos que diretamente\u00a0estar\u00e3o discutindo e construindo a pol\u00edtica de seguran\u00e7a alimentar do Munic\u00edpio do Paudalho dentro da perspectiva n\u00e3o apenas da fome, mas dentro do olhar das linhas de produ\u00e7\u00e3o, de comercializa\u00e7\u00e3o, at\u00e9 chegar ao consumidor final. Isso vai melhorar a qualidade de vida dos nossos mun\u00edcipes\u201d, avaliou.<\/p>\n<div id=\"attachment_3265\" style=\"width: 560px\" class=\"wp-caption alignnone\"><img loading=\"lazy\" decoding=\"async\" aria-describedby=\"caption-attachment-3265\" data-attachment-id=\"3265\" data-permalink=\"https:\/\/www.paudalho.pe.gov.br\/portal\/paudalho-e-o-1o-municipio-do-interior-a-implantar-o-sistema-nacional-de-seguranca-alimentar-e-nutricional-atraves-do-comsea-e-caisan\/83e07590-c56a-497d-9dbb-d2fec6201047\/\" data-orig-file=\"https:\/\/www.paudalho.pe.gov.br\/portal\/wp-content\/uploads\/2018\/06\/83e07590-c56a-497d-9dbb-d2fec6201047.jpg\" data-orig-size=\"1280,960\" data-comments-opened=\"1\" data-image-meta=\"{&quot;aperture&quot;:&quot;0&quot;,&quot;credit&quot;:&quot;&quot;,&quot;camera&quot;:&quot;&quot;,&quot;caption&quot;:&quot;&quot;,&quot;created_timestamp&quot;:&quot;0&quot;,&quot;copyright&quot;:&quot;&quot;,&quot;focal_length&quot;:&quot;0&quot;,&quot;iso&quot;:&quot;0&quot;,&quot;shutter_speed&quot;:&quot;0&quot;,&quot;title&quot;:&quot;&quot;,&quot;orientation&quot;:&quot;0&quot;}\" data-image-title=\"83e07590-c56a-497d-9dbb-d2fec6201047\" data-image-description=\"\" data-image-caption=\"&lt;p&gt;Na foto, a presidente do Comsea, Josiane Monteiro com a secret\u00e1ria de Desenvolvimento e Assist\u00eancia Social, Valqu\u00edria Marinho. &lt;\/p&gt;\n&lt;p&gt;Foto: Thales K\u00edrion&lt;\/p&gt;\n\" data-medium-file=\"https:\/\/www.paudalho.pe.gov.br\/portal\/wp-content\/uploads\/2018\/06\/83e07590-c56a-497d-9dbb-d2fec6201047-350x230.jpg\" data-large-file=\"https:\/\/www.paudalho.pe.gov.br\/portal\/wp-content\/uploads\/2018\/06\/83e07590-c56a-497d-9dbb-d2fec6201047-800x450.jpg\" class=\" wp-image-3265\" src=\"http:\/\/www.paudalho.pe.gov.br\/portal\/wp-content\/uploads\/2018\/06\/83e07590-c56a-497d-9dbb-d2fec6201047-350x230.jpg\" alt=\"\" width=\"550\" height=\"361\" \/><p id=\"caption-attachment-3265\" class=\"wp-caption-text\">Na foto, a presidente do Comsea, Josiane Monteiro com a secret\u00e1ria de Desenvolvimento e Assist\u00eancia Social, Valqu\u00edria Marinho.<br \/>Foto: Thales K\u00edrion<\/p><\/div>\n<p><strong>Ou\u00e7a os detalhes no flash de Thales K\u00edrion:<\/strong><\/p>\n<!--[if lt IE 9]><script>document.createElement('audio');<\/script><![endif]-->\n<audio class=\"wp-audio-shortcode\" id=\"audio-3261-1\" preload=\"none\" style=\"width: 100%;\" controls=\"controls\"><source type=\"audio\/mpeg\" src=\"http:\/\/www.paudalho.pe.gov.br\/portal\/wp-content\/uploads\/2018\/06\/WhatsApp-Audio-2018-06-28-at-1.43.07-PM-online-audio-converter.com_.mp3?_=1\" \/><a href=\"http:\/\/www.paudalho.pe.gov.br\/portal\/wp-content\/uploads\/2018\/06\/WhatsApp-Audio-2018-06-28-at-1.43.07-PM-online-audio-converter.com_.mp3\">http:\/\/www.paudalho.pe.gov.br\/portal\/wp-content\/uploads\/2018\/06\/WhatsApp-Audio-2018-06-28-at-1.43.07-PM-online-audio-converter.com_.mp3<\/a><\/audio>\n<p>&nbsp;<\/p>\n<p>&nbsp;<\/p>\n","protected":false},"excerpt":{"rendered":"<p>O direito \u00e0 alimenta\u00e7\u00e3o est\u00e1 inclu\u00eddo no Artigo 6\u00ba da Constitui\u00e7\u00e3o Federal Brasileira entre os direitos sociais individuais e coletivos de todo o brasileiro. Com o objetivo de garantir essa determina\u00e7\u00e3o, a Prefeitura do Paudalho realizou na manh\u00e3 desta quinta-feira (28) a posse do Conselho Municipal de Seguran\u00e7a Alimentar do Paudalho (Comsea) e da C\u00e2mara [&hellip;]<\/p>\n","protected":false},"author":4,"featured_media":3267,"comment_status":"open","ping_status":"open","sticky":false,"template":"","format":"standard","meta":{"_jetpack_newsletter_access":"","_jetpack_dont_email_post_to_subs":false,"_jetpack_newsletter_tier_id":0,"_jetpack_memberships_contains_paywalled_content":false,"_jetpack_memberships_contains_paid_content":false,"footnotes":""},"categories":[2,1],"tags":[334,333,181,22,332],"class_list":["post-3261","post","type-post","status-publish","format-standard","has-post-thumbnail","hentry","category-destaque","category-noticias","tag-caisan","tag-comsea","tag-posse","tag-prefeitura-do-paudalho","tag-sisan"],"jetpack_featured_media_url":"https:\/\/www.paudalho.pe.gov.br\/portal\/wp-content\/uploads\/2018\/06\/99d268a8-6bd7-4dde-af27-60e80a70366b.jpg","jetpack_sharing_enabled":true,"jetpack_shortlink":"https:\/\/wp.me\/p98mS2-QB","_links":{"self":[{"href":"https:\/\/www.paudalho.pe.gov.br\/portal\/wp-json\/wp\/v2\/posts\/3261","targetHints":{"allow":["GET"]}}],"collection":[{"href":"https:\/\/www.paudalho.pe.gov.br\/portal\/wp-json\/wp\/v2\/posts"}],"about":[{"href":"https:\/\/www.paudalho.pe.gov.br\/portal\/wp-json\/wp\/v2\/types\/post"}],"author":[{"embeddable":true,"href":"https:\/\/www.paudalho.pe.gov.br\/portal\/wp-json\/wp\/v2\/users\/4"}],"replies":[{"embeddable":true,"href":"https:\/\/www.paudalho.pe.gov.br\/portal\/wp-json\/wp\/v2\/comments?post=3261"}],"version-history":[{"count":5,"href":"https:\/\/www.paudalho.pe.gov.br\/portal\/wp-json\/wp\/v2\/posts\/3261\/revisions"}],"predecessor-version":[{"id":3273,"href":"https:\/\/www.paudalho.pe.gov.br\/portal\/wp-json\/wp\/v2\/posts\/3261\/revisions\/3273"}],"wp:featuredmedia":[{"embeddable":true,"href":"https:\/\/www.paudalho.pe.gov.br\/portal\/wp-json\/wp\/v2\/media\/3267"}],"wp:attachment":[{"href":"https:\/\/www.paudalho.pe.gov.br\/portal\/wp-json\/wp\/v2\/media?parent=3261"}],"wp:term":[{"taxonomy":"category","embeddable":true,"href":"https:\/\/www.paudalho.pe.gov.br\/portal\/wp-json\/wp\/v2\/categories?post=3261"},{"taxonomy":"post_tag","embeddable":true,"href":"https:\/\/www.paudalho.pe.gov.br\/portal\/wp-json\/wp\/v2\/tags?post=3261"}],"curies":[{"name":"wp","href":"https:\/\/api.w.org\/{rel}","templated":true}]}}