{"id":32514,"date":"2024-04-02T09:25:11","date_gmt":"2024-04-02T12:25:11","guid":{"rendered":"https:\/\/www.paudalho.pe.gov.br\/portal\/?p=32514"},"modified":"2024-04-02T09:25:11","modified_gmt":"2024-04-02T12:25:11","slug":"com-atendimento-ao-empreendedor-e-dia-do-descarte-consciente-prefeitura-do-paudalho-realiza-evento-sedemaq-em-acao-em-cha-de-cruz","status":"publish","type":"post","link":"https:\/\/www.paudalho.pe.gov.br\/portal\/com-atendimento-ao-empreendedor-e-dia-do-descarte-consciente-prefeitura-do-paudalho-realiza-evento-sedemaq-em-acao-em-cha-de-cruz\/","title":{"rendered":"Com atendimento ao empreendedor e dia do descarte consciente, Prefeitura do Paudalho realiza evento SEDEMAQ em A\u00e7\u00e3o em Ch\u00e3 de Cruz"},"content":{"rendered":"\n<p>Neste s\u00e1bado (6) a Prefeitura do Paudalho, por meio da Secretaria de Desenvolvimento Econ\u00f4mico, Meio Ambiente e Qualifica\u00e7\u00e3o Profissional, realiza a SEDEMAQ em A\u00e7\u00e3o. Com a\u00e7\u00f5es que envolvem tanto a sustentabilidade como o desenvolvimento econ\u00f4mico, a partir das 8h30, a Pasta efetua o Dia do Descarte Consciente e a Sala do Empreendedor Itinerante na Pra\u00e7a Recreio Cambuim, em Ch\u00e3 de Cruz.<\/p>\n\n\n\n<p>Apoiando os empreendedores do munic\u00edpio, a Sala do Empreendedor ir\u00e1 oferecer atendimento de formaliza\u00e7\u00e3o, emiss\u00e3o de documentos, entre outros servi\u00e7os. Com essa iniciativa, a Sala do Empreendedor de Paudalho chega mais perto dos empreendedores locais com oferta dos diversos servi\u00e7os gratuitos que disp\u00f5e.<\/p>\n\n\n\n<p>E, com o objetivo de conscientizar a popula\u00e7\u00e3o, em parceria com a Cooperativa de Catadores de Materiais Recicl\u00e1veis de Paudalho (Coopcapa), durante o evento ir\u00e1 ocorrer o recolhimento de res\u00edduos s\u00f3lidos recicl\u00e1veis, onde a popula\u00e7\u00e3o poder\u00e1 entregar materiais como pl\u00e1sticos, metais, papel e vidro.<\/p>\n","protected":false},"excerpt":{"rendered":"<p>Neste s\u00e1bado (6) a Prefeitura do Paudalho, por meio da Secretaria de Desenvolvimento Econ\u00f4mico, Meio Ambiente e Qualifica\u00e7\u00e3o Profissional, realiza a SEDEMAQ em A\u00e7\u00e3o. Com a\u00e7\u00f5es que envolvem tanto a sustentabilidade como o desenvolvimento econ\u00f4mico, a partir das 8h30, a Pasta efetua o Dia do Descarte Consciente e a Sala do Empreendedor Itinerante na Pra\u00e7a [&hellip;]<\/p>\n","protected":false},"author":11,"featured_media":32515,"comment_status":"open","ping_status":"open","sticky":false,"template":"","format":"standard","meta":{"_jetpack_newsletter_access":"","_jetpack_dont_email_post_to_subs":false,"_jetpack_newsletter_tier_id":0,"_jetpack_memberships_contains_paywalled_content":false,"_jetpack_memberships_contains_paid_content":false,"footnotes":""},"categories":[2,42,765,1,753,746],"tags":[139,1276,754,1438],"class_list":["post-32514","post","type-post","status-publish","format-standard","has-post-thumbnail","hentry","category-destaque","category-economia","category-meio-ambiente","category-noticias","category-qualificacao-profissional","category-sustentabilidade","tag-sala-do-empreendedor","tag-secretaria-de-desenvolvimento-economico","tag-sedemaq","tag-sedemaq-em-acao"],"jetpack_featured_media_url":"https:\/\/www.paudalho.pe.gov.br\/portal\/wp-content\/uploads\/2024\/04\/PMP_SEDEMAQ_4.png","jetpack_sharing_enabled":true,"jetpack_shortlink":"https:\/\/wp.me\/p98mS2-8sq","_links":{"self":[{"href":"https:\/\/www.paudalho.pe.gov.br\/portal\/wp-json\/wp\/v2\/posts\/32514","targetHints":{"allow":["GET"]}}],"collection":[{"href":"https:\/\/www.paudalho.pe.gov.br\/portal\/wp-json\/wp\/v2\/posts"}],"about":[{"href":"https:\/\/www.paudalho.pe.gov.br\/portal\/wp-json\/wp\/v2\/types\/post"}],"author":[{"embeddable":true,"href":"https:\/\/www.paudalho.pe.gov.br\/portal\/wp-json\/wp\/v2\/users\/11"}],"replies":[{"embeddable":true,"href":"https:\/\/www.paudalho.pe.gov.br\/portal\/wp-json\/wp\/v2\/comments?post=32514"}],"version-history":[{"count":1,"href":"https:\/\/www.paudalho.pe.gov.br\/portal\/wp-json\/wp\/v2\/posts\/32514\/revisions"}],"predecessor-version":[{"id":32516,"href":"https:\/\/www.paudalho.pe.gov.br\/portal\/wp-json\/wp\/v2\/posts\/32514\/revisions\/32516"}],"wp:featuredmedia":[{"embeddable":true,"href":"https:\/\/www.paudalho.pe.gov.br\/portal\/wp-json\/wp\/v2\/media\/32515"}],"wp:attachment":[{"href":"https:\/\/www.paudalho.pe.gov.br\/portal\/wp-json\/wp\/v2\/media?parent=32514"}],"wp:term":[{"taxonomy":"category","embeddable":true,"href":"https:\/\/www.paudalho.pe.gov.br\/portal\/wp-json\/wp\/v2\/categories?post=32514"},{"taxonomy":"post_tag","embeddable":true,"href":"https:\/\/www.paudalho.pe.gov.br\/portal\/wp-json\/wp\/v2\/tags?post=32514"}],"curies":[{"name":"wp","href":"https:\/\/api.w.org\/{rel}","templated":true}]}}