{"id":32501,"date":"2024-03-27T12:09:31","date_gmt":"2024-03-27T15:09:31","guid":{"rendered":"https:\/\/www.paudalho.pe.gov.br\/portal\/?p=32501"},"modified":"2024-03-27T12:13:39","modified_gmt":"2024-03-27T15:13:39","slug":"paudalho-realiza-formacao-gratuita-sobre-corpo-e-ancestralidade-a-danca-na-perspectiva-afrocentrada","status":"publish","type":"post","link":"https:\/\/www.paudalho.pe.gov.br\/portal\/paudalho-realiza-formacao-gratuita-sobre-corpo-e-ancestralidade-a-danca-na-perspectiva-afrocentrada\/","title":{"rendered":"Paudalho realiza forma\u00e7\u00e3o gratuita sobre Corpo e Ancestralidade: A dan\u00e7a na perspectiva afrocentrada"},"content":{"rendered":"\n<p>A Prefeitura de Paudalho abre as inscri\u00e7\u00f5es para a forma\u00e7\u00e3o de dan\u00e7a Corpo e Ancestralidade: A dan\u00e7a na perspectiva afrocentrada. A forma\u00e7\u00e3o \u00e9 realizada atrav\u00e9s da Secretaria de Cultura, Turismo, Lazer e Juventude (SecultJuv) do munic\u00edpio, por meio da Casa das Juventudes e em parceria com a Ger\u00eancia de A\u00e7\u00f5es Culturais de Pernambuco (GAC).<\/p>\n\n\n\n<p>As inscri\u00e7\u00f5es v\u00e3o at\u00e9 dia 1\u00ba de abril e podem ser realizadas via <a href=\"https:\/\/docs.google.com\/forms\/d\/e\/1FAIpQLSe9eg_HK5wU6dePqqR_0-nHt5mfk0587MLoqRpqj27KFvpgKQ\/viewform\" data-type=\"link\" data-id=\"https:\/\/docs.google.com\/forms\/d\/e\/1FAIpQLSe9eg_HK5wU6dePqqR_0-nHt5mfk0587MLoqRpqj27KFvpgKQ\/viewform\">link<\/a> ou presencialmente na Casa das Juventudes, localizada no Alto do Cruzeiro, em Paudalho-PE. A Casa fica aberta de segunda a sexta-feira, das 8h \u00e0s 16h.<\/p>\n\n\n\n<p>A forma\u00e7\u00e3o tem data marcada para o dia 4 de abril, a partir das 13h, na sede da Casa das Juventudes, e conta com declara\u00e7\u00e3o. A ministra\u00e7\u00e3o da aula ficar\u00e1 por conta da professora e supervisora de dan\u00e7a da GAC, Helaynne Sampaio.<\/p>\n\n\n\n<p>Autora do livro &#8220;Dan\u00e7a Nag\u00f4: heran\u00e7a ancestral e resist\u00eancia matriarcal do Bal\u00e9 Nag\u00f4 Aj\u00f4, corpo que dan\u00e7a Afox\u00e9 Oy\u00e1 Alax\u00e9&#8221;, Helaynne Sampaio \u00e9 formada em licenciatura de Dan\u00e7a e mestranda em Educa\u00e7\u00e3o Contempor\u00e2nea, ambas forma\u00e7\u00f5es pela Universidade Federal de Pernambuco (UFPE). Al\u00e9m disso, a professora \u00e9 diretora de dan\u00e7a, bailarinanag\u00f4, fundadora do Bal\u00e9 Nag\u00f4 Aj\u00f4 e idealizadora da Il\u00e9 \u00c8k\u00f3 Aj\u00f4 Nag\u00f4, a primeira escola de dan\u00e7a nag\u00f4 em Recife.<\/p>\n\n\n\n<p>Servi\u00e7o:<\/p>\n\n\n\n<p>Forma\u00e7\u00e3o de dan\u00e7a Corpo e Ancestralidade: A dan\u00e7a na perspectiva afrocentrada<\/p>\n\n\n\n<p>Local: Casa das Juventudes, Alto do Cruzeiro<\/p>\n\n\n\n<p>Hor\u00e1rio: 13h<\/p>\n\n\n\n<p>Data: 4 de abril<\/p>\n\n\n\n<p>Link de inscri\u00e7\u00e3o: <a href=\"https:\/\/docs.google.com\/forms\/d\/e\/1FAIpQLSe9eg_HK5wU6dePqqR_0-nHt5mfk0587MLoqRpqj27KFvpgKQ\/viewform\">https:\/\/docs.google.com\/forms\/d\/e\/1FAIpQLSe9eg_HK5wU6dePqqR_0-nHt5mfk0587MLoqRpqj27KFvpgKQ\/viewform<\/a><\/p>\n","protected":false},"excerpt":{"rendered":"<p>A Prefeitura de Paudalho abre as inscri\u00e7\u00f5es para a forma\u00e7\u00e3o de dan\u00e7a Corpo e Ancestralidade: A dan\u00e7a na perspectiva afrocentrada. A forma\u00e7\u00e3o \u00e9 realizada atrav\u00e9s da Secretaria de Cultura, Turismo, Lazer e Juventude (SecultJuv) do munic\u00edpio, por meio da Casa das Juventudes e em parceria com a Ger\u00eancia de A\u00e7\u00f5es Culturais de Pernambuco (GAC). As [&hellip;]<\/p>\n","protected":false},"author":11,"featured_media":32503,"comment_status":"open","ping_status":"open","sticky":false,"template":"","format":"standard","meta":{"_jetpack_newsletter_access":"","_jetpack_dont_email_post_to_subs":false,"_jetpack_newsletter_tier_id":0,"_jetpack_memberships_contains_paywalled_content":false,"_jetpack_memberships_contains_paid_content":false,"footnotes":""},"categories":[6,2,1],"tags":[816,1435,196],"class_list":["post-32501","post","type-post","status-publish","format-standard","has-post-thumbnail","hentry","category-cultura","category-destaque","category-noticias","tag-casa-das-juventudes","tag-formacao","tag-secretaria-de-cultura"],"jetpack_featured_media_url":"https:\/\/www.paudalho.pe.gov.br\/portal\/wp-content\/uploads\/2024\/03\/CARD-FORMACAO-DE-DANCA-.jpg","jetpack_sharing_enabled":true,"jetpack_shortlink":"https:\/\/wp.me\/p98mS2-8sd","_links":{"self":[{"href":"https:\/\/www.paudalho.pe.gov.br\/portal\/wp-json\/wp\/v2\/posts\/32501","targetHints":{"allow":["GET"]}}],"collection":[{"href":"https:\/\/www.paudalho.pe.gov.br\/portal\/wp-json\/wp\/v2\/posts"}],"about":[{"href":"https:\/\/www.paudalho.pe.gov.br\/portal\/wp-json\/wp\/v2\/types\/post"}],"author":[{"embeddable":true,"href":"https:\/\/www.paudalho.pe.gov.br\/portal\/wp-json\/wp\/v2\/users\/11"}],"replies":[{"embeddable":true,"href":"https:\/\/www.paudalho.pe.gov.br\/portal\/wp-json\/wp\/v2\/comments?post=32501"}],"version-history":[{"count":2,"href":"https:\/\/www.paudalho.pe.gov.br\/portal\/wp-json\/wp\/v2\/posts\/32501\/revisions"}],"predecessor-version":[{"id":32504,"href":"https:\/\/www.paudalho.pe.gov.br\/portal\/wp-json\/wp\/v2\/posts\/32501\/revisions\/32504"}],"wp:featuredmedia":[{"embeddable":true,"href":"https:\/\/www.paudalho.pe.gov.br\/portal\/wp-json\/wp\/v2\/media\/32503"}],"wp:attachment":[{"href":"https:\/\/www.paudalho.pe.gov.br\/portal\/wp-json\/wp\/v2\/media?parent=32501"}],"wp:term":[{"taxonomy":"category","embeddable":true,"href":"https:\/\/www.paudalho.pe.gov.br\/portal\/wp-json\/wp\/v2\/categories?post=32501"},{"taxonomy":"post_tag","embeddable":true,"href":"https:\/\/www.paudalho.pe.gov.br\/portal\/wp-json\/wp\/v2\/tags?post=32501"}],"curies":[{"name":"wp","href":"https:\/\/api.w.org\/{rel}","templated":true}]}}