{"id":32425,"date":"2024-03-22T11:19:37","date_gmt":"2024-03-22T14:19:37","guid":{"rendered":"https:\/\/www.paudalho.pe.gov.br\/portal\/?p=32425"},"modified":"2025-01-08T00:38:13","modified_gmt":"2025-01-08T03:38:13","slug":"em-17a-edicao-paudalho-recebe-o-tradicional-paixao-do-monte-da-fe-na-proxima-quarta-quinta-e-sexta-feira-27-28-e-29","status":"publish","type":"post","link":"https:\/\/www.paudalho.pe.gov.br\/portal\/em-17a-edicao-paudalho-recebe-o-tradicional-paixao-do-monte-da-fe-na-proxima-quarta-quinta-e-sexta-feira-27-28-e-29\/","title":{"rendered":"Em 17\u00aa edi\u00e7\u00e3o, Paudalho recebe o tradicional Paix\u00e3o do Monte da F\u00e9 na pr\u00f3xima quarta, quinta e sexta-feira (27, 28 e 29)"},"content":{"rendered":"\n<p>Arte e religi\u00e3o se encontram no tradicional espet\u00e1culo teatral Paix\u00e3o do Monte da F\u00e9 de Paudalho, considerado o maior teatro ao ar livre da Zona da Mata Norte. Em sua 17\u00aa edi\u00e7\u00e3o, a pe\u00e7a teatral ir\u00e1 retratar toda a trajet\u00f3ria de Jesus at\u00e9 a sua ressurrei\u00e7\u00e3o em tr\u00eas dias de evento, que ocorre na pr\u00f3xima quarta, quinta e sexta-feira (27, 28 e 29), a partir das 19h30, no palco especial do Monte da F\u00e9, na Pra\u00e7a da Vila Asa Branca, em Paudalho-PE.<\/p>\n\n\n\n<p>O espet\u00e1culo tem como lema &#8220;A Paix\u00e3o mais perto de voc\u00ea&#8221; e conta com mais de 200 participantes entre elenco principal, figurantes e produ\u00e7\u00e3o. Afim de fomentar a produ\u00e7\u00e3o cultural no munic\u00edpio, a equipe \u00e9 composta majoritariamente por paudalhenses.<\/p>\n\n\n\n<p>O espet\u00e1culo \u00e9 polo no Ciclo das Paix\u00f5es de Pernambuco e destaque na Zona da Mata Norte, sendo realizado com o apoio da Prefeitura do Paudalho, Governo do Estado de Pernambuco e Funda\u00e7\u00e3o do Patrim\u00f4nio Hist\u00f3rico e Art\u00edstico de Pernambuco (FUNDARPE), atrav\u00e9s do 15\u00ba Concurso Pernambuco de Todas as Paix\u00f5es.<\/p>\n\n\n\n<p>O local de apresenta\u00e7\u00e3o \u00e9 um palco natural, envolto por pedras, que traz para as 14 cenas interpretadas, junto com o cen\u00e1rio detalhadamente planejado e efeitos pr\u00e1ticos ao vivo, toda a ambienta\u00e7\u00e3o do per\u00edodo da vinda do Messias.<\/p>\n\n\n\n<figure class=\"wp-block-gallery has-nested-images columns-default is-cropped wp-block-gallery-1 is-layout-flex wp-block-gallery-is-layout-flex\">\n<figure class=\"wp-block-image size-large\"><img loading=\"lazy\" decoding=\"async\" width=\"800\" height=\"450\" data-attachment-id=\"32427\" data-permalink=\"https:\/\/www.paudalho.pe.gov.br\/portal\/em-17a-edicao-paudalho-recebe-o-tradicional-paixao-do-monte-da-fe-na-proxima-quarta-quinta-e-sexta-feira-27-28-e-29\/paixao-monte-da-fe-4\/\" data-orig-file=\"https:\/\/www.paudalho.pe.gov.br\/portal\/wp-content\/uploads\/2024\/03\/PAIXAO-MONTE-DA-FE-4.jpeg\" data-orig-size=\"1280,853\" data-comments-opened=\"1\" data-image-meta=\"{&quot;aperture&quot;:&quot;0&quot;,&quot;credit&quot;:&quot;&quot;,&quot;camera&quot;:&quot;&quot;,&quot;caption&quot;:&quot;&quot;,&quot;created_timestamp&quot;:&quot;0&quot;,&quot;copyright&quot;:&quot;&quot;,&quot;focal_length&quot;:&quot;0&quot;,&quot;iso&quot;:&quot;0&quot;,&quot;shutter_speed&quot;:&quot;0&quot;,&quot;title&quot;:&quot;&quot;,&quot;orientation&quot;:&quot;0&quot;}\" data-image-title=\"PAIX\u00c3O MONTE DA F\u00c9 (4)\" data-image-description=\"\" data-image-caption=\"&lt;p&gt;Cr\u00e9dito: Josu\u00e9 J\u00fanior\/PMP&lt;\/p&gt;\n\" data-medium-file=\"https:\/\/www.paudalho.pe.gov.br\/portal\/wp-content\/uploads\/2024\/03\/PAIXAO-MONTE-DA-FE-4-350x230.jpeg\" data-large-file=\"https:\/\/www.paudalho.pe.gov.br\/portal\/wp-content\/uploads\/2024\/03\/PAIXAO-MONTE-DA-FE-4-800x450.jpeg\" data-id=\"32427\" src=\"https:\/\/www.paudalho.pe.gov.br\/portal\/wp-content\/uploads\/2024\/03\/PAIXAO-MONTE-DA-FE-4-800x450.jpeg\" alt=\"\" class=\"wp-image-32427\"\/><figcaption class=\"wp-element-caption\">Cr\u00e9dito: Josu\u00e9 J\u00fanior\/PMP<\/figcaption><\/figure>\n\n\n\n<figure class=\"wp-block-image size-large\"><img loading=\"lazy\" decoding=\"async\" width=\"800\" height=\"450\" data-attachment-id=\"32428\" data-permalink=\"https:\/\/www.paudalho.pe.gov.br\/portal\/em-17a-edicao-paudalho-recebe-o-tradicional-paixao-do-monte-da-fe-na-proxima-quarta-quinta-e-sexta-feira-27-28-e-29\/paixao-monte-da-fe-2\/\" data-orig-file=\"https:\/\/www.paudalho.pe.gov.br\/portal\/wp-content\/uploads\/2024\/03\/PAIXAO-MONTE-DA-FE-2.jpeg\" data-orig-size=\"1280,853\" data-comments-opened=\"1\" data-image-meta=\"{&quot;aperture&quot;:&quot;0&quot;,&quot;credit&quot;:&quot;&quot;,&quot;camera&quot;:&quot;&quot;,&quot;caption&quot;:&quot;&quot;,&quot;created_timestamp&quot;:&quot;0&quot;,&quot;copyright&quot;:&quot;&quot;,&quot;focal_length&quot;:&quot;0&quot;,&quot;iso&quot;:&quot;0&quot;,&quot;shutter_speed&quot;:&quot;0&quot;,&quot;title&quot;:&quot;&quot;,&quot;orientation&quot;:&quot;0&quot;}\" data-image-title=\"PAIX\u00c3O MONTE DA F\u00c9 (2)\" data-image-description=\"\" data-image-caption=\"&lt;p&gt;Cr\u00e9dito: Josu\u00e9 J\u00fanior\/PMP&lt;\/p&gt;\n\" data-medium-file=\"https:\/\/www.paudalho.pe.gov.br\/portal\/wp-content\/uploads\/2024\/03\/PAIXAO-MONTE-DA-FE-2-350x230.jpeg\" data-large-file=\"https:\/\/www.paudalho.pe.gov.br\/portal\/wp-content\/uploads\/2024\/03\/PAIXAO-MONTE-DA-FE-2-800x450.jpeg\" data-id=\"32428\" src=\"https:\/\/www.paudalho.pe.gov.br\/portal\/wp-content\/uploads\/2024\/03\/PAIXAO-MONTE-DA-FE-2-800x450.jpeg\" alt=\"\" class=\"wp-image-32428\"\/><figcaption class=\"wp-element-caption\">Cr\u00e9dito: Josu\u00e9 J\u00fanior\/PMP<\/figcaption><\/figure>\n\n\n\n<figure class=\"wp-block-image size-large\"><img loading=\"lazy\" decoding=\"async\" width=\"800\" height=\"450\" data-attachment-id=\"32429\" data-permalink=\"https:\/\/www.paudalho.pe.gov.br\/portal\/em-17a-edicao-paudalho-recebe-o-tradicional-paixao-do-monte-da-fe-na-proxima-quarta-quinta-e-sexta-feira-27-28-e-29\/paixao-monte-da-fe-3\/\" data-orig-file=\"https:\/\/www.paudalho.pe.gov.br\/portal\/wp-content\/uploads\/2024\/03\/PAIXAO-MONTE-DA-FE-3.jpeg\" data-orig-size=\"1280,853\" data-comments-opened=\"1\" data-image-meta=\"{&quot;aperture&quot;:&quot;0&quot;,&quot;credit&quot;:&quot;&quot;,&quot;camera&quot;:&quot;&quot;,&quot;caption&quot;:&quot;&quot;,&quot;created_timestamp&quot;:&quot;0&quot;,&quot;copyright&quot;:&quot;&quot;,&quot;focal_length&quot;:&quot;0&quot;,&quot;iso&quot;:&quot;0&quot;,&quot;shutter_speed&quot;:&quot;0&quot;,&quot;title&quot;:&quot;&quot;,&quot;orientation&quot;:&quot;0&quot;}\" data-image-title=\"PAIX\u00c3O MONTE DA F\u00c9 (3)\" data-image-description=\"\" data-image-caption=\"&lt;p&gt;Cr\u00e9dito: Josu\u00e9 J\u00fanior\/PMP&lt;\/p&gt;\n\" data-medium-file=\"https:\/\/www.paudalho.pe.gov.br\/portal\/wp-content\/uploads\/2024\/03\/PAIXAO-MONTE-DA-FE-3-350x230.jpeg\" data-large-file=\"https:\/\/www.paudalho.pe.gov.br\/portal\/wp-content\/uploads\/2024\/03\/PAIXAO-MONTE-DA-FE-3-800x450.jpeg\" data-id=\"32429\" src=\"https:\/\/www.paudalho.pe.gov.br\/portal\/wp-content\/uploads\/2024\/03\/PAIXAO-MONTE-DA-FE-3-800x450.jpeg\" alt=\"\" class=\"wp-image-32429\"\/><figcaption class=\"wp-element-caption\">Cr\u00e9dito: Josu\u00e9 J\u00fanior\/PMP<\/figcaption><\/figure>\n<\/figure>\n","protected":false},"excerpt":{"rendered":"<p>Arte e religi\u00e3o se encontram no tradicional espet\u00e1culo teatral Paix\u00e3o do Monte da F\u00e9 de Paudalho, considerado o maior teatro ao ar livre da Zona da Mata Norte. Em sua 17\u00aa edi\u00e7\u00e3o, a pe\u00e7a teatral ir\u00e1 retratar toda a trajet\u00f3ria de Jesus at\u00e9 a sua ressurrei\u00e7\u00e3o em tr\u00eas dias de evento, que ocorre na pr\u00f3xima [&hellip;]<\/p>\n","protected":false},"author":10,"featured_media":32426,"comment_status":"open","ping_status":"open","sticky":false,"template":"","format":"standard","meta":{"_jetpack_newsletter_access":"","_jetpack_dont_email_post_to_subs":false,"_jetpack_newsletter_tier_id":0,"_jetpack_memberships_contains_paywalled_content":false,"_jetpack_memberships_contains_paid_content":false,"footnotes":""},"categories":[6,1184,2,1],"tags":[68,469,1342,1430,468,1161,14,1340,22,238,1341,1334],"class_list":["post-32425","post","type-post","status-publish","format-standard","has-post-thumbnail","hentry","category-cultura","category-cultura-2","category-destaque","category-noticias","tag-cultura","tag-monte-da-fe","tag-movimento-teatral-do-paudalho","tag-movimento-teatral-do-paudalho-mtp","tag-paixao-de-cristo","tag-paixao-do-monte-da-fe","tag-paudalho","tag-peca-teatral","tag-prefeitura-do-paudalho","tag-secretaria-de-cultura-e-turismo","tag-teatro","tag-teatro-ao-ar-livre"],"jetpack_featured_media_url":"https:\/\/www.paudalho.pe.gov.br\/portal\/wp-content\/uploads\/2024\/03\/PAIXAO-MONTE-DA-FE.jpeg","jetpack_sharing_enabled":true,"jetpack_shortlink":"https:\/\/wp.me\/p98mS2-8qZ","_links":{"self":[{"href":"https:\/\/www.paudalho.pe.gov.br\/portal\/wp-json\/wp\/v2\/posts\/32425","targetHints":{"allow":["GET"]}}],"collection":[{"href":"https:\/\/www.paudalho.pe.gov.br\/portal\/wp-json\/wp\/v2\/posts"}],"about":[{"href":"https:\/\/www.paudalho.pe.gov.br\/portal\/wp-json\/wp\/v2\/types\/post"}],"author":[{"embeddable":true,"href":"https:\/\/www.paudalho.pe.gov.br\/portal\/wp-json\/wp\/v2\/users\/10"}],"replies":[{"embeddable":true,"href":"https:\/\/www.paudalho.pe.gov.br\/portal\/wp-json\/wp\/v2\/comments?post=32425"}],"version-history":[{"count":1,"href":"https:\/\/www.paudalho.pe.gov.br\/portal\/wp-json\/wp\/v2\/posts\/32425\/revisions"}],"predecessor-version":[{"id":32430,"href":"https:\/\/www.paudalho.pe.gov.br\/portal\/wp-json\/wp\/v2\/posts\/32425\/revisions\/32430"}],"wp:featuredmedia":[{"embeddable":true,"href":"https:\/\/www.paudalho.pe.gov.br\/portal\/wp-json\/wp\/v2\/media\/32426"}],"wp:attachment":[{"href":"https:\/\/www.paudalho.pe.gov.br\/portal\/wp-json\/wp\/v2\/media?parent=32425"}],"wp:term":[{"taxonomy":"category","embeddable":true,"href":"https:\/\/www.paudalho.pe.gov.br\/portal\/wp-json\/wp\/v2\/categories?post=32425"},{"taxonomy":"post_tag","embeddable":true,"href":"https:\/\/www.paudalho.pe.gov.br\/portal\/wp-json\/wp\/v2\/tags?post=32425"}],"curies":[{"name":"wp","href":"https:\/\/api.w.org\/{rel}","templated":true}]}}